{"id":19151,"date":"2025-03-18T11:10:27","date_gmt":"2025-03-18T15:10:27","guid":{"rendered":"https:\/\/noticiasveraces.com\/?p=19151"},"modified":"2025-03-18T11:10:27","modified_gmt":"2025-03-18T15:10:27","slug":"la-amistad-en-las-redes-sociales-puede-convertirse-en-un-trabajo-a-tiempo-completo-para-los-adolescentes-tecnologia","status":"publish","type":"post","link":"https:\/\/noticiasveraces.com\/?p=19151","title":{"rendered":"La amistad en las redes sociales puede convertirse en un trabajo \u2018a tiempo completo\u2019 para los adolescentes | Tecnolog\u00eda"},"content":{"rendered":"<p> \n<br \/><img decoding=\"async\" src=\"https:\/\/imagenes.elpais.com\/resizer\/v2\/6YBGHICBTJEAPJ2HOBYEBMSMKQ.jpg?auth=819fe5c95a4229ddd23daf07efee2affa4670846cd93fb0cd11469a82632ee11\" \/><\/p>\n<div data-dtm-region=\"articulo_cuerpo\">\n<p class=\"\">Las redes sociales se han transformado en un lugar de entretenimiento, pero tambi\u00e9n de reuni\u00f3n para millones de adolescentes en el mundo. La mayor\u00eda de los j\u00f3venes tiene al menos una cuenta en plataformas como TikTok o Instagram, lo que hace que muchos cultiven y mantengan amistades en l\u00ednea. Este tipo de lazos son cruciales en este periodo, ya que existe un cambio de figuras de referencia de los padres hacia los pares. A la larga, sin embargo, el uso constante de estas plataformas como mediadores en la interacci\u00f3n aumenta el riesgo de que los chicos y chicas padezcan estr\u00e9s digital, ya que estas plataformas los obligan a estar disponibles de manera constante con sus compa\u00f1eros.<\/p>\n<p class=\"\">Un nuevo estudio publicado hoy martes en la revista <i>Fronteras en salud digital<\/i> detect\u00f3 que los sentimientos de tristeza, enfado o frustraci\u00f3n pueden surgir cuando los adolescentes descubren que sus cercanos no est\u00e1n disponibles, lo que puede fomentar los conflictos y malos entendidos. La autora principal e investigadora de la Universidad de Padua (Italia), Federica Angelini junto a sus colegas realizaron una encuesta a m\u00e1s 1.185 adolescentes italianos entre 13 y 18 a\u00f1os a trav\u00e9s de subescalas que midieron el grado de conflicto y el comportamiento frente al rechazo en dos fases con seis meses de diferencia.<\/p>\n<aside class=\"a_ei\">\n<header class=\"a_ei_h _db\">M\u00e1s informaci\u00f3n<\/header>\n<\/aside>\n<p class=\"\">\u201cLa decepci\u00f3n por las expectativas no satisfechas en las redes sociales es un predictor m\u00e1s fuerte de los conflictos de amistad que la presi\u00f3n de estar constantemente disponible\u201d, explica Angelini en un comunicado. As\u00ed, el sentimiento de pesar causado por un desenga\u00f1o se convirti\u00f3 en el aspecto que tiene m\u00e1s probabilidades de provocar peleas entre los j\u00f3venes.<\/p>\n<p class=\"\">Los investigadores descubrieron que las im\u00e1genes y los v\u00eddeos publicados en las plataformas sociales pueden desempe\u00f1ar un papel especialmente importante en la forma en que el uso de las redes sociales puede provocar peleas. Para Jes\u00fas Conde, catedr\u00e1tico de la Facultad de Ciencias de la Educaci\u00f3n en la Universidad de Sevilla, en la adolescencia la aceptaci\u00f3n social es clave para el desarrollo de las personas.<\/p>\n<p class=\"\">\u201cEl uso de las redes sociales como elemento mediador entre los adolescentes ha hecho que se trasladen a estos escenarios digitales aspectos vinculados a esta b\u00fasqueda de aceptaci\u00f3n. Esto ha posibilitado que se potencien algunos aspectos negativos\u201d, a\u00f1ade este experto que no particip\u00f3 del estudio.<\/p>\n<p class=\"\">Los efectos del uso de las redes sociales y el estr\u00e9s digital durante la adolescencia, sin embargo, no se han investigado con profundidad. Un an\u00e1lisis anterior de<i> Comunicaciones de la naturaleza<\/i> alert\u00f3 en 2022 que los adolescentes que m\u00e1s utilizan las redes, son los m\u00e1s vulnerables a sus consecuencias negativas y los que m\u00e1s riesgo corren de perder bienestar social y satisfacci\u00f3n vital. Otro estudio de <i>Journal of Adolescent Health<\/i> encontr\u00f3 una asociaci\u00f3n entre el estr\u00e9s digital de los adolescentes y los s\u00edntomas depresivos. Estos an\u00e1lisis se ha centrado espec\u00edficamente en los conflictos entre amigos en las redes sociales a trav\u00e9s del tiempo.<\/p>\n<p class=\"\">Por otro lado, el estudio se\u00f1ala que si los adolescentes perciben que sus amigos est\u00e1n activos en l\u00ednea o pasan tiempo con otras personas mientras ignoran sus mensajes, pueden sentirse excluidos o incluso celosos. \u201cEsta mayor conciencia puede intensificar las emociones negativas y contribuir a la tensi\u00f3n en las amistades\u201d, agrega la experta. Los cient\u00edficos sostienen que si bien las mujeres pueden tener mayores expectativas de disponibilidad, la din\u00e1mica relacional entre los varones se caracteriza por \u201cuna mayor aceptaci\u00f3n a mantener un estilo de comunicaci\u00f3n m\u00e1s asincr\u00f3nico, permitiendo respuestas retrasadas\u201d.<\/p>\n<p class=\"\">\u201cToca seguir investigando sobre el fen\u00f3meno y paralelamente desde la educaci\u00f3n hay que formar a los adolescentes para un uso de las redes sociales m\u00e1s sano y positivo\u201d, opina Conde.<\/p>\n<h3 class=\"\">\u00bfC\u00f3mo evitar el estr\u00e9s digital?<\/h3>\n<p class=\"\">Los j\u00f3venes est\u00e1n conectados porque Instagram, TikTok, YouTube o X se han convertido en el espacio crucial y por qu\u00e9 no decirlo, de moda. Identificar los factores estresantes clave, por ejemplo, el contenido visual y las expectativas de disponibilidad, y comprender la din\u00e1mica de las interacciones en l\u00ednea entre amigos puede ayudar a los educadores, padres y tutores legales a desarrollar h\u00e1bitos m\u00e1s saludables.<\/p>\n<p class=\"\">Uno de esos h\u00e1bitos para los adolescentes podr\u00eda ser establecer l\u00edmites, por ejemplo, programar horarios sin conexi\u00f3n o administrar las notificaciones. Cuando se hace en una conversaci\u00f3n con amigos, sostienen los autores del an\u00e1lisis, esto tambi\u00e9n puede ayudar a reducir los malentendidos.<\/p>\n<\/div>\n\n","protected":false},"excerpt":{"rendered":"<p>Las redes sociales se han transformado en un lugar de entretenimiento, pero tambi\u00e9n de reuni\u00f3n para millones de adolescentes en el mundo. La mayor\u00eda de los j\u00f3venes tiene al menos una cuenta en plataformas como TikTok o Instagram, lo que hace que muchos cultiven y mantengan amistades en l\u00ednea. Este tipo de lazos son cruciales &hellip;<\/p>\n","protected":false},"author":1,"featured_media":19161,"comment_status":"open","ping_status":"open","sticky":false,"template":"","format":"standard","meta":{"fifu_image_url":"https:\/\/imagenes.elpais.com\/resizer\/v2\/6YBGHICBTJEAPJ2HOBYEBMSMKQ.jpg?auth=819fe5c95a4229ddd23daf07efee2affa4670846cd93fb0cd11469a82632ee11&width=1200","fifu_image_alt":"","footnotes":""},"categories":[2],"tags":[],"class_list":["post-19151","post","type-post","status-publish","format-standard","has-post-thumbnail","","category-tecnologia"],"_links":{"self":[{"href":"https:\/\/noticiasveraces.com\/index.php?rest_route=\/wp\/v2\/posts\/19151","targetHints":{"allow":["GET"]}}],"collection":[{"href":"https:\/\/noticiasveraces.com\/index.php?rest_route=\/wp\/v2\/posts"}],"about":[{"href":"https:\/\/noticiasveraces.com\/index.php?rest_route=\/wp\/v2\/types\/post"}],"author":[{"embeddable":true,"href":"https:\/\/noticiasveraces.com\/index.php?rest_route=\/wp\/v2\/users\/1"}],"replies":[{"embeddable":true,"href":"https:\/\/noticiasveraces.com\/index.php?rest_route=%2Fwp%2Fv2%2Fcomments&post=19151"}],"version-history":[{"count":0,"href":"https:\/\/noticiasveraces.com\/index.php?rest_route=\/wp\/v2\/posts\/19151\/revisions"}],"wp:featuredmedia":[{"embeddable":true,"href":"https:\/\/noticiasveraces.com\/index.php?rest_route=\/wp\/v2\/media\/19161"}],"wp:attachment":[{"href":"https:\/\/noticiasveraces.com\/index.php?rest_route=%2Fwp%2Fv2%2Fmedia&parent=19151"}],"wp:term":[{"taxonomy":"category","embeddable":true,"href":"https:\/\/noticiasveraces.com\/index.php?rest_route=%2Fwp%2Fv2%2Fcategories&post=19151"},{"taxonomy":"post_tag","embeddable":true,"href":"https:\/\/noticiasveraces.com\/index.php?rest_route=%2Fwp%2Fv2%2Ftags&post=19151"}],"curies":[{"name":"wp","href":"https:\/\/api.w.org\/{rel}","templated":true}]}}