{"id":19141,"date":"2025-03-18T11:03:16","date_gmt":"2025-03-18T15:03:16","guid":{"rendered":"https:\/\/noticiasveraces.com\/?p=19141"},"modified":"2025-03-18T11:03:16","modified_gmt":"2025-03-18T15:03:16","slug":"marc-casado-dos-meses-de-baja-por-una-rotura-parcial-en-su-rodilla-derecha","status":"publish","type":"post","link":"https:\/\/noticiasveraces.com\/?p=19141","title":{"rendered":"Marc Casad\u00f3, dos meses de baja por una rotura parcial en su rodilla derecha"},"content":{"rendered":"<p> \n<\/p>\n<div id=\"intext\">\n<p>Malas noticias para el <b>FC Barcelona<\/b> tras confirmarse que <b>Marc Casad\u00f3<\/b> estar\u00e1 cerca de dos semanas de baja por una <b>rotura parcial del ligamento lateral externo de la rodilla derecha<\/b>seg\u00fan ha confirmado el club azulgrana.<\/p>\n<p>\u00abEsta ma\u00f1ana se han realizado m\u00e1s pruebas al jugador del primer equipo Marc Casad\u00f3 y se ha confirmado que sufre una rotura parcial del ligamento lateral externo de la rodilla derecha. El jugador seguir\u00e1 un tratamiento conservador y el tiempo aproximado de baja es de alrededor de dos meses\u00bb, informa el Barcelona.<\/p>\n<p>Pese a que el centrocampista casi dice adi\u00f3s a lo que resta de temporada, Casad\u00f3 ha evitado la rotura total del ligamento lateral externo de su rodilla derecha, por lo que no tendr\u00e1 que pasar por el quir\u00f3fano.<\/p>\n<p>El jugador de 21 a\u00f1os, natural de San Pedro de Vilamajor, se lesion\u00f3 el pasado domingo en el Metropolitano, durante <b>el duelo ante el Atl\u00e9tico de Madrid<\/b> (2-4). Este mismo lunes se comunic\u00f3 <b>su baja<\/b> para los dos partidos de la selecci\u00f3n espa\u00f1ola de f\u00fatbol ante Pa\u00edses Bajos en la Nations League.<\/p>\n<p><i>S\u00edguenos en nuestro canal de WhatsApp y no te pierdas la \u00faltima hora y toda la actualidad de antena3noticias.com<\/i><\/p>\n<div class=\"recirculation-video\" data-mod=\"a3mod_recirculation_video\">\n<div class=\"recirculation-video-wrapper\">\n<div>\n<div class=\"video-wrapper\">\n  <picture class=\"video-main-picture\"><source media=\"(min-width: 481px)\" srcset=\"https:\/\/fotografias.antena3.com\/clipping\/cmsimages01\/2025\/03\/14\/F7C239BC-0593-4CE3-8C05-D0E95C656C59\/cueva-inundada-mas-profunda-espana_94.jpg?crop=1920,1080,x0,y0&amp;width=800&amp;height=450&amp;optimize=medium&amp;format=webply\" width=\"800\" height=\"450\"><source media=\"(min-width: 391px) and (max-width: 480px)\" srcset=\"https:\/\/fotografias.antena3.com\/clipping\/cmsimages01\/2025\/03\/14\/F7C239BC-0593-4CE3-8C05-D0E95C656C59\/cueva-inundada-mas-profunda-espana_70.jpg?crop=1920,1080,x0,y0&amp;width=480&amp;height=270&amp;optimize=high&amp;format=webply\" width=\"480\" height=\"270\"><source media=\"(min-width: 321px) and (max-width: 390px)\" srcset=\"https:\/\/fotografias.antena3.com\/clipping\/cmsimages01\/2025\/03\/14\/F7C239BC-0593-4CE3-8C05-D0E95C656C59\/cueva-inundada-mas-profunda-espana_92.jpg?crop=1920,1078,x0,y1&amp;width=390&amp;height=219&amp;optimize=high&amp;format=webply\" width=\"390\" height=\"219\"><source media=\"(max-width: 320px)\" srcset=\"https:\/\/fotografias.antena3.com\/clipping\/cmsimages01\/2025\/03\/14\/F7C239BC-0593-4CE3-8C05-D0E95C656C59\/cueva-inundada-mas-profunda-espana_52.jpg?crop=1920,1080,x0,y0&amp;width=320&amp;height=180&amp;optimize=high&amp;format=webply\" width=\"320\" height=\"180\"><img decoding=\"async\" title=\"La cueva inundada m\u00e1s profunda de Espa\u00f1a\" alt=\"La cueva inundada m\u00e1s profunda de Espa\u00f1a\" width=\"480\" height=\"270\" src=\"https:\/\/fotografias.antena3.com\/clipping\/cmsimages01\/2025\/03\/14\/F7C239BC-0593-4CE3-8C05-D0E95C656C59\/cueva-inundada-mas-profunda-espana_70.jpg?crop=1920,1080,x0,y0&amp;width=480&amp;height=270&amp;optimize=high&amp;format=webply\" loading=\"lazy\" class=\"lazy\"\/><br \/>\n  <\/source><\/source><\/source><\/source><\/picture>\n <\/div>\n<\/div><\/div>\n<\/p><\/div>\n<\/div>\n\n","protected":false},"excerpt":{"rendered":"<p>Malas noticias para el FC Barcelona tras confirmarse que Marc Casad\u00f3 estar\u00e1 cerca de dos semanas de baja por una rotura parcial del ligamento lateral externo de la rodilla derechaseg\u00fan ha confirmado el club azulgrana. \u00abEsta ma\u00f1ana se han realizado m\u00e1s pruebas al jugador del primer equipo Marc Casad\u00f3 y se ha confirmado que sufre &hellip;<\/p>\n","protected":false},"author":1,"featured_media":19143,"comment_status":"open","ping_status":"open","sticky":false,"template":"","format":"standard","meta":{"fifu_image_url":"https:\/\/fotografias.antena3.com\/clipping\/cmsimages01\/2025\/03\/17\/F90799A0-4BFD-47AA-A767-5EDA91CB16B5\/marc-casado-duele-accion-atletico-madrid-metropolitano_69.jpg?crop=3313,1864,x0,y237&width=1280&height=720&optimize=low&format=jpg","fifu_image_alt":"","footnotes":""},"categories":[6],"tags":[],"class_list":["post-19141","post","type-post","status-publish","format-standard","has-post-thumbnail","","category-deportes"],"_links":{"self":[{"href":"https:\/\/noticiasveraces.com\/index.php?rest_route=\/wp\/v2\/posts\/19141","targetHints":{"allow":["GET"]}}],"collection":[{"href":"https:\/\/noticiasveraces.com\/index.php?rest_route=\/wp\/v2\/posts"}],"about":[{"href":"https:\/\/noticiasveraces.com\/index.php?rest_route=\/wp\/v2\/types\/post"}],"author":[{"embeddable":true,"href":"https:\/\/noticiasveraces.com\/index.php?rest_route=\/wp\/v2\/users\/1"}],"replies":[{"embeddable":true,"href":"https:\/\/noticiasveraces.com\/index.php?rest_route=%2Fwp%2Fv2%2Fcomments&post=19141"}],"version-history":[{"count":0,"href":"https:\/\/noticiasveraces.com\/index.php?rest_route=\/wp\/v2\/posts\/19141\/revisions"}],"wp:featuredmedia":[{"embeddable":true,"href":"https:\/\/noticiasveraces.com\/index.php?rest_route=\/wp\/v2\/media\/19143"}],"wp:attachment":[{"href":"https:\/\/noticiasveraces.com\/index.php?rest_route=%2Fwp%2Fv2%2Fmedia&parent=19141"}],"wp:term":[{"taxonomy":"category","embeddable":true,"href":"https:\/\/noticiasveraces.com\/index.php?rest_route=%2Fwp%2Fv2%2Fcategories&post=19141"},{"taxonomy":"post_tag","embeddable":true,"href":"https:\/\/noticiasveraces.com\/index.php?rest_route=%2Fwp%2Fv2%2Ftags&post=19141"}],"curies":[{"name":"wp","href":"https:\/\/api.w.org\/{rel}","templated":true}]}}