{"id":19130,"date":"2025-03-18T09:40:26","date_gmt":"2025-03-18T13:40:26","guid":{"rendered":"https:\/\/noticiasveraces.com\/?p=19130"},"modified":"2025-03-18T09:40:26","modified_gmt":"2025-03-18T13:40:26","slug":"zelenskyy-de-ucrania-reemplaza-a-los-altos-oficiales-militares-antes-de-la-reunion-de-trump-putin","status":"publish","type":"post","link":"https:\/\/noticiasveraces.com\/?p=19130","title":{"rendered":"Zelenskyy de Ucrania reemplaza a los altos oficiales militares antes de la reuni\u00f3n de Trump-Putin"},"content":{"rendered":"<p> \n<\/p>\n<div>\n<p class=\"speakable\">El presidente ucraniano, Volodymyr Zelenskyy, reemplaz\u00f3 al alto funcionario de su ej\u00e9rcito antes de una llamada el martes entre el presidente Donald Trump y el presidente ruso Vladimir Putin por terminar la guerra en Ucrania. <\/p>\n<p class=\"speakable\">Andrii Hnatov, a quien el ministro de Defensa de Ucrania, Rustem Umerov, dijo que tiene \u00abm\u00e1s de 27 a\u00f1os de experiencia militar\u00bb, fue nombrado nuevo jefe del personal general de las fuerzas armadas de Ucrania. Anatoliy Barhylevych, quien ha ocupado el cargo desde febrero de 2024, ahora servir\u00e1 como inspector general del Ministerio de Defensa de Ucrania. <\/p>\n<p>\u00abEstamos cambiando constantemente las fuerzas armadas para que las hagan a\u00fan m\u00e1s eficientes. Para hacer esto, estamos cambiando el sistema de gesti\u00f3n e implementando est\u00e1ndares claros\u00bb, dijo Umerov en un comunicado. <\/p>\n<p>\u00abAgradecido al teniente general Anatoliy Barhylevych por su servicio como jefe del personal general. En los momentos m\u00e1s dif\u00edciles, su experiencia y profesionalismo fueron importantes para la organizaci\u00f3n de la defensa de Ucrania\u00bb, agreg\u00f3 Umerov. \u00abLos cambios est\u00e1n en proceso. Fortalecer al ej\u00e9rcito para la victoria\u00bb. <\/p>\n<p><strong>Trump dice que hablar\u00e1 con Putin en llamado para impulsar la tregua en Ucrania<\/strong><strong> <\/strong><\/p>\n<div class=\"image-ct inline\">\n<div class=\"m\"><picture><source media=\"(max-width: 767px)\" srcset=\"https:\/\/a57.foxnews.com\/static.foxnews.com\/foxnews.com\/content\/uploads\/2025\/03\/343\/192\/trump-zelenskyy-putin.jpg?ve=1&amp;tl=1, https:\/\/a57.foxnews.com\/static.foxnews.com\/foxnews.com\/content\/uploads\/2025\/03\/686\/384\/trump-zelenskyy-putin.jpg?ve=1&amp;tl=1 2x\" height=\"192\" width=\"343\"><source media=\"(min-width: 768px) and (max-width: 1023px)\" srcset=\"https:\/\/a57.foxnews.com\/static.foxnews.com\/foxnews.com\/content\/uploads\/2025\/03\/672\/378\/trump-zelenskyy-putin.jpg?ve=1&amp;tl=1, https:\/\/a57.foxnews.com\/static.foxnews.com\/foxnews.com\/content\/uploads\/2025\/03\/1344\/756\/trump-zelenskyy-putin.jpg?ve=1&amp;tl=1 2x\" height=\"378\" width=\"672\"><source media=\"(min-width: 1024px) and (max-width: 1279px)\" srcset=\"https:\/\/a57.foxnews.com\/static.foxnews.com\/foxnews.com\/content\/uploads\/2025\/03\/931\/523\/trump-zelenskyy-putin.jpg?ve=1&amp;tl=1, https:\/\/a57.foxnews.com\/static.foxnews.com\/foxnews.com\/content\/uploads\/2025\/03\/1862\/1046\/trump-zelenskyy-putin.jpg?ve=1&amp;tl=1 2x\" height=\"523\" width=\"931\"><source media=\"(min-width: 1280px)\" srcset=\"https:\/\/a57.foxnews.com\/static.foxnews.com\/foxnews.com\/content\/uploads\/2025\/03\/720\/405\/trump-zelenskyy-putin.jpg?ve=1&amp;tl=1, https:\/\/a57.foxnews.com\/static.foxnews.com\/foxnews.com\/content\/uploads\/2025\/03\/1440\/810\/trump-zelenskyy-putin.jpg?ve=1&amp;tl=1 2x\" height=\"405\" width=\"720\"><img loading=\"lazy\" decoding=\"async\" src=\"https:\/\/a57.foxnews.com\/static.foxnews.com\/foxnews.com\/content\/uploads\/2025\/03\/1200\/675\/trump-zelenskyy-putin.jpg?ve=1&amp;tl=1\" alt=\"Trump, Zelenskyy y Putin\" width=\"1200\" height=\"675\"\/><\/source><\/source><\/source><\/source><\/picture><\/div>\n<div class=\"info\">\n<div class=\"caption\">\n<p><span>De izquierda a derecha, el presidente Donald Trump, el presidente ucraniano Volodymyr Zelenskyy y el presidente Vladimir Putin.<\/span> <span>(AP\/Aurelien Morissard\/Pavel Bednyakov)<\/span><\/p>\n<\/div>\n<\/div>\n<\/div>\n<p>El cambio de personal se produce cuando Trump y Putin hablar\u00e1n por tel\u00e9fono el martes sobre los puntos finales de un acuerdo para poner fin a la guerra en Ucrania. <\/p>\n<p>En una publicaci\u00f3n sobre su plataforma social de verdad, Trump dijo que muchos \u00abelementos de un acuerdo final\u00bb han sido acordados \u00abpero queda mucho\u00bb. <\/p>\n<p><strong>Qu\u00e9 esperar del llamado de Trump-Putin en la guerra de Ucrania<\/strong><strong> <\/strong><\/p>\n<div class=\"image-ct inline\">\n<div class=\"m\"><picture><source media=\"(max-width: 767px)\" srcset=\"https:\/\/a57.foxnews.com\/static.foxnews.com\/foxnews.com\/content\/uploads\/2025\/03\/343\/192\/anatoliy-barhylevych.jpg?ve=1&amp;tl=1, https:\/\/a57.foxnews.com\/static.foxnews.com\/foxnews.com\/content\/uploads\/2025\/03\/686\/384\/anatoliy-barhylevych.jpg?ve=1&amp;tl=1 2x\" height=\"192\" width=\"343\"><source media=\"(min-width: 768px) and (max-width: 1023px)\" srcset=\"https:\/\/a57.foxnews.com\/static.foxnews.com\/foxnews.com\/content\/uploads\/2025\/03\/672\/378\/anatoliy-barhylevych.jpg?ve=1&amp;tl=1, https:\/\/a57.foxnews.com\/static.foxnews.com\/foxnews.com\/content\/uploads\/2025\/03\/1344\/756\/anatoliy-barhylevych.jpg?ve=1&amp;tl=1 2x\" height=\"378\" width=\"672\"><source media=\"(min-width: 1024px) and (max-width: 1279px)\" srcset=\"https:\/\/a57.foxnews.com\/static.foxnews.com\/foxnews.com\/content\/uploads\/2025\/03\/931\/523\/anatoliy-barhylevych.jpg?ve=1&amp;tl=1, https:\/\/a57.foxnews.com\/static.foxnews.com\/foxnews.com\/content\/uploads\/2025\/03\/1862\/1046\/anatoliy-barhylevych.jpg?ve=1&amp;tl=1 2x\" height=\"523\" width=\"931\"><source media=\"(min-width: 1280px)\" srcset=\"https:\/\/a57.foxnews.com\/static.foxnews.com\/foxnews.com\/content\/uploads\/2025\/03\/720\/405\/anatoliy-barhylevych.jpg?ve=1&amp;tl=1, https:\/\/a57.foxnews.com\/static.foxnews.com\/foxnews.com\/content\/uploads\/2025\/03\/1440\/810\/anatoliy-barhylevych.jpg?ve=1&amp;tl=1 2x\" height=\"405\" width=\"720\"><img loading=\"lazy\" decoding=\"async\" src=\"https:\/\/a57.foxnews.com\/static.foxnews.com\/foxnews.com\/content\/uploads\/2025\/03\/1200\/675\/anatoliy-barhylevych.jpg?ve=1&amp;tl=1\" alt=\"Anatoliy Barhylevych en Kyiv, Ucrania\" width=\"1200\" height=\"675\"\/><\/source><\/source><\/source><\/source><\/picture><\/div>\n<div class=\"info\">\n<div class=\"caption\">\n<p><span>El jefe del personal general de las Fuerzas Armadas de Ucrania Anatoliy Barhylevych se ve el 18 de noviembre de 2024 en Kiev, Ucrania. Ahora servir\u00e1 como inspector general del Ministerio de Defensa de Ucrania.<\/span> <span>(Viktor Kovalchuk\/Global Images Ucrania a trav\u00e9s de Getty Images)<\/span><\/p>\n<\/div>\n<\/div>\n<\/div>\n<p>\u00abMiles de j\u00f3venes soldados y otros est\u00e1n siendo asesinados. Cada semana trae 2.500 muertes de soldados, de ambos lados, y debe terminar ahora\u00bb, escribi\u00f3 Trump. \u00abMiro mucho a la llamada con el presidente Putin\u00bb. <\/p>\n<p>En preparaci\u00f3n para la llamada de Trump-Putin, el enviado especial de la Casa Blanca, Steve Witkoff, se conoci\u00f3 la semana pasada con Putin en Mosc\u00fa para discutir la propuesta. El secretario de Estado, Marco Rubio, persuadi\u00f3 a los altos funcionarios ucranianos durante las conversaciones en Arabia Saudita para que aceptara el marco de alto el fuego. <\/p>\n<p>Trump dijo que Washington y Mosc\u00fa ya han comenzado a discutir \u00abdividir ciertos activos\u00bb entre Ucrania y Rusia como parte de un acuerdo para poner fin al conflicto. <\/p>\n<div class=\"image-ct inline\">\n<div class=\"m\"><picture><source media=\"(max-width: 767px)\" srcset=\"https:\/\/a57.foxnews.com\/static.foxnews.com\/foxnews.com\/content\/uploads\/2024\/12\/343\/192\/zelenskyy.jpg?ve=1&amp;tl=1, https:\/\/a57.foxnews.com\/static.foxnews.com\/foxnews.com\/content\/uploads\/2024\/12\/686\/384\/zelenskyy.jpg?ve=1&amp;tl=1 2x\" height=\"192\" width=\"343\"><source media=\"(min-width: 768px) and (max-width: 1023px)\" srcset=\"https:\/\/a57.foxnews.com\/static.foxnews.com\/foxnews.com\/content\/uploads\/2024\/12\/672\/378\/zelenskyy.jpg?ve=1&amp;tl=1, https:\/\/a57.foxnews.com\/static.foxnews.com\/foxnews.com\/content\/uploads\/2024\/12\/1344\/756\/zelenskyy.jpg?ve=1&amp;tl=1 2x\" height=\"378\" width=\"672\"><source media=\"(min-width: 1024px) and (max-width: 1279px)\" srcset=\"https:\/\/a57.foxnews.com\/static.foxnews.com\/foxnews.com\/content\/uploads\/2024\/12\/931\/523\/zelenskyy.jpg?ve=1&amp;tl=1, https:\/\/a57.foxnews.com\/static.foxnews.com\/foxnews.com\/content\/uploads\/2024\/12\/1862\/1046\/zelenskyy.jpg?ve=1&amp;tl=1 2x\" height=\"523\" width=\"931\"><source media=\"(min-width: 1280px)\" srcset=\"https:\/\/a57.foxnews.com\/static.foxnews.com\/foxnews.com\/content\/uploads\/2024\/12\/720\/405\/zelenskyy.jpg?ve=1&amp;tl=1, https:\/\/a57.foxnews.com\/static.foxnews.com\/foxnews.com\/content\/uploads\/2024\/12\/1440\/810\/zelenskyy.jpg?ve=1&amp;tl=1 2x\" height=\"405\" width=\"720\"><img loading=\"lazy\" decoding=\"async\" src=\"https:\/\/a57.foxnews.com\/static.foxnews.com\/foxnews.com\/content\/uploads\/2024\/12\/1200\/675\/zelenskyy.jpg?ve=1&amp;tl=1\" alt=\"Presidente ucraniano Volodymyr Zelenksyy\" width=\"1200\" height=\"675\"\/><\/source><\/source><\/source><\/source><\/picture><\/div>\n<div class=\"info\">\n<div class=\"caption\">\n<p><span>El presidente ucraniano, Volodymyr Zelenskyy, anunci\u00f3 el cambio de personal antes de una llamada telef\u00f3nica entre el presidente Donald Trump y el presidente de Russina, Vladimir Putin, el martes.<\/span> <span>(Pier Marco Tacca\/Getty Images)<\/span><\/p>\n<\/div>\n<\/div>\n<\/div>\n<p><strong>Haga clic aqu\u00ed para obtener la aplicaci\u00f3n Fox News<\/strong><strong> <\/strong><\/p>\n<p>\u00abEs una mala situaci\u00f3n en Rusia, y es una mala situaci\u00f3n en Ucrania\u00bb, dijo Trump a los periodistas el lunes. \u00abLo que est\u00e1 sucediendo en Ucrania no es bueno, pero vamos a ver si podemos hacer un acuerdo de paz, un alto el fuego y la paz. Y creo que podremos hacerlo\u00bb. <\/p>\n<p><i>Louis Casiano de Fox News y The Associated Press contribuyeron a este informe. <\/i><\/p>\n<p> <!----> <\/p>\n<div class=\"article-meta\">\n<div class=\"author-bio\">\n<p>Greg Norman es reportero de Fox News Digital.<\/p>\n<\/div>\n<\/div>\n<\/div>\n\n","protected":false},"excerpt":{"rendered":"<p>El presidente ucraniano, Volodymyr Zelenskyy, reemplaz\u00f3 al alto funcionario de su ej\u00e9rcito antes de una llamada el martes entre el presidente Donald Trump y el presidente ruso Vladimir Putin por terminar la guerra en Ucrania. Andrii Hnatov, a quien el ministro de Defensa de Ucrania, Rustem Umerov, dijo que tiene \u00abm\u00e1s de 27 a\u00f1os de &hellip;<\/p>\n","protected":false},"author":1,"featured_media":19132,"comment_status":"open","ping_status":"open","sticky":false,"template":"","format":"standard","meta":{"fifu_image_url":"https:\/\/static.foxnews.com\/foxnews.com\/content\/uploads\/2025\/03\/trump-zelenskyy-putin.jpg","fifu_image_alt":"","footnotes":""},"categories":[13],"tags":[],"class_list":["post-19130","post","type-post","status-publish","format-standard","has-post-thumbnail","","category-mundo"],"_links":{"self":[{"href":"https:\/\/noticiasveraces.com\/index.php?rest_route=\/wp\/v2\/posts\/19130","targetHints":{"allow":["GET"]}}],"collection":[{"href":"https:\/\/noticiasveraces.com\/index.php?rest_route=\/wp\/v2\/posts"}],"about":[{"href":"https:\/\/noticiasveraces.com\/index.php?rest_route=\/wp\/v2\/types\/post"}],"author":[{"embeddable":true,"href":"https:\/\/noticiasveraces.com\/index.php?rest_route=\/wp\/v2\/users\/1"}],"replies":[{"embeddable":true,"href":"https:\/\/noticiasveraces.com\/index.php?rest_route=%2Fwp%2Fv2%2Fcomments&post=19130"}],"version-history":[{"count":0,"href":"https:\/\/noticiasveraces.com\/index.php?rest_route=\/wp\/v2\/posts\/19130\/revisions"}],"wp:featuredmedia":[{"embeddable":true,"href":"https:\/\/noticiasveraces.com\/index.php?rest_route=\/wp\/v2\/media\/19132"}],"wp:attachment":[{"href":"https:\/\/noticiasveraces.com\/index.php?rest_route=%2Fwp%2Fv2%2Fmedia&parent=19130"}],"wp:term":[{"taxonomy":"category","embeddable":true,"href":"https:\/\/noticiasveraces.com\/index.php?rest_route=%2Fwp%2Fv2%2Fcategories&post=19130"},{"taxonomy":"post_tag","embeddable":true,"href":"https:\/\/noticiasveraces.com\/index.php?rest_route=%2Fwp%2Fv2%2Ftags&post=19130"}],"curies":[{"name":"wp","href":"https:\/\/api.w.org\/{rel}","templated":true}]}}