{"id":19122,"date":"2025-03-18T08:40:02","date_gmt":"2025-03-18T12:40:02","guid":{"rendered":"https:\/\/noticiasveraces.com\/?p=19122"},"modified":"2025-03-18T08:40:02","modified_gmt":"2025-03-18T12:40:02","slug":"hamas-advierte-a-los-ataques-aereos-israelies-son-sentencia-de-muerte-para-rehenes","status":"publish","type":"post","link":"https:\/\/noticiasveraces.com\/?p=19122","title":{"rendered":"Hamas advierte a los ataques a\u00e9reos israel\u00edes son &#8216;sentencia de muerte&#8217; para rehenes"},"content":{"rendered":"<p> \n<\/p>\n<div>\n<p class=\"speakable\">Un alto funcionario de Hamas advierte que la decisi\u00f3n de Israel de reanudar la guerra contra el grupo terrorista despu\u00e9s de que las conversaciones de alto el fuego estancadas es una \u00absentencia de muerte\u00bb para los rehenes restantes, seg\u00fan Associated Press.<\/p>\n<p class=\"speakable\">Eso podr\u00eda incluir al \u00faltimo reh\u00e9n estadounidense vivo, Edan Alexander, quien naci\u00f3 en Tel Aviv y criado en Nueva Jersey. Un grupo de miembros de la familia reh\u00e9n expres\u00f3 su indignaci\u00f3n por la decisi\u00f3n de Israel.<\/p>\n<p>Los rehenes y el foro de familias desaparecidas dijeron que Israel \u00abeligi\u00f3 renunciar a los rehenes\u00bb reanudando la guerra. La organizaci\u00f3n pidi\u00f3 protestas el martes despu\u00e9s de los ataques a\u00e9reos, diciendo que \u00abla presi\u00f3n militar podr\u00eda poner en peligro a\u00fan m\u00e1s sus vidas y complicar los esfuerzos para llevarlos a casa de manera segura\u00bb.<\/p>\n<p>Todav\u00eda hay 59 rehenes en Gaza, pero Israel cree que solo 24 de los que permanecen est\u00e1n vivos. El alto el fuego estaba destinado a llevarse a cabo en dos fases. Sin embargo, las conversaciones en la Fase Dos, lo que habr\u00eda significado el fin de la guerra y la liberaci\u00f3n de los rehenes restantes, se han estancado.<\/p>\n<p><strong>El alto el fuego se ataca mientras Israel ataca a Gaza despu\u00e9s de que Hamas se neg\u00f3 a liberar rehenes, dicen las autoridades<\/strong><\/p>\n<div class=\"image-ct inline\">\n<div class=\"m\"><picture><source media=\"(max-width: 767px)\" srcset=\"https:\/\/a57.foxnews.com\/static.foxnews.com\/foxnews.com\/content\/uploads\/2025\/03\/343\/192\/palestinian-airstrikes-march-2025.jpg?ve=1&amp;tl=1, https:\/\/a57.foxnews.com\/static.foxnews.com\/foxnews.com\/content\/uploads\/2025\/03\/686\/384\/palestinian-airstrikes-march-2025.jpg?ve=1&amp;tl=1 2x\" height=\"192\" width=\"343\"><source media=\"(min-width: 768px) and (max-width: 1023px)\" srcset=\"https:\/\/a57.foxnews.com\/static.foxnews.com\/foxnews.com\/content\/uploads\/2025\/03\/672\/378\/palestinian-airstrikes-march-2025.jpg?ve=1&amp;tl=1, https:\/\/a57.foxnews.com\/static.foxnews.com\/foxnews.com\/content\/uploads\/2025\/03\/1344\/756\/palestinian-airstrikes-march-2025.jpg?ve=1&amp;tl=1 2x\" height=\"378\" width=\"672\"><source media=\"(min-width: 1024px) and (max-width: 1279px)\" srcset=\"https:\/\/a57.foxnews.com\/static.foxnews.com\/foxnews.com\/content\/uploads\/2025\/03\/931\/523\/palestinian-airstrikes-march-2025.jpg?ve=1&amp;tl=1, https:\/\/a57.foxnews.com\/static.foxnews.com\/foxnews.com\/content\/uploads\/2025\/03\/1862\/1046\/palestinian-airstrikes-march-2025.jpg?ve=1&amp;tl=1 2x\" height=\"523\" width=\"931\"><source media=\"(min-width: 1280px)\" srcset=\"https:\/\/a57.foxnews.com\/static.foxnews.com\/foxnews.com\/content\/uploads\/2025\/03\/720\/405\/palestinian-airstrikes-march-2025.jpg?ve=1&amp;tl=1, https:\/\/a57.foxnews.com\/static.foxnews.com\/foxnews.com\/content\/uploads\/2025\/03\/1440\/810\/palestinian-airstrikes-march-2025.jpg?ve=1&amp;tl=1 2x\" height=\"405\" width=\"720\"><img loading=\"lazy\" decoding=\"async\" src=\"https:\/\/a57.foxnews.com\/static.foxnews.com\/foxnews.com\/content\/uploads\/2025\/03\/1200\/675\/palestinian-airstrikes-march-2025.jpg?ve=1&amp;tl=1\" alt=\"Da\u00f1os en la encuesta de palestinos despu\u00e9s de ataques a\u00e9reos israel\u00edes\" width=\"1200\" height=\"675\"\/><\/source><\/source><\/source><\/source><\/picture><\/div>\n<div class=\"info\">\n<div class=\"caption\">\n<p><span>Los palestinos inspeccionan el sitio de una huelga israel\u00ed en un edificio residencial en Deir al-Balah en la Franja Central de Gaza el 18 de marzo de 2025.<\/span> <span>(Reuters\/Ramadan Abed)<\/span><\/p>\n<\/div>\n<\/div>\n<\/div>\n<p>Los ataques a\u00e9reos israel\u00edes dejaron a m\u00e1s de 400 palestinos, incluidos mujeres y ni\u00f1os, muertos, seg\u00fan el Ministerio de Salud de Gaza dirigido por Hamas. Fox News no puede confirmar de forma independiente el n\u00famero de muertos por el ministerio controlado por una organizaci\u00f3n terrorista.<\/p>\n<p>\u00abLa sala de emergencias era solo caos, pacientes en todas partes, en el piso\u00bb, dijo a la AP la Dra. Tanya Haj Hassan, voluntaria de Ayuda M\u00e9dica para Palestinos con sede en el Hospital Nasser. Aparentemente trat\u00f3 a varios pacientes que murieron en la sala de emergencias.<\/p>\n<p>Esto marca el final de un alto el fuego de casi dos meses, que vio el lanzamiento de m\u00faltiples rehenes. Las Fuerzas de Defensa de Israel (FDI) anunciaron en Twitter que el estado jud\u00edo estaba llevando a cabo \u00abextensas huelgas en objetivos terroristas\u00bb en Gaza.<\/p>\n<div class=\"image-ct inline\">\n<div class=\"m\"><picture><source media=\"(max-width: 767px)\" srcset=\"https:\/\/a57.foxnews.com\/static.foxnews.com\/foxnews.com\/content\/uploads\/2025\/03\/343\/192\/netanyahu-march-2025.jpg?ve=1&amp;tl=1, https:\/\/a57.foxnews.com\/static.foxnews.com\/foxnews.com\/content\/uploads\/2025\/03\/686\/384\/netanyahu-march-2025.jpg?ve=1&amp;tl=1 2x\" height=\"192\" width=\"343\"><source media=\"(min-width: 768px) and (max-width: 1023px)\" srcset=\"https:\/\/a57.foxnews.com\/static.foxnews.com\/foxnews.com\/content\/uploads\/2025\/03\/672\/378\/netanyahu-march-2025.jpg?ve=1&amp;tl=1, https:\/\/a57.foxnews.com\/static.foxnews.com\/foxnews.com\/content\/uploads\/2025\/03\/1344\/756\/netanyahu-march-2025.jpg?ve=1&amp;tl=1 2x\" height=\"378\" width=\"672\"><source media=\"(min-width: 1024px) and (max-width: 1279px)\" srcset=\"https:\/\/a57.foxnews.com\/static.foxnews.com\/foxnews.com\/content\/uploads\/2025\/03\/931\/523\/netanyahu-march-2025.jpg?ve=1&amp;tl=1, https:\/\/a57.foxnews.com\/static.foxnews.com\/foxnews.com\/content\/uploads\/2025\/03\/1862\/1046\/netanyahu-march-2025.jpg?ve=1&amp;tl=1 2x\" height=\"523\" width=\"931\"><source media=\"(min-width: 1280px)\" srcset=\"https:\/\/a57.foxnews.com\/static.foxnews.com\/foxnews.com\/content\/uploads\/2025\/03\/720\/405\/netanyahu-march-2025.jpg?ve=1&amp;tl=1, https:\/\/a57.foxnews.com\/static.foxnews.com\/foxnews.com\/content\/uploads\/2025\/03\/1440\/810\/netanyahu-march-2025.jpg?ve=1&amp;tl=1 2x\" height=\"405\" width=\"720\"><img loading=\"lazy\" decoding=\"async\" src=\"https:\/\/a57.foxnews.com\/static.foxnews.com\/foxnews.com\/content\/uploads\/2025\/03\/1200\/675\/netanyahu-march-2025.jpg?ve=1&amp;tl=1\" alt=\"Netanyahu posee una evaluaci\u00f3n de seguridad\" width=\"1200\" height=\"675\"\/><\/source><\/source><\/source><\/source><\/picture><\/div>\n<div class=\"info\">\n<div class=\"caption\">\n<p><span>El primer ministro israel\u00ed Benjamin Netanyahu, el centro, con el ministro de Defensa, Israel Katz, el jefe de IDF, Eyal Zamir y otros funcionarios de seguridad, realizan una evaluaci\u00f3n de seguridad en Kirya en Tel Aviv.<\/span> <!----><\/p>\n<\/div>\n<\/div>\n<\/div>\n<p>La FDI dijo el martes que sus objetivos pertenec\u00edan tanto a Hamas como a la Jihad isl\u00e1mica palestina, e incluyeron puestos de lanzamiento, reservas de armas e infraestructura militar.<\/p>\n<p>Seg\u00fan los informes, Egipto pidi\u00f3 a todas las partes que muestren moderaci\u00f3n y trabajo hacia un alto el fuego a largo plazo, seg\u00fan Reuters.<\/p>\n<p><strong>Hamas dice que los rehenes estadounidenses-israel\u00ed solo ser\u00e1n liberados si se implementa el alto el fuego<\/strong><\/p>\n<p>El primer ministro israel\u00ed, Benjamin Netanyahu, se reuni\u00f3 con funcionarios de seguridad en Kirya, la versi\u00f3n del Pent\u00e1gono de Israel, el martes despu\u00e9s de los ataques a\u00e9reos. <\/p>\n<p>\u00abIsrael actuar\u00e1, de ahora en adelante, contra Hamas con el aumento de la fuerza militar\u00bb, seg\u00fan la oficina de Netanyahu escribi\u00f3 en una serie de publicaciones en X cuando comenzaron los ataques a\u00e9reos.<\/p>\n<div class=\"image-ct inline\">\n<div class=\"m\"><picture><source media=\"(max-width: 767px)\" srcset=\"https:\/\/a57.foxnews.com\/static.foxnews.com\/foxnews.com\/content\/uploads\/2025\/03\/343\/192\/airstrikes-gazza.jpg?ve=1&amp;tl=1, https:\/\/a57.foxnews.com\/static.foxnews.com\/foxnews.com\/content\/uploads\/2025\/03\/686\/384\/airstrikes-gazza.jpg?ve=1&amp;tl=1 2x\" height=\"192\" width=\"343\"><source media=\"(min-width: 768px) and (max-width: 1023px)\" srcset=\"https:\/\/a57.foxnews.com\/static.foxnews.com\/foxnews.com\/content\/uploads\/2025\/03\/672\/378\/airstrikes-gazza.jpg?ve=1&amp;tl=1, https:\/\/a57.foxnews.com\/static.foxnews.com\/foxnews.com\/content\/uploads\/2025\/03\/1344\/756\/airstrikes-gazza.jpg?ve=1&amp;tl=1 2x\" height=\"378\" width=\"672\"><source media=\"(min-width: 1024px) and (max-width: 1279px)\" srcset=\"https:\/\/a57.foxnews.com\/static.foxnews.com\/foxnews.com\/content\/uploads\/2025\/03\/931\/523\/airstrikes-gazza.jpg?ve=1&amp;tl=1, https:\/\/a57.foxnews.com\/static.foxnews.com\/foxnews.com\/content\/uploads\/2025\/03\/1862\/1046\/airstrikes-gazza.jpg?ve=1&amp;tl=1 2x\" height=\"523\" width=\"931\"><source media=\"(min-width: 1280px)\" srcset=\"https:\/\/a57.foxnews.com\/static.foxnews.com\/foxnews.com\/content\/uploads\/2025\/03\/720\/405\/airstrikes-gazza.jpg?ve=1&amp;tl=1, https:\/\/a57.foxnews.com\/static.foxnews.com\/foxnews.com\/content\/uploads\/2025\/03\/1440\/810\/airstrikes-gazza.jpg?ve=1&amp;tl=1 2x\" height=\"405\" width=\"720\"><img loading=\"lazy\" decoding=\"async\" src=\"https:\/\/a57.foxnews.com\/static.foxnews.com\/foxnews.com\/content\/uploads\/2025\/03\/1200\/675\/airstrikes-gazza.jpg?ve=1&amp;tl=1\" alt=\"Escombros en Gaza despu\u00e9s de ataques a\u00e9reos israel\u00edes\" width=\"1200\" height=\"675\"\/><\/source><\/source><\/source><\/source><\/picture><\/div>\n<div class=\"info\">\n<div class=\"caption\">\n<p><span>Un ni\u00f1o se sienta en medio de los escombros mientras los palestinos inspeccionan el sitio de una huelga israel\u00ed en una casa en Khan Younis en la Franja del Sur de Gaza el 18 de marzo de 2025.<\/span> <span>(Reuters\/Hatem Khaled)<\/span><\/p>\n<\/div>\n<\/div>\n<\/div>\n<p><strong><u>Haga clic aqu\u00ed para obtener la aplicaci\u00f3n Fox News<\/u><\/strong><\/p>\n<p>Israel orden\u00f3 a los palestinos que evacuaran el este de Gaza, lo que indica que las FDI podr\u00edan reanudar sus operaciones terrestres en la tira, seg\u00fan Associated Press.<\/p>\n<p>La Oficina del Alto Comisionado de las Naciones Unidas para los Derechos Humanos Volker Turk calific\u00f3 a los ataques a\u00e9reos \u00abhorribles\u00bb, diciendo \u00abEsta pesadilla debe terminar de inmediato\u00bb.<\/p>\n<p>\u00abEs hora de que los pa\u00edses del mundo tomen en serio nuestro compromiso inquebrantable de devolver a todos nuestros rehenes a casa y derrotar al enemigo\u00bb, dijo el embajador de la ONU israel\u00ed, Danny Danon, en un comunicado. \u00abPerm\u00edtanme ser claro: nada nos impedir\u00e1 luchar para liberar a nuestros rehenes que han sido retenidos en el brutal cautiverio de Hamas durante 527 d\u00edas\u00bb.<\/p>\n<p><i>Trey Yingst, Louis Casiano, Landon Mion y The Associated Press contribuyeron a este informe.<\/i><\/p>\n<p> <!----> <\/p>\n<div class=\"article-meta\">\n<div class=\"author-bio\">\n<p>Rachel Wolf es una escritora de noticias de Fox News Digital y Fox Business.<\/p>\n<\/div>\n<\/div>\n<\/div>\n\n","protected":false},"excerpt":{"rendered":"<p>Un alto funcionario de Hamas advierte que la decisi\u00f3n de Israel de reanudar la guerra contra el grupo terrorista despu\u00e9s de que las conversaciones de alto el fuego estancadas es una \u00absentencia de muerte\u00bb para los rehenes restantes, seg\u00fan Associated Press. Eso podr\u00eda incluir al \u00faltimo reh\u00e9n estadounidense vivo, Edan Alexander, quien naci\u00f3 en Tel &hellip;<\/p>\n","protected":false},"author":1,"featured_media":19124,"comment_status":"open","ping_status":"open","sticky":false,"template":"","format":"standard","meta":{"fifu_image_url":"https:\/\/static.foxnews.com\/foxnews.com\/content\/uploads\/2025\/03\/airstrikes-gazza.jpg","fifu_image_alt":"","footnotes":""},"categories":[13],"tags":[],"class_list":["post-19122","post","type-post","status-publish","format-standard","has-post-thumbnail","","category-mundo"],"_links":{"self":[{"href":"https:\/\/noticiasveraces.com\/index.php?rest_route=\/wp\/v2\/posts\/19122","targetHints":{"allow":["GET"]}}],"collection":[{"href":"https:\/\/noticiasveraces.com\/index.php?rest_route=\/wp\/v2\/posts"}],"about":[{"href":"https:\/\/noticiasveraces.com\/index.php?rest_route=\/wp\/v2\/types\/post"}],"author":[{"embeddable":true,"href":"https:\/\/noticiasveraces.com\/index.php?rest_route=\/wp\/v2\/users\/1"}],"replies":[{"embeddable":true,"href":"https:\/\/noticiasveraces.com\/index.php?rest_route=%2Fwp%2Fv2%2Fcomments&post=19122"}],"version-history":[{"count":0,"href":"https:\/\/noticiasveraces.com\/index.php?rest_route=\/wp\/v2\/posts\/19122\/revisions"}],"wp:featuredmedia":[{"embeddable":true,"href":"https:\/\/noticiasveraces.com\/index.php?rest_route=\/wp\/v2\/media\/19124"}],"wp:attachment":[{"href":"https:\/\/noticiasveraces.com\/index.php?rest_route=%2Fwp%2Fv2%2Fmedia&parent=19122"}],"wp:term":[{"taxonomy":"category","embeddable":true,"href":"https:\/\/noticiasveraces.com\/index.php?rest_route=%2Fwp%2Fv2%2Fcategories&post=19122"},{"taxonomy":"post_tag","embeddable":true,"href":"https:\/\/noticiasveraces.com\/index.php?rest_route=%2Fwp%2Fv2%2Ftags&post=19122"}],"curies":[{"name":"wp","href":"https:\/\/api.w.org\/{rel}","templated":true}]}}