{"id":19109,"date":"2025-03-18T06:38:00","date_gmt":"2025-03-18T10:38:00","guid":{"rendered":"https:\/\/noticiasveraces.com\/?p=19109"},"modified":"2025-03-18T06:38:00","modified_gmt":"2025-03-18T10:38:00","slug":"rey-carlos-iii-para-conocer-al-papa-francisco-durante-la-visita-al-vaticano-el-proximo-mes","status":"publish","type":"post","link":"https:\/\/noticiasveraces.com\/?p=19109","title":{"rendered":"Rey Carlos III para conocer al Papa Francisco durante la visita al Vaticano el pr\u00f3ximo mes"},"content":{"rendered":"<p> \n<\/p>\n<div>\n<p class=\"speakable\">El rey Carlos III est\u00e1 programado para tener una audiencia con el Papa Francisco durante una visita al Vaticano el pr\u00f3ximo mes, lo que sugiere que existe optimismo que el pont\u00edfice volver\u00e1 en el trabajo para entonces, mientras contin\u00faa su recuperaci\u00f3n de la doble neumon\u00eda.<\/p>\n<p class=\"speakable\">Francis, de 88 a\u00f1os, fue ingresado en el Hospital Gemelli de Roma el 14 de febrero despu\u00e9s de que un episodio de bronquitis de una semana empeor\u00f3. Los m\u00e9dicos primero diagnosticaron la compleja infecci\u00f3n del tracto respiratorio viral, bacteriano y f\u00fangico y, posteriormente, el inicio de neumon\u00eda en ambos pulmones.<\/p>\n<p>El Vaticano dijo el lunes que ya no proporcionar\u00eda actualizaciones matutinas y que est\u00e1 emitiendo boletines m\u00e9dicos menos frecuentes, ya que el Papa muestra mejoras graduales.<\/p>\n<p>El palacio de Buckingham dijo que Charles escribi\u00f3 en privado al Papa cuando se enferm\u00f3.<\/p>\n<p><strong>Papa Francis Visto por primera vez desde que fue ingresado en el hospital: Foto<\/strong><\/p>\n<div class=\"image-ct inline\">\n<div class=\"m\"><picture><source media=\"(max-width: 767px)\" srcset=\"https:\/\/a57.foxnews.com\/static.foxnews.com\/foxnews.com\/content\/uploads\/2024\/01\/343\/192\/king-charles-queen-camilla.jpg?ve=1&amp;tl=1, https:\/\/a57.foxnews.com\/static.foxnews.com\/foxnews.com\/content\/uploads\/2024\/01\/686\/384\/king-charles-queen-camilla.jpg?ve=1&amp;tl=1 2x\" height=\"192\" width=\"343\"><source media=\"(min-width: 768px) and (max-width: 1023px)\" srcset=\"https:\/\/a57.foxnews.com\/static.foxnews.com\/foxnews.com\/content\/uploads\/2024\/01\/672\/378\/king-charles-queen-camilla.jpg?ve=1&amp;tl=1, https:\/\/a57.foxnews.com\/static.foxnews.com\/foxnews.com\/content\/uploads\/2024\/01\/1344\/756\/king-charles-queen-camilla.jpg?ve=1&amp;tl=1 2x\" height=\"378\" width=\"672\"><source media=\"(min-width: 1024px) and (max-width: 1279px)\" srcset=\"https:\/\/a57.foxnews.com\/static.foxnews.com\/foxnews.com\/content\/uploads\/2024\/01\/931\/523\/king-charles-queen-camilla.jpg?ve=1&amp;tl=1, https:\/\/a57.foxnews.com\/static.foxnews.com\/foxnews.com\/content\/uploads\/2024\/01\/1862\/1046\/king-charles-queen-camilla.jpg?ve=1&amp;tl=1 2x\" height=\"523\" width=\"931\"><source media=\"(min-width: 1280px)\" srcset=\"https:\/\/a57.foxnews.com\/static.foxnews.com\/foxnews.com\/content\/uploads\/2024\/01\/720\/405\/king-charles-queen-camilla.jpg?ve=1&amp;tl=1, https:\/\/a57.foxnews.com\/static.foxnews.com\/foxnews.com\/content\/uploads\/2024\/01\/1440\/810\/king-charles-queen-camilla.jpg?ve=1&amp;tl=1 2x\" height=\"405\" width=\"720\"><img loading=\"lazy\" decoding=\"async\" src=\"https:\/\/a57.foxnews.com\/static.foxnews.com\/foxnews.com\/content\/uploads\/2024\/01\/1200\/675\/king-charles-queen-camilla.jpg?ve=1&amp;tl=1\" alt=\"Rey Charles, reina Camilla\" width=\"1200\" height=\"675\"\/><\/source><\/source><\/source><\/source><\/picture><\/div>\n<div class=\"info\">\n<div class=\"caption\">\n<p><span>El rey Carlos III tendr\u00e1 una audiencia con el Papa Francisco durante una visita al Vaticano el pr\u00f3ximo mes.<\/span> <span>(Mark Cuthbert)<\/span><\/p>\n<\/div>\n<\/div>\n<\/div>\n<p>La visita de Charles al Vaticano es un s\u00edmbolo de los esfuerzos para establecer lazos m\u00e1s cercanos entre la Iglesia Cat\u00f3lica y la Iglesia de Inglaterra, que se separ\u00f3 de Roma en el siglo XVI durante el reinado del rey VIII.<\/p>\n<p>El jefe de la Iglesia de Inglaterra, Charles ha hecho de los puentes de construcci\u00f3n entre personas de todas las religiones un enfoque principal desde que ascendi\u00f3 al trono en 2022 despu\u00e9s de la muerte de su madre, la reina Isabel II.<\/p>\n<p>El viaje de Charles comenzar\u00e1 el 7 de abril y los \u00faltimos tres d\u00edas. Tambi\u00e9n contar\u00e1 con eventos en Italia, incluida su capital de Roma, que rodea la ciudad del Vaticano.<\/p>\n<p>Durante su parada en Roma, Charles enfatizar\u00e1 los v\u00ednculos estrechos entre Gran Breta\u00f1a e Italia, dos aliados de la OTAN, ya que las naciones europeas est\u00e1n trabajando para fortalecer el apoyo a la guerra de Ucrania contra Rusia.<\/p>\n<p><strong>Pope permanece estable despu\u00e9s de un mes en el hospital mientras contin\u00faa los tratamientos y trabaja desde la cama<\/strong><\/p>\n<div class=\"image-ct inline\">\n<div class=\"m\"><picture><source media=\"(max-width: 767px)\" srcset=\"https:\/\/a57.foxnews.com\/static.foxnews.com\/foxnews.com\/content\/uploads\/2025\/03\/343\/192\/6724d2e3-pope-francis.jpg?ve=1&amp;tl=1, https:\/\/a57.foxnews.com\/static.foxnews.com\/foxnews.com\/content\/uploads\/2025\/03\/686\/384\/6724d2e3-pope-francis.jpg?ve=1&amp;tl=1 2x\" height=\"192\" width=\"343\"><source media=\"(min-width: 768px) and (max-width: 1023px)\" srcset=\"https:\/\/a57.foxnews.com\/static.foxnews.com\/foxnews.com\/content\/uploads\/2025\/03\/672\/378\/6724d2e3-pope-francis.jpg?ve=1&amp;tl=1, https:\/\/a57.foxnews.com\/static.foxnews.com\/foxnews.com\/content\/uploads\/2025\/03\/1344\/756\/6724d2e3-pope-francis.jpg?ve=1&amp;tl=1 2x\" height=\"378\" width=\"672\"><source media=\"(min-width: 1024px) and (max-width: 1279px)\" srcset=\"https:\/\/a57.foxnews.com\/static.foxnews.com\/foxnews.com\/content\/uploads\/2025\/03\/931\/523\/6724d2e3-pope-francis.jpg?ve=1&amp;tl=1, https:\/\/a57.foxnews.com\/static.foxnews.com\/foxnews.com\/content\/uploads\/2025\/03\/1862\/1046\/6724d2e3-pope-francis.jpg?ve=1&amp;tl=1 2x\" height=\"523\" width=\"931\"><source media=\"(min-width: 1280px)\" srcset=\"https:\/\/a57.foxnews.com\/static.foxnews.com\/foxnews.com\/content\/uploads\/2025\/03\/720\/405\/6724d2e3-pope-francis.jpg?ve=1&amp;tl=1, https:\/\/a57.foxnews.com\/static.foxnews.com\/foxnews.com\/content\/uploads\/2025\/03\/1440\/810\/6724d2e3-pope-francis.jpg?ve=1&amp;tl=1 2x\" height=\"405\" width=\"720\"><img loading=\"lazy\" decoding=\"async\" src=\"https:\/\/a57.foxnews.com\/static.foxnews.com\/foxnews.com\/content\/uploads\/2025\/03\/1200\/675\/6724d2e3-pope-francis.jpg?ve=1&amp;tl=1\" alt=\"El Papa Francisco se recupera\" width=\"1200\" height=\"675\"\/><\/source><\/source><\/source><\/source><\/picture><\/div>\n<div class=\"info\">\n<div class=\"caption\">\n<p><span>El Papa Francisco celebrando misa el domingo 16 de marzo de 2025, en su capilla en el Hospital Gemelli en Roma, Italia.<\/span> <span>(Oficina de prensa santa ver)<\/span><\/p>\n<\/div>\n<\/div>\n<\/div>\n<p>Habr\u00e1 un flypast conjunto sobre Roma durante la visita de Charles por el equipo acrob\u00e1tico de la Fuerza A\u00e9rea italiana, FRECCE Tricolori o Tricolor Arrows, y sus contrapartes de la Fuerza A\u00e9rea Real, las flechas rojas.<\/p>\n<p>Charles y la reina Camilla asistir\u00e1n a una recepci\u00f3n en Ravenna, en la regi\u00f3n de Emilia-Romagna en el norte de Italia, para conmemorar el 80 aniversario de la liberaci\u00f3n de la regi\u00f3n de los nazis por las fuerzas aliadas. La pareja tambi\u00e9n celebrar\u00e1 la cocina local y se reunir\u00e1 con los agricultores afectados por inundaciones recientes en el \u00e1rea.<\/p>\n<p>\u00abLa visita a Italia subrayar\u00e1 la profundidad y amplitud de la relaci\u00f3n bilateral\u00bb, dijo el Palacio de Buckingham en un comunicado.<\/p>\n<p>Un evento central durante el viaje de Charles al Vaticano ser\u00e1 un primero hist\u00f3rico en el que el rey visitar\u00e1 la bas\u00edlica papal de St. Paul fuera de los muros, donde se celebran la reconciliaci\u00f3n y las relaciones ecum\u00e9nicas entre las religiones cristianas. En este evento, los coros de la Royal de la Capilla del Rey, la Capilla de San Jorge en el Castillo de Windsor y la Capilla Sixtina.<\/p>\n<div class=\"image-ct inline\">\n<div class=\"m\"><picture><source media=\"(max-width: 767px)\" srcset=\"https:\/\/a57.foxnews.com\/static.foxnews.com\/foxnews.com\/content\/uploads\/2024\/02\/343\/192\/king-charles.jpg?ve=1&amp;tl=1, https:\/\/a57.foxnews.com\/static.foxnews.com\/foxnews.com\/content\/uploads\/2024\/02\/686\/384\/king-charles.jpg?ve=1&amp;tl=1 2x\" height=\"192\" width=\"343\"><source media=\"(min-width: 768px) and (max-width: 1023px)\" srcset=\"https:\/\/a57.foxnews.com\/static.foxnews.com\/foxnews.com\/content\/uploads\/2024\/02\/672\/378\/king-charles.jpg?ve=1&amp;tl=1, https:\/\/a57.foxnews.com\/static.foxnews.com\/foxnews.com\/content\/uploads\/2024\/02\/1344\/756\/king-charles.jpg?ve=1&amp;tl=1 2x\" height=\"378\" width=\"672\"><source media=\"(min-width: 1024px) and (max-width: 1279px)\" srcset=\"https:\/\/a57.foxnews.com\/static.foxnews.com\/foxnews.com\/content\/uploads\/2024\/02\/931\/523\/king-charles.jpg?ve=1&amp;tl=1, https:\/\/a57.foxnews.com\/static.foxnews.com\/foxnews.com\/content\/uploads\/2024\/02\/1862\/1046\/king-charles.jpg?ve=1&amp;tl=1 2x\" height=\"523\" width=\"931\"><source media=\"(min-width: 1280px)\" srcset=\"https:\/\/a57.foxnews.com\/static.foxnews.com\/foxnews.com\/content\/uploads\/2024\/02\/720\/405\/king-charles.jpg?ve=1&amp;tl=1, https:\/\/a57.foxnews.com\/static.foxnews.com\/foxnews.com\/content\/uploads\/2024\/02\/1440\/810\/king-charles.jpg?ve=1&amp;tl=1 2x\" height=\"405\" width=\"720\"><img loading=\"lazy\" decoding=\"async\" src=\"https:\/\/a57.foxnews.com\/static.foxnews.com\/foxnews.com\/content\/uploads\/2024\/02\/1200\/675\/king-charles.jpg?ve=1&amp;tl=1\" alt=\"Rey Charles luciendo sombr\u00edo\" width=\"1200\" height=\"675\"\/><\/source><\/source><\/source><\/source><\/picture><\/div>\n<div class=\"info\">\n<div class=\"caption\">\n<p><span>El Palacio de Buckingham dijo que el rey Carlos III escribi\u00f3 en privado al Papa cuando se enferm\u00f3.<\/span> <span>(Getty Images)<\/span><\/p>\n<\/div>\n<\/div>\n<\/div>\n<p><strong><u>Haga clic aqu\u00ed para obtener la aplicaci\u00f3n Fox News<\/u><\/strong><\/p>\n<p>Los reyes ingleses ten\u00edan un enlace particular a la bas\u00edlica antes de la separaci\u00f3n de Roma durante la Reforma Protestante. La bas\u00edlica se construy\u00f3 sobre un sarc\u00f3fago de m\u00e1rmol blanco que, durante unos 2.000 a\u00f1os, se ha cre\u00eddo que es la tumba de St. Paul.<\/p>\n<p>La visita de Charles ocurrir\u00e1 durante el Jubileo Papal, un a\u00f1o de perd\u00f3n y reconciliaci\u00f3n que celebra la Iglesia Cat\u00f3lica cada 25 a\u00f1os.<\/p>\n<p>\u00abLa visita a la Santa Sede ser\u00e1 una visita hist\u00f3rica en el a\u00f1o del Jubileo Papal, y marcar\u00e1 un importante paso adelante en las relaciones entre la Iglesia Cat\u00f3lica y la Iglesia de Inglaterra\u00bb, dijo el Palacio de Buckingham.<\/p>\n<p><i>Associated Press contribuy\u00f3 a este informe.<\/i><\/p>\n<p> <!----> <\/div>\n\n","protected":false},"excerpt":{"rendered":"<p>El rey Carlos III est\u00e1 programado para tener una audiencia con el Papa Francisco durante una visita al Vaticano el pr\u00f3ximo mes, lo que sugiere que existe optimismo que el pont\u00edfice volver\u00e1 en el trabajo para entonces, mientras contin\u00faa su recuperaci\u00f3n de la doble neumon\u00eda. Francis, de 88 a\u00f1os, fue ingresado en el Hospital Gemelli &hellip;<\/p>\n","protected":false},"author":1,"featured_media":19111,"comment_status":"open","ping_status":"open","sticky":false,"template":"","format":"standard","meta":{"fifu_image_url":"https:\/\/static.foxnews.com\/foxnews.com\/content\/uploads\/2024\/01\/king-charles-queen-camilla.jpg","fifu_image_alt":"","footnotes":""},"categories":[13],"tags":[],"class_list":["post-19109","post","type-post","status-publish","format-standard","has-post-thumbnail","","category-mundo"],"_links":{"self":[{"href":"https:\/\/noticiasveraces.com\/index.php?rest_route=\/wp\/v2\/posts\/19109","targetHints":{"allow":["GET"]}}],"collection":[{"href":"https:\/\/noticiasveraces.com\/index.php?rest_route=\/wp\/v2\/posts"}],"about":[{"href":"https:\/\/noticiasveraces.com\/index.php?rest_route=\/wp\/v2\/types\/post"}],"author":[{"embeddable":true,"href":"https:\/\/noticiasveraces.com\/index.php?rest_route=\/wp\/v2\/users\/1"}],"replies":[{"embeddable":true,"href":"https:\/\/noticiasveraces.com\/index.php?rest_route=%2Fwp%2Fv2%2Fcomments&post=19109"}],"version-history":[{"count":0,"href":"https:\/\/noticiasveraces.com\/index.php?rest_route=\/wp\/v2\/posts\/19109\/revisions"}],"wp:featuredmedia":[{"embeddable":true,"href":"https:\/\/noticiasveraces.com\/index.php?rest_route=\/wp\/v2\/media\/19111"}],"wp:attachment":[{"href":"https:\/\/noticiasveraces.com\/index.php?rest_route=%2Fwp%2Fv2%2Fmedia&parent=19109"}],"wp:term":[{"taxonomy":"category","embeddable":true,"href":"https:\/\/noticiasveraces.com\/index.php?rest_route=%2Fwp%2Fv2%2Fcategories&post=19109"},{"taxonomy":"post_tag","embeddable":true,"href":"https:\/\/noticiasveraces.com\/index.php?rest_route=%2Fwp%2Fv2%2Ftags&post=19109"}],"curies":[{"name":"wp","href":"https:\/\/api.w.org\/{rel}","templated":true}]}}