{"id":19090,"date":"2025-03-18T03:13:06","date_gmt":"2025-03-18T07:13:06","guid":{"rendered":"https:\/\/noticiasveraces.com\/?p=19090"},"modified":"2025-03-18T03:13:06","modified_gmt":"2025-03-18T07:13:06","slug":"pense-que-vinicius-iba-a-ganar-el-balon-de-oro","status":"publish","type":"post","link":"https:\/\/noticiasveraces.com\/?p=19090","title":{"rendered":"\u00abPens\u00e9 que Vinicius Iba A Ganar El Bal\u00f3n de Oro\u00bb"},"content":{"rendered":"<p> \n<\/p>\n<div id=\"intext\">\n<p>Mbapp\u00e9 es uno de los nombres de moda en el real madrid <b>Tras Su Doblete Ante El Villarreal<\/b> y su <b>Cifra de goles espigular en el Primer A\u00f1o como madridista<\/b> (31) Solo por detr\u00e1s de Zamorano, Van Nistelrooy y <u>Cristiano Ronaldo<\/u>. Superar\u00e1 a Todos Si Nada Extra\u00f1o Ocurre.<\/p>\n<p>Este Lunes, Justo Cuando Arran la Primera Semana del Par\u00f3n de Selecciones &#8216;,<b>Le Parisien &#8216;<\/b> Ha Publicado una <u>Entrevista<\/u> con el galo tras conocerse que ha <b>entrado en la convocatoria<\/b> De la Selecci\u00f3n Francesa SEIS MESES DESPU\u00c9S DE LA LA \u00daLTIMA. En la charla ha hobrado Largo y tendido de su &#8216;vuelta&#8217; a les bleus, su mal inicio de temporada y c\u00f3mo afronta la recta final de Campa\u00f1a con el Real Madrid.<\/p>\n<h2 class=\"title-h2\">\u00abPensaba que Vinicius Ganar\u00eda El Bal\u00f3n de Oro\u00bb<\/h2>\n<p>En lo referente al club blanco, y m\u00e1s concretam\u00e9 a su compresfo en el ataque, Vinicius jr, dej\u00f3 caer en la entrevista que le sorprendi\u00f3 que no ganaase el bal\u00f3n de Oro: \u00ab<b>Pensaba que Ser\u00eda paral<\/b> pero final ha sido para Rodri &#8230; \u00bfbal\u00f3n de Oro? \u00bfQu\u00e9 es Bal\u00f3n de Oro? \u00bfRodri es un bal\u00f3n de Oro para ti? \u00ab, Pregunta al aire que lanz\u00f3 el futbolista.<\/p>\n<h2 class=\"title-h2\">CENTRADO EN EL POSible Triplete<\/h2>\n<p>En TODO Momento Mostr\u00f3 que Est\u00e1 150% Concentrado en el Real Madrid y en el Gran Objetivo del Club: \u00abEstoy Centrado <b>ESTE Triplete Hist\u00f3rico que podemos Lograr<\/b>. Es algo que el real madrid nunca ha hecho, as\u00ed que ser\u00eda realmente extraordinario lograrlo en mi primera temporada \u00ab, asegur\u00f3 desespu\u00e9s de hablar Sobre su inesperado comienzo de a\u00f1o:\u00bb \u00bfRazones? UNA EUROCOPA Que no Ganas, en la Que <u>No Juegas Bien, un final de temporada en el PSG<\/u> en el Que Juegas Mucho Menos &#8230; es una acumulacia de cosas, <u>lesiones, malas actuaciones<\/u>cosas que no \u00e9l v\u00edvido mucho en mi Carrera, Pero empec\u00e9 a Sentirme Bien a Finales de <b>Noviembre o Principios de Diciembre<\/b>\u00ab.<\/p>\n<blockquote class=\"blockquote \">\n<p class=\"blockquote__quote\">\u00ab\u00bfMi mal comienzo de temporada? Jugu\u00e9 Mal La Eurocopa, Perdimos, Lasiones &#8230; Pero en Noviembre-Diciembre empec\u00e9 a Sentirme bien\u00bb<\/p>\n<\/blockquote>\n<p>El Gran Sue\u00f1o de Mbapp\u00e9, y no lo escalfonde, es ganar la ansiada campeones, comp\u00e9 de la que se centra por entero, concretamento en la eliminatoria de cuartos ante el arsenal, \u00bfdepera al psg? (rival posible en semifinales): \u00ab<b>SERIA EL PEOR Error que se COMETER<\/b>&#8230; yo recuerda Al A\u00f1o Pasado, Cuando TODO El Mundo Daba por Hecho que iba a Haber una madrid final de PSG-Real. Y al final No Llegamos a la Final. As\u00ed que S\u00f3lo Pienso en el Arsenal \u00ab.<\/p>\n<h2 class=\"title-h2\">Al-Khelaifi y Pr\u00f3pmoMo Agrenador de Francia<\/h2>\n<p>El de Bondy No Parece Guardar Rencor A Al-Khelaifi, Al Que le Dar\u00eda la Mano Sin Problema: \u00abPor Supuesto Que le Dar\u00eda la Mano, y no me imagino escupio en mi mango antes de estrechar la suya\u00bb.<\/p>\n<p>Su Vuelta a la selecci\u00f3nica Francesa ha sido la gran noticia del d\u00eda en el pa\u00eds galo, donde se especifica acerca de un posible divorcio con deschamps: \u00ab\u00a1No! Si Hubiera habido una ruptura &#8230; Hubo <b>desacuerdos<\/b> Como en la relaci\u00f3n de la relacencia, pero tumbas de pero nada. No se pude lllegar m\u00e1s Alto que la selecci\u00f3n nacional, para los futbolistas est\u00e1 muy Claro, tal vez no tanto para el p\u00fablico \u00ab, Zanj\u00f3 antes de confirmar que el relevo de deschamps debe ser &#8230;\u00bb \u00a1<b>Es zinedine zidane<\/b>! \u00ab<\/p>\n<p><i>S\u00edguenos en nuestro canal de whatsapp y no te Pierdas la \u00daLtima Hora y Toda la actualidad de antena3noticias.com<\/i><\/p>\n<div class=\"recirculation-video\" data-mod=\"a3mod_recirculation_video\">\n<div class=\"recirculation-video-wrapper\">\n<div>\n<div class=\"video-wrapper\">\n  <picture class=\"video-main-picture\"><source media=\"(min-width: 481px)\" srcset=\"https:\/\/fotografias.antena3.com\/clipping\/cmsimages01\/2025\/03\/14\/A32BA4A3-AB5F-4FDF-A1F6-027A0A58DE5E\/juancar-gimeno-arctic-ultra_94.jpg?crop=1920,1080,x0,y0&amp;width=800&amp;height=450&amp;optimize=medium&amp;format=webply\" width=\"800\" height=\"450\"><source media=\"(min-width: 391px) and (max-width: 480px)\" srcset=\"https:\/\/fotografias.antena3.com\/clipping\/cmsimages01\/2025\/03\/14\/A32BA4A3-AB5F-4FDF-A1F6-027A0A58DE5E\/juancar-gimeno-arctic-ultra_70.jpg?crop=1920,1080,x0,y0&amp;width=480&amp;height=270&amp;optimize=high&amp;format=webply\" width=\"480\" height=\"270\"><source media=\"(min-width: 321px) and (max-width: 390px)\" srcset=\"https:\/\/fotografias.antena3.com\/clipping\/cmsimages01\/2025\/03\/14\/A32BA4A3-AB5F-4FDF-A1F6-027A0A58DE5E\/juancar-gimeno-arctic-ultra_92.jpg?crop=1920,1078,x0,y1&amp;width=390&amp;height=219&amp;optimize=high&amp;format=webply\" width=\"390\" height=\"219\"><source media=\"(max-width: 320px)\" srcset=\"https:\/\/fotografias.antena3.com\/clipping\/cmsimages01\/2025\/03\/14\/A32BA4A3-AB5F-4FDF-A1F6-027A0A58DE5E\/juancar-gimeno-arctic-ultra_52.jpg?crop=1920,1080,x0,y0&amp;width=320&amp;height=180&amp;optimize=high&amp;format=webply\" width=\"320\" height=\"180\"><img decoding=\"async\" title=\"Juancar Gimeno, en la \u00e1rtica ultra\" alt=\"Juancar Gimeno, en la \u00e1rtica ultra\" width=\"480\" height=\"270\" src=\"https:\/\/fotografias.antena3.com\/clipping\/cmsimages01\/2025\/03\/14\/A32BA4A3-AB5F-4FDF-A1F6-027A0A58DE5E\/juancar-gimeno-arctic-ultra_70.jpg?crop=1920,1080,x0,y0&amp;width=480&amp;height=270&amp;optimize=high&amp;format=webply\" loading=\"lazy\" class=\"lazy\"\/><br \/>\n  <\/source><\/source><\/source><\/source><\/picture>\n <\/div>\n<\/div><\/div>\n<\/p><\/div>\n<\/div>\n\n","protected":false},"excerpt":{"rendered":"<p>Mbapp\u00e9 es uno de los nombres de moda en el real madrid Tras Su Doblete Ante El Villarreal y su Cifra de goles espigular en el Primer A\u00f1o como madridista (31) Solo por detr\u00e1s de Zamorano, Van Nistelrooy y Cristiano Ronaldo. Superar\u00e1 a Todos Si Nada Extra\u00f1o Ocurre. Este Lunes, Justo Cuando Arran la Primera &hellip;<\/p>\n","protected":false},"author":1,"featured_media":19092,"comment_status":"open","ping_status":"open","sticky":false,"template":"","format":"standard","meta":{"fifu_image_url":"https:\/\/fotografias.antena3.com\/clipping\/cmsimages02\/2025\/03\/17\/E551793E-472C-4D38-9CF6-059AB587C00E\/mbappe-vinicius_69.jpg?crop=6000,3375,x0,y0&width=1280&height=720&optimize=low&format=jpg","fifu_image_alt":"","footnotes":""},"categories":[6],"tags":[],"class_list":["post-19090","post","type-post","status-publish","format-standard","has-post-thumbnail","","category-deportes"],"_links":{"self":[{"href":"https:\/\/noticiasveraces.com\/index.php?rest_route=\/wp\/v2\/posts\/19090","targetHints":{"allow":["GET"]}}],"collection":[{"href":"https:\/\/noticiasveraces.com\/index.php?rest_route=\/wp\/v2\/posts"}],"about":[{"href":"https:\/\/noticiasveraces.com\/index.php?rest_route=\/wp\/v2\/types\/post"}],"author":[{"embeddable":true,"href":"https:\/\/noticiasveraces.com\/index.php?rest_route=\/wp\/v2\/users\/1"}],"replies":[{"embeddable":true,"href":"https:\/\/noticiasveraces.com\/index.php?rest_route=%2Fwp%2Fv2%2Fcomments&post=19090"}],"version-history":[{"count":0,"href":"https:\/\/noticiasveraces.com\/index.php?rest_route=\/wp\/v2\/posts\/19090\/revisions"}],"wp:featuredmedia":[{"embeddable":true,"href":"https:\/\/noticiasveraces.com\/index.php?rest_route=\/wp\/v2\/media\/19092"}],"wp:attachment":[{"href":"https:\/\/noticiasveraces.com\/index.php?rest_route=%2Fwp%2Fv2%2Fmedia&parent=19090"}],"wp:term":[{"taxonomy":"category","embeddable":true,"href":"https:\/\/noticiasveraces.com\/index.php?rest_route=%2Fwp%2Fv2%2Fcategories&post=19090"},{"taxonomy":"post_tag","embeddable":true,"href":"https:\/\/noticiasveraces.com\/index.php?rest_route=%2Fwp%2Fv2%2Ftags&post=19090"}],"curies":[{"name":"wp","href":"https:\/\/api.w.org\/{rel}","templated":true}]}}