{"id":19088,"date":"2025-03-18T02:52:35","date_gmt":"2025-03-18T06:52:35","guid":{"rendered":"https:\/\/noticiasveraces.com\/?p=19088"},"modified":"2025-03-18T02:52:35","modified_gmt":"2025-03-18T06:52:35","slug":"llegan-los-corredores-verdes-para-camiones-electricos-a-las-autopistas-europeas-clima-y-medio-ambiente","status":"publish","type":"post","link":"https:\/\/noticiasveraces.com\/?p=19088","title":{"rendered":"Llegan Los Corredores Verdes para Camiones El\u00e9ctricos A Las Autopistas Europeas | Clima y medio ambiente"},"content":{"rendered":"<p> \n<\/p>\n<div data-dtm-region=\"articulo_cuerpo\">\n<p class=\"\">En Espa\u00f1a ya Hay Alrededor de Mil Camiones El\u00e9ctricos de M\u00e1s de 3,5 Toneladas \u2014Son POCOS, Pero se Multiplicado por 10 en Cuatro A\u00f1os\u2014, Que Necesitan Puntos de Recarga M\u00c1S POTENTES QUE LOS COCHES. Las Empresas que los adquieren suelen apostar por repostar en sus instalaciones, Pero los cargadores ultrarr\u00e1stico para veh\u00edculos para veh\u00edculos pesados \u200b\u200bcomienzan a Llegar Tambi\u00e9n a Las Carreteras Espa\u00f1olas y europeas. Milence Acaba de Inaugurar Tres \u00c1REAS de Recarga para Camiones en la Ruta de Barcelona-Lyon, Una de las Primeras iniciativas para habilitar rutas el\u00edptricas Panaeuropeas para impulsar la electricaci\u00f3n de los veh\u00edculos de carga. En Espa\u00f1a, Iberdrola Tiene Unos 200 de Estos Puntos, Zunder Cuenta Con 50, Mientras OTRAS Empresas Tambi\u00e9n Apuestan por Esta Modalidad, Que Ser\u00e1 Clave para Descarbonizar Este Transporte.<\/p>\n<p class=\"\">\u00abLos Camiones El\u00e9ctricos Necesitan Puntos de Recarga Especicos, Cable de propio, Su Propio Sistema, y \u200b\u200buna potencia de al Menos 350 o 400 kilovatios Hora (KW)\u00bb, Se\u00f1ala Laura V\u00e9lez de Mendiz\u00e1bal, Experta en Estos Vehiculos de La Ong Transport &#038; Environment (T &#038; E). Y Prosigue: \u201cEs Cierto que todav\u00eda no Disponen de Mucha autonom\u00eda, Pero tienen una ventaja, y es que las rutas est\u00e1n definidas previaciones previaciones y se suele hacer muchos veces veces el mismo recorrido as\u00ed que es sencillo planificas estas y establecedor l\u00e1sro l\u00e1srata necesaras neceas neces neces necreer lEteRer lEtras neceSeRer neceSeRer nETRETER LECES Descanso de los conductores (45 Minutos Cada Cuatro Horas) Coincida Con Las Recargas \u201d.<\/p>\n<figure class=\"a_m a_m-h \"><span class=\"_db a_m_w _pr lb_btn\"><img alt=\"PUNTO DE RECARGA PARA COCHES Y CAMIONES DE LA MARCA ZUNDER, EN UNA IMAGEN CEDIDA POR LA COMPERA\u00d1IA.\" decoding=\"auto\" class=\"_re lazyload a_m-h\" height=\"233\" srcset=\"https:\/\/imagenes.elpais.com\/resizer\/v2\/SN3N7OD7NBFTBBWRSVB2NKA2SI.png?auth=9afa58ba022a9bd97eb95f8c067cda0ea7ddf48e2692dbcfa7b05832e2fefe13&amp;width=414 414w,https:\/\/imagenes.elpais.com\/resizer\/v2\/SN3N7OD7NBFTBBWRSVB2NKA2SI.png?auth=9afa58ba022a9bd97eb95f8c067cda0ea7ddf48e2692dbcfa7b05832e2fefe13&amp;width=828 640w,https:\/\/imagenes.elpais.com\/resizer\/v2\/SN3N7OD7NBFTBBWRSVB2NKA2SI.png?auth=9afa58ba022a9bd97eb95f8c067cda0ea7ddf48e2692dbcfa7b05832e2fefe13&amp;width=980 1000w,https:\/\/imagenes.elpais.com\/resizer\/v2\/SN3N7OD7NBFTBBWRSVB2NKA2SI.png?auth=9afa58ba022a9bd97eb95f8c067cda0ea7ddf48e2692dbcfa7b05832e2fefe13&amp;width=1960 1960w\" width=\"414\" sizes=\"auto, (min-width:1199px) 1155px,(min-width:1001px) calc(100vw - 44px),(min-width:768px) 767px, 100vw\" src=\"https:\/\/imagenes.elpais.com\/resizer\/v2\/SN3N7OD7NBFTBBWRSVB2NKA2SI.png?auth=9afa58ba022a9bd97eb95f8c067cda0ea7ddf48e2692dbcfa7b05832e2fefe13&amp;width=414\" loading=\"lazy\"\/><svg aria-hidden=\"true\" class=\"icon_multimedia_ampliar | _pa a_m_i a_m_i-a _dn\" viewbox=\"0 0 40 40\"><use xlink:href=\"#svg-ampliar\"\/><\/svg><\/span><figcaption class=\"a_m_p\"><span>PUNTO DE RECARGA PARA COCHES Y CAMIONES DE LA MARCA ZUNDER, EN UNA IMAGEN CEDIDA POR LA COMPERA\u00d1IA.<\/span><span class=\"a_m_m\">Zunder<\/span><\/figcaption><\/figure>\n<p class=\"\">May L\u00f3pez, de Empresas por la Movilidad Sostenible (EMS), estima que hay alrededor de 400 Puntos de Recarga de M\u00e1s de 350 kw en Espa\u00f1a, lo que no quiere decir que la mayor\u00eda est\u00e9n adaptadas para el transporte p\u00e9sado: \u00abadm\u00e1s de m\u00e1s Potentes, los mayores de los mayores, los transportes, el transporte del transporte:\u00bb adm\u00e1s de m\u00e1s Potentes, los Puntos de los Punos de los Pesados \u200b\u200bde los Pesado: \u00abA\u00f1em\u00e1s de M\u00e1s Potentes, los Puntos de los Puntos, los Punos de los Punos de los Punos,\u00bb. Pesados \u200b\u200bDeben Estar Situados en Zonas Donde los Camiones Puedan Maniobrar y aparcar. Mercanc\u00edas hijo Valiosas \u201d.<\/p>\n<aside class=\"a_ei\">\n<header class=\"a_ei_h _db\">M\u00e1s Informaci\u00f3n<\/header>\n<\/aside>\n<p class=\"\">Algunos de Ellos Comienzan Un Instalarse en Espa\u00f1a. Iberdrola cuenta ya con m\u00e1s de 200 plazas compatibles con la recarga de camiones, situadas en las principales ciades y corredores loginos de espa\u00f1a y portugal. \u00abESTA RED PERMITE CUBRIT Lasidades de Transporte de Corto, medio y largo recorrido\u00bb, Dice UNA Portavoz de la Empresa. Adem\u00e1s, e instituto para la diversificaci\u00f3n y ahorro de la energ\u00eda (idae) de transici\u00f3nico ecol\u00f3gica ha subvencionado a la empresa parte de la instalaci\u00f3n de ocho puntos de recarga p\u00fablica de alta potencia para transporte p\u00e9sado en zaragoza, madrid, ourenada. Tarragona, Valencia y Pa\u00eds Vasco. Y Tienes Planes para se guiar expandi\u00e9ndolos.<\/p>\n<p class=\"\">OTRO TANTO ha Hecho Zunder. \u00abNuestras Estatos de Carga Ulrarr\u00e1spida Para Transporte Pesado Est\u00e1n Ubicadas A Lo Largo de Los Principales Corredores Log\u00ednsticos de Espa\u00f1a, Proporcionando una Cobertura Amplia para el Transporte de Camiones el\u00e9xicos El\u00e9ctricos\u00bb, Dice Una Portavoz de la Marca. Tienen Ya 50 Estatos Operaciones Aptas para Camiones r\u00edgidos y tractoras<b> <\/b>en Las Principales Autov\u00edas (de la A-1 a la A-8), As\u00ed como Diferentes Pol\u00edgonos Industriales. Por su parte, Moeve cuenta ya con dos Puntos en madrid y \u00e1lava, y prev\u00e9 instalar otros 15 para veh\u00edculos para veh\u00edculos pesados \u200b\u200ba lo largo del a\u00f1o, con potencias de haasta 400kw.<\/p>\n<figure class=\"a_m a_m-h \"><span class=\"_db a_m_w _pr lb_btn\"><img alt=\"Recreaci\u00f3 de un Punto de Recarga R\u00e1pido para Camiones El\u00e9ctricos que se VA A Construir en Zaragoza, Cedida por la Empresa Milence.\" decoding=\"auto\" class=\"_re lazyload a_m-h\" height=\"311\" srcset=\"https:\/\/imagenes.elpais.com\/resizer\/v2\/C6YKRUAXM5FGHANLNCJN7DUU5A.jpg?auth=1381787ace20f345bd92ce0a619fd43875139616e61fb11da4939cc84297f843&amp;width=414 414w,https:\/\/imagenes.elpais.com\/resizer\/v2\/C6YKRUAXM5FGHANLNCJN7DUU5A.jpg?auth=1381787ace20f345bd92ce0a619fd43875139616e61fb11da4939cc84297f843&amp;width=828 640w,https:\/\/imagenes.elpais.com\/resizer\/v2\/C6YKRUAXM5FGHANLNCJN7DUU5A.jpg?auth=1381787ace20f345bd92ce0a619fd43875139616e61fb11da4939cc84297f843&amp;width=980 1000w,https:\/\/imagenes.elpais.com\/resizer\/v2\/C6YKRUAXM5FGHANLNCJN7DUU5A.jpg?auth=1381787ace20f345bd92ce0a619fd43875139616e61fb11da4939cc84297f843&amp;width=1960 1960w\" width=\"414\" sizes=\"auto, (min-width:1199px) 1155px,(min-width:1001px) calc(100vw - 44px),(min-width:768px) 767px, 100vw\" src=\"https:\/\/imagenes.elpais.com\/resizer\/v2\/C6YKRUAXM5FGHANLNCJN7DUU5A.jpg?auth=1381787ace20f345bd92ce0a619fd43875139616e61fb11da4939cc84297f843&amp;width=414\" loading=\"lazy\"\/><svg aria-hidden=\"true\" class=\"icon_multimedia_ampliar | _pa a_m_i a_m_i-a _dn\" viewbox=\"0 0 40 40\"><use xlink:href=\"#svg-ampliar\"\/><\/svg><\/span><figcaption class=\"a_m_p\"><span>Recreaci\u00f3 de un Punto de Recarga R\u00e1pido para Camiones El\u00e9ctricos que se VA A Construir en Zaragoza, Cedida por la Empresa Milence.<\/span><span class=\"a_m_m\">Milla<\/span><\/figcaption><\/figure>\n<p class=\"\">Mientras, Milence \u2014UNA Empresa que conjunta de Daimler, Traton y Volvo &#8211; Acaba de Inaugurar el Primer corredor Verde Entre Barcelona y la Francsa Lyon, Contros Puntos de Recarga Kil\u00f3metros. \u00abEstamos unijo IMPORTANTES Centros Log\u00ednicos como Barcelona, \u200b\u200bMarsella, Lyon y Mil\u00e1n.<\/p>\n<figure class=\"a_m a_m-h \"><span class=\"_db a_m_w _pr lb_btn\"><img alt=\"Cargadores R\u00e1pidos para Camiones Instalados en la Ruta Barcelona - Lyon por la Empresa Milence, Cedida por la Empresa. \" decoding=\"auto\" class=\"_re lazyload a_m-h\" height=\"276\" srcset=\"https:\/\/imagenes.elpais.com\/resizer\/v2\/B6HNVZD6BFE55MX5Y45BBPJ2AA.jpg?auth=8fc2f47dc8dccfc6b76ce740a79c3675b0eb51d3fb1d2b2802257ef2f622dc8f&amp;width=414 414w,https:\/\/imagenes.elpais.com\/resizer\/v2\/B6HNVZD6BFE55MX5Y45BBPJ2AA.jpg?auth=8fc2f47dc8dccfc6b76ce740a79c3675b0eb51d3fb1d2b2802257ef2f622dc8f&amp;width=828 640w,https:\/\/imagenes.elpais.com\/resizer\/v2\/B6HNVZD6BFE55MX5Y45BBPJ2AA.jpg?auth=8fc2f47dc8dccfc6b76ce740a79c3675b0eb51d3fb1d2b2802257ef2f622dc8f&amp;width=980 1000w,https:\/\/imagenes.elpais.com\/resizer\/v2\/B6HNVZD6BFE55MX5Y45BBPJ2AA.jpg?auth=8fc2f47dc8dccfc6b76ce740a79c3675b0eb51d3fb1d2b2802257ef2f622dc8f&amp;width=1960 1960w\" width=\"414\" sizes=\"auto, (min-width:1199px) 1155px,(min-width:1001px) calc(100vw - 44px),(min-width:768px) 767px, 100vw\" src=\"https:\/\/imagenes.elpais.com\/resizer\/v2\/B6HNVZD6BFE55MX5Y45BBPJ2AA.jpg?auth=8fc2f47dc8dccfc6b76ce740a79c3675b0eb51d3fb1d2b2802257ef2f622dc8f&amp;width=414\" loading=\"lazy\"\/><svg aria-hidden=\"true\" class=\"icon_multimedia_ampliar | _pa a_m_i a_m_i-a _dn\" viewbox=\"0 0 40 40\"><use xlink:href=\"#svg-ampliar\"\/><\/svg><\/span><figcaption class=\"a_m_p\"><span>Cargadores R\u00e1pidos para Camiones Instalados en la Ruta Barcelona &#8211; Lyon por la Empresa Milence, Cedida por la Empresa. <\/span><span class=\"a_m_m\">Milla<\/span><\/figcaption><\/figure>\n<p class=\"\">Las Tres Localizaciones Cuentan Con Cuatro o Seis Puntos de Recarga de 400 KW, Pero la Idea es Ampliarlos A Medida Que Crezca la Demanda. Seg\u00fan Aseguran, Cadada Emplazamiento incluyendo aparcamiento seguro y protegido, as\u00ed como servicios para los conductores. Ya Cuentan Con oTras 12 \u00e1reas similares en Pa\u00edses Bajos, B\u00e9lgica, Alemania y Suecia. El Objetivo de la Marca es instalar 1.700 Puntos para este tipo de veh\u00edculo en Toda Europa en 2027. Uno de ellos se est\u00e1 construyendo ya en zaragoza y sepera -Que Funcione Antes de Junio.<\/p>\n<p class=\"\">\u00bfCu\u00e1nto Pueden Tardar? Responde Bastian Verot, Director de Electra, Marca Que Pretende Instalar 40 de Estos Puntos en Espa\u00f1a para 2027: \u201cLos Cargadores 400 kW Con Sistema de Carga Combinada (ccs, en Ingl\u00e9s) Son lo Suficientse Potentes para que recargar Un veh\u00edculo un veh\u00edculo de veh\u00edculos el\u00e9c el\u00e9c el\u00e9c deos y dos y doSaMe y medias Del Tama\u00f1a de la Bater\u00eda. [un megavatio] Que Cargar\u00e1n en 30 Minutos \u00ab. Aedivo.<\/p>\n<h3 class=\"\">De Suecia A Italia en Cami\u00f3n El\u00e9ctrico<\/h3>\n<p class=\"\">Todos los Fabricantes de Camiones Dise\u00f1an Ya Veh\u00edculos El\u00e9ctricos y, Aunque la Autonom\u00eda Todav\u00eda es un Reto, Cada Vez ofrecen Mejores Prestaciones. \u201cEl a\u00f1o pasado hicimos una ruta de 2.000 kil\u00f3metros por toda Europa con nuestro Scania 45S 100% el\u00e9ctrico, que viaj\u00f3 desde Suecia hasta Italia con un consumo medio de energ\u00eda de 1,25 kilovatios hora por kil\u00f3metro (kWh\/km) ya una velocidad media de 80 kil\u00f3metros Por Hora \u201d, Dice Una Portavoz de Scania. OTRAS Marcas, como Man, Renault, Volta O Qev Tech Tambi\u00e9n Disponen de Modelos El\u00e9ctricos.<\/p>\n<figure class=\"a_m a_m-h \"><span class=\"_db a_m_w _pr lb_btn\"><img alt=\"Cami\u00f3n Scania 45S 100% El\u00e9ctrico que Ha Recorrido 2.000 Kil\u00f3metros Entre Suecia e Italia, en una Imagen Cedida por la Empresa. \" decoding=\"auto\" class=\"_re lazyload a_m-h\" height=\"311\" srcset=\"https:\/\/imagenes.elpais.com\/resizer\/v2\/CB74T4QSUNDOZB6ICL24ZAIHB4.jpg?auth=a439f26b0993d90bb8c73fa7bc3959e00c415a03e09a07ab93b84f1c2fb6c283&amp;width=414 414w,https:\/\/imagenes.elpais.com\/resizer\/v2\/CB74T4QSUNDOZB6ICL24ZAIHB4.jpg?auth=a439f26b0993d90bb8c73fa7bc3959e00c415a03e09a07ab93b84f1c2fb6c283&amp;width=828 640w,https:\/\/imagenes.elpais.com\/resizer\/v2\/CB74T4QSUNDOZB6ICL24ZAIHB4.jpg?auth=a439f26b0993d90bb8c73fa7bc3959e00c415a03e09a07ab93b84f1c2fb6c283&amp;width=980 1000w,https:\/\/imagenes.elpais.com\/resizer\/v2\/CB74T4QSUNDOZB6ICL24ZAIHB4.jpg?auth=a439f26b0993d90bb8c73fa7bc3959e00c415a03e09a07ab93b84f1c2fb6c283&amp;width=1960 1960w\" width=\"414\" sizes=\"auto, (min-width:1199px) 1155px,(min-width:1001px) calc(100vw - 44px),(min-width:768px) 767px, 100vw\" src=\"https:\/\/imagenes.elpais.com\/resizer\/v2\/CB74T4QSUNDOZB6ICL24ZAIHB4.jpg?auth=a439f26b0993d90bb8c73fa7bc3959e00c415a03e09a07ab93b84f1c2fb6c283&amp;width=414\" loading=\"lazy\"\/><svg aria-hidden=\"true\" class=\"icon_multimedia_ampliar | _pa a_m_i a_m_i-a _dn\" viewbox=\"0 0 40 40\"><use xlink:href=\"#svg-ampliar\"\/><\/svg><\/span><figcaption class=\"a_m_p\"><span>Cami\u00f3n Scania 45S 100% El\u00e9ctrico que Ha Recorrido 2.000 Kil\u00f3metros Entre Suecia e Italia, en una Imagen Cedida por la Empresa. <\/span><span class=\"a_m_m\">Escaneo <\/span><\/figcaption><\/figure>\n<p class=\"\">\u201cDisponibles Camiones de Hay, Todas las Marcas Tienen Soluciones para Veh\u00cdculos Pesados. Instalarlos.<\/p>\n<p class=\"\">La portavoz de Zunder retoma: \u201cAunque hoy en d\u00eda los porcentajes de uso de estos puntos de recarga siguen siendo bajos en comparaci\u00f3n con los turismos, la tendencia es clara: el transporte pesado el\u00e9ctrico est\u00e1 en crecimiento, y con ello, la demanda de infraestructuras adaptadas a sus Necesidadas \u00ab. L\u00f3pez, de EMS, Reanudar: \u201cEl Coste de Un Cami\u00f3n El\u00e9ctrico Todav\u00eda Duplica Al de Uno Convencional, As\u00ed Las Ayudas para Adquirirloss Siguen SiDO Claves. Potencia.<\/p>\n<\/div>\n\n","protected":false},"excerpt":{"rendered":"<p>En Espa\u00f1a ya Hay Alrededor de Mil Camiones El\u00e9ctricos de M\u00e1s de 3,5 Toneladas \u2014Son POCOS, Pero se Multiplicado por 10 en Cuatro A\u00f1os\u2014, Que Necesitan Puntos de Recarga M\u00c1S POTENTES QUE LOS COCHES. Las Empresas que los adquieren suelen apostar por repostar en sus instalaciones, Pero los cargadores ultrarr\u00e1stico para veh\u00edculos para veh\u00edculos pesados &hellip;<\/p>\n","protected":false},"author":1,"featured_media":19089,"comment_status":"open","ping_status":"open","sticky":false,"template":"","format":"standard","meta":{"fifu_image_url":"https:\/\/imagenes.elpais.com\/resizer\/v2\/27ENAAWGCBGFFI5KUFGN7NMZDI.jpg?auth=bd2cb27697f4ac5db84d50c10b0410ca2369629edfc803ab6fceb44a67c827f8&width=1200","fifu_image_alt":"","footnotes":""},"categories":[11],"tags":[],"class_list":["post-19088","post","type-post","status-publish","format-standard","has-post-thumbnail","","category-viaje"],"_links":{"self":[{"href":"https:\/\/noticiasveraces.com\/index.php?rest_route=\/wp\/v2\/posts\/19088","targetHints":{"allow":["GET"]}}],"collection":[{"href":"https:\/\/noticiasveraces.com\/index.php?rest_route=\/wp\/v2\/posts"}],"about":[{"href":"https:\/\/noticiasveraces.com\/index.php?rest_route=\/wp\/v2\/types\/post"}],"author":[{"embeddable":true,"href":"https:\/\/noticiasveraces.com\/index.php?rest_route=\/wp\/v2\/users\/1"}],"replies":[{"embeddable":true,"href":"https:\/\/noticiasveraces.com\/index.php?rest_route=%2Fwp%2Fv2%2Fcomments&post=19088"}],"version-history":[{"count":0,"href":"https:\/\/noticiasveraces.com\/index.php?rest_route=\/wp\/v2\/posts\/19088\/revisions"}],"wp:featuredmedia":[{"embeddable":true,"href":"https:\/\/noticiasveraces.com\/index.php?rest_route=\/wp\/v2\/media\/19089"}],"wp:attachment":[{"href":"https:\/\/noticiasveraces.com\/index.php?rest_route=%2Fwp%2Fv2%2Fmedia&parent=19088"}],"wp:term":[{"taxonomy":"category","embeddable":true,"href":"https:\/\/noticiasveraces.com\/index.php?rest_route=%2Fwp%2Fv2%2Fcategories&post=19088"},{"taxonomy":"post_tag","embeddable":true,"href":"https:\/\/noticiasveraces.com\/index.php?rest_route=%2Fwp%2Fv2%2Ftags&post=19088"}],"curies":[{"name":"wp","href":"https:\/\/api.w.org\/{rel}","templated":true}]}}