{"id":19044,"date":"2025-03-17T20:24:13","date_gmt":"2025-03-18T00:24:13","guid":{"rendered":"https:\/\/noticiasveraces.com\/?p=19044"},"modified":"2025-03-17T20:24:13","modified_gmt":"2025-03-18T00:24:13","slug":"no-buscamos-representacion-sino-negociacia-con-ee-uu-dw-18-03-2025","status":"publish","type":"post","link":"https:\/\/noticiasveraces.com\/?p=19044","title":{"rendered":"No buscamos \u00abrepresentaci\u00f3n\u00bb sino negociacia con ee.uu. &#8211; DW &#8211; 18\/03\/2025"},"content":{"rendered":"<p> \n<\/p>\n<div>\n<p>El reci\u00e9n investido primer ministro de Canad\u00e1, Mark Carney, asegur\u00f3 el lunes (17.03.2025) que no intenta buscar apoyos para una \u00abrepresalia coordinada\u00bb contra Estados Unidos en materia comercial, sino tener una negociaci\u00f3n con Washington sobre sus relaciones bilaterales y de seguridad.<\/p>\n<p>\u00abTomamos Nuestras Propias Decisiones Con Respecto A Nuestras relaces Comerciales bilaterales con Estados Unidos. Sin organizaci\u00f3n de intencamos una representaci\u00f3n representa coordinada\u00bb, Dijo el Mandatario canadiense en Londres, Tras Reunse Primer Ministro Brit\u00e1nico, Keir Starmer, En Su Residencencia de Downing Street.<\/p>\n<p>Carney admite que existe \u00abuna serie de medidas\u00bb que ottawa puede aplicar y que tenderro el \u00abm\u00e1ximo impacto\u00bb en estados unidos y el m\u00ednimo en canad\u00e1, pero que tambi\u00e9n podr\u00eda afectar de manera diferente a terneros pa\u00edses como, reino, y, y pordo, y pordo Ello no est\u00e1n por Ahora en sus planos.<\/p>\n<p>\u00abNo podemos controlar la pol\u00edtica Comercial de Estados Unidos. No pretendemos controlar las pol\u00cdticas de otros pa\u00edses. Lo que s\u00ed podemos controlar es nuestra propia pol\u00cdTICA econ\u00f3mica nacional\u00bb, A\u00f1adi\u00f3 elenadiense, que higopi\u00e9 en lasasiDades \u00abde losa loa loa loa loa loaSeDienense, hiZo hincapi\u00e9 en lasasiDades\u00bb, \u00abde las\u00bb de las \u00abde las\u00bb de las \u00ab,\u00bb, \u00ab,\u00bb, \u00ab,\u00bb, \u00ab,\u00bb, \u00ab,\u00bb, \u00ab,\u00bb, \u00ab,\u00bb, \u00ab,\u00bb \u00ab,\u00bb, \u00ab,\u00bb, \u00ab\u00bb, \u00ab,\u00bb \u00ab,\u00bb, \u00ab,\u00bb \u00ab,\u00bb \u00ab,\u00bb, \u00ab,\u00bb, \u00ab,\u00bb, \u00ab,\u00bb, \u00ab,\u00bb, \u00ab,\u00bb, \u00ab\u00bb, \u00ab\u00bb, \u00ab\u00bb, \u00ab\u00bb, \u00bb \u00abS\u00f3lida\u00bb Econom\u00eda de su Pa\u00eds en Materia Comercial, de Vivienda y Energ\u00e9tica.<\/p>\n<p>Seg\u00fan El Exgobernador del Banco de Inglaterra, Lo Que Canad\u00e1 Busca Con Ee.uu. ES \u00abTENER UNA CONVERSACI\u00d3N M\u00c1S PROMACTAMIENTO\u00bb Y UNA NEGOCIONO DE LA RELACI\u00d3N Comercial Entre Ambas Naciones y de Seguridad en General, y A\u00f1adi\u00f3: \u00abCuando Estados Unidos Est\u00e9 Listo para tener Esa Conversaci\u00f3n, Estaremos m\u00e1s Listos Listos Para Seralnos\u00bb.<\/p>\n<p>Por este motivo, Carney escogi\u00f3 viajar a europa y no un washington en su Primera visita El Rey Carlos III, Tambi\u00e9n Jefe de Estado de Canad\u00e1, Antes de Su Reuni\u00f3n Con Starmer.<\/p>\n<p>Aunque el Primer Ministro canadiense Neg\u00f3 que el Comercio Fuera una prioridad en la agenda de su viaje Europe, puesto que canad\u00e1 realmenta tiene un acuerdo de libre comercio con el reino unido y la uni\u00f3n europea \u00abque cubre el 99 % % de los bienes\u00bb.<\/p>\n<p>\u00abMIS Prioridadas Principales Est\u00e1n Relacionadas Con la SEGURIDAD EN UCRANIA Y CON TEMAS QUE ABORDAREMOS EN EL G7, Especiale en torno a la ia, Metales y minerales cryticos para la evoluci\u00f3n del siestema Comercial\u00bb, Coment\u00f3 Carney.<\/p>\n<p>GS (Efe, AP)<\/p>\n<\/div>\n\n","protected":false},"excerpt":{"rendered":"<p>El reci\u00e9n investido primer ministro de Canad\u00e1, Mark Carney, asegur\u00f3 el lunes (17.03.2025) que no intenta buscar apoyos para una \u00abrepresalia coordinada\u00bb contra Estados Unidos en materia comercial, sino tener una negociaci\u00f3n con Washington sobre sus relaciones bilaterales y de seguridad. \u00abTomamos Nuestras Propias Decisiones Con Respecto A Nuestras relaces Comerciales bilaterales con Estados Unidos. &hellip;<\/p>\n","protected":false},"author":1,"featured_media":19045,"comment_status":"open","ping_status":"open","sticky":false,"template":"","format":"standard","meta":{"fifu_image_url":"https:\/\/static.dw.com\/image\/71943151_6.jpg","fifu_image_alt":"","footnotes":""},"categories":[13],"tags":[],"class_list":["post-19044","post","type-post","status-publish","format-standard","has-post-thumbnail","","category-mundo"],"_links":{"self":[{"href":"https:\/\/noticiasveraces.com\/index.php?rest_route=\/wp\/v2\/posts\/19044","targetHints":{"allow":["GET"]}}],"collection":[{"href":"https:\/\/noticiasveraces.com\/index.php?rest_route=\/wp\/v2\/posts"}],"about":[{"href":"https:\/\/noticiasveraces.com\/index.php?rest_route=\/wp\/v2\/types\/post"}],"author":[{"embeddable":true,"href":"https:\/\/noticiasveraces.com\/index.php?rest_route=\/wp\/v2\/users\/1"}],"replies":[{"embeddable":true,"href":"https:\/\/noticiasveraces.com\/index.php?rest_route=%2Fwp%2Fv2%2Fcomments&post=19044"}],"version-history":[{"count":0,"href":"https:\/\/noticiasveraces.com\/index.php?rest_route=\/wp\/v2\/posts\/19044\/revisions"}],"wp:featuredmedia":[{"embeddable":true,"href":"https:\/\/noticiasveraces.com\/index.php?rest_route=\/wp\/v2\/media\/19045"}],"wp:attachment":[{"href":"https:\/\/noticiasveraces.com\/index.php?rest_route=%2Fwp%2Fv2%2Fmedia&parent=19044"}],"wp:term":[{"taxonomy":"category","embeddable":true,"href":"https:\/\/noticiasveraces.com\/index.php?rest_route=%2Fwp%2Fv2%2Fcategories&post=19044"},{"taxonomy":"post_tag","embeddable":true,"href":"https:\/\/noticiasveraces.com\/index.php?rest_route=%2Fwp%2Fv2%2Ftags&post=19044"}],"curies":[{"name":"wp","href":"https:\/\/api.w.org\/{rel}","templated":true}]}}