{"id":19038,"date":"2025-03-17T18:20:34","date_gmt":"2025-03-17T22:20:34","guid":{"rendered":"https:\/\/noticiasveraces.com\/?p=19038"},"modified":"2025-03-17T18:20:34","modified_gmt":"2025-03-17T22:20:34","slug":"audi-recortara-7-500-empleos-en-alemania-dw-17-03-2025","status":"publish","type":"post","link":"https:\/\/noticiasveraces.com\/?p=19038","title":{"rendered":"Audi recortar\u00e1 7.500 Empleos en Alemania &#8211; DW &#8211; 17\/03\/2025"},"content":{"rendered":"<p> \n<\/p>\n<div>\n<p>La F\u00e1brica de AutoMoviles Audi, Que Pertenece Al Grupo Volkswagen, Anuncio Un Plan para Eliminar 7.500 Empleos en Alemania, Medida Que se Cumplir\u00e1 de Aqu\u00ed Al 2029, en un momento de Momento en Que el Sector Afronta Afronta Una Competencia Cada Mayor Frente a Los Autviles el\u00e9ctricos de chino.<\/p>\n<p>El Plan Busca \u00abReforzar la competencia y las Perspectivas de Futuro de Audi\u00bb, Indic\u00f3 Gernot D\u00f6llner, Director Ejecutivo de la Marca Alemana, en un Comunicado. La Empresa Justific\u00f3 la decisi\u00f3n por Las \u00abCondicatos Econ\u00f3micas que se Endurecen Cadada Vez M\u00e1s, La Presi\u00f3n de la Competencia y Las Incertidumbres Pol\u00cdticas [que] Enormes implementados Desaf\u00edos para la Empresa \u00ab.<\/p>\n<p>Audi se Comprometi\u00f3 a Llevar a Cabo una \u00abReducion de Plantilla Socialmente ACTible\u00bb, Seg\u00fan un acuerdo Concluyo Con el Comit\u00e9 de la Empresa.<\/p>\n<h2>Crisis del sector automotriz<\/h2>\n<p>El Constructor de Veh\u00cdculos de Alta Gama Emplea A 87,000 Personas Y 55.000 de Ellos Trabajan en sus f\u00e1bricas en Alemania. Sus dos Mayores Instalaciones, situadas en ingolstadt y neckarsulm, en el sur de alemania, recibir\u00e1n apraximadamete 8.000 milones de euros en inversiones Hasta 2029 para apoyar la transici\u00f3na hacia la movilidad el\u00e9ctrica, Se\u00f1al\u00f3 Audi.<\/p>\n<p>El Sector del Autom\u00f3vil Atraviesa un Periodo particulare DiF\u00edcil en Europa, con una reducci\u00f3n de la demanda, una p\u00e9rdida de competencia y una acelera de la inflamaci\u00f3n.<\/p>\n<p>Ante Estos Desaf\u00edos, Varios Pesos Pesados \u200b\u200bde la Industria Han ANUNBIODO PLANES PARA REDUCIR LOS Costos. Volkswagen, Por Ejemplo, Anunci\u00f3 en Diciembre que Planea recortar M\u00e1s de 35.000 Empleos para 2030.<\/p>\n<p>(Efe, AFP\/MN)<\/p>\n<\/p>\n<\/div>\n\n","protected":false},"excerpt":{"rendered":"<p>La F\u00e1brica de AutoMoviles Audi, Que Pertenece Al Grupo Volkswagen, Anuncio Un Plan para Eliminar 7.500 Empleos en Alemania, Medida Que se Cumplir\u00e1 de Aqu\u00ed Al 2029, en un momento de Momento en Que el Sector Afronta Afronta Una Competencia Cada Mayor Frente a Los Autviles el\u00e9ctricos de chino. El Plan Busca \u00abReforzar la competencia &hellip;<\/p>\n","protected":false},"author":1,"featured_media":19039,"comment_status":"open","ping_status":"open","sticky":false,"template":"","format":"standard","meta":{"fifu_image_url":"https:\/\/static.dw.com\/image\/69086592_6.jpg","fifu_image_alt":"","footnotes":""},"categories":[13],"tags":[],"class_list":["post-19038","post","type-post","status-publish","format-standard","has-post-thumbnail","","category-mundo"],"_links":{"self":[{"href":"https:\/\/noticiasveraces.com\/index.php?rest_route=\/wp\/v2\/posts\/19038","targetHints":{"allow":["GET"]}}],"collection":[{"href":"https:\/\/noticiasveraces.com\/index.php?rest_route=\/wp\/v2\/posts"}],"about":[{"href":"https:\/\/noticiasveraces.com\/index.php?rest_route=\/wp\/v2\/types\/post"}],"author":[{"embeddable":true,"href":"https:\/\/noticiasveraces.com\/index.php?rest_route=\/wp\/v2\/users\/1"}],"replies":[{"embeddable":true,"href":"https:\/\/noticiasveraces.com\/index.php?rest_route=%2Fwp%2Fv2%2Fcomments&post=19038"}],"version-history":[{"count":0,"href":"https:\/\/noticiasveraces.com\/index.php?rest_route=\/wp\/v2\/posts\/19038\/revisions"}],"wp:featuredmedia":[{"embeddable":true,"href":"https:\/\/noticiasveraces.com\/index.php?rest_route=\/wp\/v2\/media\/19039"}],"wp:attachment":[{"href":"https:\/\/noticiasveraces.com\/index.php?rest_route=%2Fwp%2Fv2%2Fmedia&parent=19038"}],"wp:term":[{"taxonomy":"category","embeddable":true,"href":"https:\/\/noticiasveraces.com\/index.php?rest_route=%2Fwp%2Fv2%2Fcategories&post=19038"},{"taxonomy":"post_tag","embeddable":true,"href":"https:\/\/noticiasveraces.com\/index.php?rest_route=%2Fwp%2Fv2%2Ftags&post=19038"}],"curies":[{"name":"wp","href":"https:\/\/api.w.org\/{rel}","templated":true}]}}