{"id":19035,"date":"2025-03-17T17:19:28","date_gmt":"2025-03-17T21:19:28","guid":{"rendered":"https:\/\/noticiasveraces.com\/?p=19035"},"modified":"2025-03-17T17:19:28","modified_gmt":"2025-03-17T21:19:28","slug":"las-protestas-masivas-antigubernamentales-contra-la-corrupcion-afectaron-al-aliado-de-rusia-serbia","status":"publish","type":"post","link":"https:\/\/noticiasveraces.com\/?p=19035","title":{"rendered":"Las protestas masivas antigubernamentales contra la corrupci\u00f3n afectaron al aliado de Rusia Serbia"},"content":{"rendered":"<p> \n<\/p>\n<div>\n<p class=\"speakable\">Las protestas dirigidas por estudiantes representan la amenaza m\u00e1s gravemente para los 14 a\u00f1os del fuerte serbio Aleksandar Vucic, con m\u00e1s de 100,000 en las calles de Belgrado y ciudades de todo Serbia, llamando a la corrupci\u00f3n sist\u00e9mica en todo el gobierno.<\/p>\n<p class=\"speakable\">El 15 de marzo vio lo que muchos creen que son las multitudes m\u00e1s grandes de la historia reciente de Serbia, con un estimado de 300,000 personas marchando en el centro de Belgrado.  <\/p>\n<p>El presidente serbio Vucic, que permanece cerca de Rusia, se ha mantenido desafiante, ignorando las llamadas para renunciar y acusando al movimiento de protesta de planificar ataques violentos y avivar una guerra civil.<\/p>\n<p><strong>Historic Russian Ally Bisurs Putin en un creciente cambio a la Uni\u00f3n Europea<\/strong><\/p>\n<div class=\"image-ct inline\">\n<div class=\"m\"><picture><source media=\"(max-width: 767px)\" srcset=\"https:\/\/a57.foxnews.com\/static.foxnews.com\/foxnews.com\/content\/uploads\/2025\/01\/343\/192\/ap25030490198751-scaled.jpg?ve=1&amp;tl=1, https:\/\/a57.foxnews.com\/static.foxnews.com\/foxnews.com\/content\/uploads\/2025\/01\/686\/384\/ap25030490198751-scaled.jpg?ve=1&amp;tl=1 2x\" height=\"192\" width=\"343\"><source media=\"(min-width: 768px) and (max-width: 1023px)\" srcset=\"https:\/\/a57.foxnews.com\/static.foxnews.com\/foxnews.com\/content\/uploads\/2025\/01\/672\/378\/ap25030490198751-scaled.jpg?ve=1&amp;tl=1, https:\/\/a57.foxnews.com\/static.foxnews.com\/foxnews.com\/content\/uploads\/2025\/01\/1344\/756\/ap25030490198751-scaled.jpg?ve=1&amp;tl=1 2x\" height=\"378\" width=\"672\"><source media=\"(min-width: 1024px) and (max-width: 1279px)\" srcset=\"https:\/\/a57.foxnews.com\/static.foxnews.com\/foxnews.com\/content\/uploads\/2025\/01\/931\/523\/ap25030490198751-scaled.jpg?ve=1&amp;tl=1, https:\/\/a57.foxnews.com\/static.foxnews.com\/foxnews.com\/content\/uploads\/2025\/01\/1862\/1046\/ap25030490198751-scaled.jpg?ve=1&amp;tl=1 2x\" height=\"523\" width=\"931\"><source media=\"(min-width: 1280px)\" srcset=\"https:\/\/a57.foxnews.com\/static.foxnews.com\/foxnews.com\/content\/uploads\/2025\/01\/720\/405\/ap25030490198751-scaled.jpg?ve=1&amp;tl=1, https:\/\/a57.foxnews.com\/static.foxnews.com\/foxnews.com\/content\/uploads\/2025\/01\/1440\/810\/ap25030490198751-scaled.jpg?ve=1&amp;tl=1 2x\" height=\"405\" width=\"720\"><img loading=\"lazy\" decoding=\"async\" src=\"https:\/\/a57.foxnews.com\/static.foxnews.com\/foxnews.com\/content\/uploads\/2025\/01\/1200\/675\/ap25030490198751-scaled.jpg?ve=1&amp;tl=1\" alt=\"Las protestas dirigidas por estudiantes representan la amenaza m\u00e1s gravemente para los 14 a\u00f1os del fuerte serbio Aleksandar Vucic, con m\u00e1s de 100,000 en las calles de Belgrado y ciudades de todo Serbia, llamando a la corrupci\u00f3n sist\u00e9mica en todo el gobierno.\" width=\"1200\" height=\"675\"\/><\/source><\/source><\/source><\/source><\/picture><\/div>\n<div class=\"info\">\n<div class=\"caption\">\n<p><span>Las protestas dirigidas por estudiantes representan la amenaza m\u00e1s gravemente para los 14 a\u00f1os del fuerte serbio Aleksandar Vucic, con m\u00e1s de 100,000 en las calles de Belgrado y ciudades de todo Serbia, llamando a la corrupci\u00f3n sist\u00e9mica en todo el gobierno.<\/span> <span>(Foto de Darko Vojinovic\/AP)<\/span><\/p>\n<\/div>\n<\/div>\n<\/div>\n<p>\u00abMosc\u00fa y Belgrado se comprometieron a combatir las revoluciones de color en 2021. Esto es peligroso ya que Rusia puede proporcionar a Serbia apoyo de inteligencia\u00bb, dijo a Fox News Digital Ivana Stradner, investigador de la Fundaci\u00f3n para la Defensa de las Democracias.<\/p>\n<p>\u00abVucic espera que las protestas en Serbia se detengan, pero est\u00e1n creciendo cada vez m\u00e1s\u00bb, agreg\u00f3 Stradner.<\/p>\n<p>Vucic acus\u00f3 a los estudiantes de orquestar una \u00abrevoluci\u00f3n de color\u00bb respaldada por Occidente y compar\u00f3 el movimiento con la Revoluci\u00f3n Euromaidan de 2014 en Ucrania, cuando el presidente pro-ruso de Ucrania fue expulsado del poder por buscar lazos m\u00e1s estrechos con Vladimir Putin sobre Europa.<\/p>\n<p>Las organizaciones no gubernamentales de la sociedad civil y no gubernamentales acusan al gobierno de usar armas ilegales, incluidos dispositivos ac\u00fasticos de largo alcance (LRAD), un dispositivo de control de multitudes com\u00fan que puede causar da\u00f1os auditivos graves, durante un silencio conmemorativo para las v\u00edctimas del colapso del ferrocarril Novi Sad en noviembre. <\/p>\n<p>\u00abEl Centro de Belgrado para la Pol\u00edtica de Seguridad condena fuertemente el despliegue ilegal e inhumano de armas prohibidas, como dispositivos ac\u00fasticos, contra manifestantes pac\u00edficos durante una reuni\u00f3n p\u00fablica de cientos de miles de ciudadanos que rinden homenaje a las v\u00edctimas del techo colapsado en Novi Sad\u00bb, dijo el grupo en una declaraci\u00f3n.<\/p>\n<div class=\"image-ct inline\">\n<div class=\"m\"><picture><source media=\"(max-width: 767px)\" srcset=\"https:\/\/a57.foxnews.com\/static.foxnews.com\/foxnews.com\/content\/uploads\/2025\/03\/343\/192\/2025-03-15t173255z_292910657_rc2tddale4of_rtrmadp_3_serbia-protests-scaled.jpg?ve=1&amp;tl=1, https:\/\/a57.foxnews.com\/static.foxnews.com\/foxnews.com\/content\/uploads\/2025\/03\/686\/384\/2025-03-15t173255z_292910657_rc2tddale4of_rtrmadp_3_serbia-protests-scaled.jpg?ve=1&amp;tl=1 2x\" height=\"192\" width=\"343\"><source media=\"(min-width: 768px) and (max-width: 1023px)\" srcset=\"https:\/\/a57.foxnews.com\/static.foxnews.com\/foxnews.com\/content\/uploads\/2025\/03\/672\/378\/2025-03-15t173255z_292910657_rc2tddale4of_rtrmadp_3_serbia-protests-scaled.jpg?ve=1&amp;tl=1, https:\/\/a57.foxnews.com\/static.foxnews.com\/foxnews.com\/content\/uploads\/2025\/03\/1344\/756\/2025-03-15t173255z_292910657_rc2tddale4of_rtrmadp_3_serbia-protests-scaled.jpg?ve=1&amp;tl=1 2x\" height=\"378\" width=\"672\"><source media=\"(min-width: 1024px) and (max-width: 1279px)\" srcset=\"https:\/\/a57.foxnews.com\/static.foxnews.com\/foxnews.com\/content\/uploads\/2025\/03\/931\/523\/2025-03-15t173255z_292910657_rc2tddale4of_rtrmadp_3_serbia-protests-scaled.jpg?ve=1&amp;tl=1, https:\/\/a57.foxnews.com\/static.foxnews.com\/foxnews.com\/content\/uploads\/2025\/03\/1862\/1046\/2025-03-15t173255z_292910657_rc2tddale4of_rtrmadp_3_serbia-protests-scaled.jpg?ve=1&amp;tl=1 2x\" height=\"523\" width=\"931\"><source media=\"(min-width: 1280px)\" srcset=\"https:\/\/a57.foxnews.com\/static.foxnews.com\/foxnews.com\/content\/uploads\/2025\/03\/720\/405\/2025-03-15t173255z_292910657_rc2tddale4of_rtrmadp_3_serbia-protests-scaled.jpg?ve=1&amp;tl=1, https:\/\/a57.foxnews.com\/static.foxnews.com\/foxnews.com\/content\/uploads\/2025\/03\/1440\/810\/2025-03-15t173255z_292910657_rc2tddale4of_rtrmadp_3_serbia-protests-scaled.jpg?ve=1&amp;tl=1 2x\" height=\"405\" width=\"720\"><img loading=\"lazy\" decoding=\"async\" src=\"https:\/\/a57.foxnews.com\/static.foxnews.com\/foxnews.com\/content\/uploads\/2025\/03\/1200\/675\/2025-03-15t173255z_292910657_rc2tddale4of_rtrmadp_3_serbia-protests-scaled.jpg?ve=1&amp;tl=1\" alt=\"Protestas de Serbia\" width=\"1200\" height=\"675\"\/><\/source><\/source><\/source><\/source><\/picture><\/div>\n<div class=\"info\">\n<div class=\"caption\">\n<p><span>Decenas de miles de estudiantes universitarios han estado marchando desde diciembre, exigiendo justicia y responsabilidad despu\u00e9s de la muerte de 15 personas en el colapso de una estaci\u00f3n de ferrocarril en la ciudad serbia de Novi Sad.<\/span> <span>(Igor Pavicevic\/Reuters)<\/span><\/p>\n<\/div>\n<\/div>\n<\/div>\n<p>El ministro de Relaciones Exteriores de Serbia, Marko Djuric, neg\u00f3 las acusaciones en un cargo sobre X.<\/p>\n<p>\u00abSerbia niega categ\u00f3ricamente las acusaciones infundadas de que cualquier armas ilegales, incluidos los llamados\u00bb ca\u00f1ones de sonido \u00ab, se usaron contra los manifestantes en Belgrado\u00bb, dijo Djuric.<\/p>\n<p>El presidente Vucic tambi\u00e9n neg\u00f3 las afirmaciones, calific\u00e1ndolo de \u00abuna mentira vil\u00bb en un discurso a la naci\u00f3n y prometi\u00f3 investigar el asunto.<\/p>\n<p>Las protestas que consumen Serbia no solo ocurrieron de la noche a la ma\u00f1ana y se han mantenido durante meses.<\/p>\n<p><strong><u>Zelenskyy advierte que Rusia quiere causar &#8216;explosi\u00f3n&#8217; en los Balcanes<\/u><\/strong><\/p>\n<p>Decenas de miles de estudiantes universitarios han estado marchando desde diciembre, exigiendo justicia y responsabilidad despu\u00e9s de la muerte de 15 personas en el colapso de una estaci\u00f3n de ferrocarril en la ciudad serbia de Novi Sad. El dosel en la estaci\u00f3n de tren se derrumb\u00f3 el 1 de noviembre despu\u00e9s de renovaciones dirigidas por dos compa\u00f1\u00edas chinas.<\/p>\n<p>Lo que originalmente comenz\u00f3 como protestas espont\u00e1neas expresando insatisfacci\u00f3n con la respuesta fallida del gobierno a la cat\u00e1strofe ferroviaria transformada en un movimiento que se opone a una corrupci\u00f3n generalizada y la erosi\u00f3n del estado de derecho bajo Vucic.<\/p>\n<div class=\"image-ct inline\">\n<div class=\"m\"><picture><source media=\"(max-width: 767px)\" srcset=\"https:\/\/a57.foxnews.com\/static.foxnews.com\/foxnews.com\/content\/uploads\/2025\/03\/343\/192\/2025-03-15t152937z_292806752_rc2rdda81je0_rtrmadp_3_serbia-protests-scaled.jpg?ve=1&amp;tl=1, https:\/\/a57.foxnews.com\/static.foxnews.com\/foxnews.com\/content\/uploads\/2025\/03\/686\/384\/2025-03-15t152937z_292806752_rc2rdda81je0_rtrmadp_3_serbia-protests-scaled.jpg?ve=1&amp;tl=1 2x\" height=\"192\" width=\"343\"><source media=\"(min-width: 768px) and (max-width: 1023px)\" srcset=\"https:\/\/a57.foxnews.com\/static.foxnews.com\/foxnews.com\/content\/uploads\/2025\/03\/672\/378\/2025-03-15t152937z_292806752_rc2rdda81je0_rtrmadp_3_serbia-protests-scaled.jpg?ve=1&amp;tl=1, https:\/\/a57.foxnews.com\/static.foxnews.com\/foxnews.com\/content\/uploads\/2025\/03\/1344\/756\/2025-03-15t152937z_292806752_rc2rdda81je0_rtrmadp_3_serbia-protests-scaled.jpg?ve=1&amp;tl=1 2x\" height=\"378\" width=\"672\"><source media=\"(min-width: 1024px) and (max-width: 1279px)\" srcset=\"https:\/\/a57.foxnews.com\/static.foxnews.com\/foxnews.com\/content\/uploads\/2025\/03\/931\/523\/2025-03-15t152937z_292806752_rc2rdda81je0_rtrmadp_3_serbia-protests-scaled.jpg?ve=1&amp;tl=1, https:\/\/a57.foxnews.com\/static.foxnews.com\/foxnews.com\/content\/uploads\/2025\/03\/1862\/1046\/2025-03-15t152937z_292806752_rc2rdda81je0_rtrmadp_3_serbia-protests-scaled.jpg?ve=1&amp;tl=1 2x\" height=\"523\" width=\"931\"><source media=\"(min-width: 1280px)\" srcset=\"https:\/\/a57.foxnews.com\/static.foxnews.com\/foxnews.com\/content\/uploads\/2025\/03\/720\/405\/2025-03-15t152937z_292806752_rc2rdda81je0_rtrmadp_3_serbia-protests-scaled.jpg?ve=1&amp;tl=1, https:\/\/a57.foxnews.com\/static.foxnews.com\/foxnews.com\/content\/uploads\/2025\/03\/1440\/810\/2025-03-15t152937z_292806752_rc2rdda81je0_rtrmadp_3_serbia-protests-scaled.jpg?ve=1&amp;tl=1 2x\" height=\"405\" width=\"720\"><img loading=\"lazy\" decoding=\"async\" src=\"https:\/\/a57.foxnews.com\/static.foxnews.com\/foxnews.com\/content\/uploads\/2025\/03\/1200\/675\/2025-03-15t152937z_292806752_rc2rdda81je0_rtrmadp_3_serbia-protests-scaled.jpg?ve=1&amp;tl=1\" alt=\"Protestas de Serbia\" width=\"1200\" height=\"675\"\/><\/source><\/source><\/source><\/source><\/picture><\/div>\n<div class=\"info\">\n<div class=\"caption\">\n<p><span>Lo que originalmente comenz\u00f3 como protestas espont\u00e1neas expresando insatisfacci\u00f3n con la respuesta fallida del gobierno a la cat\u00e1strofe ferroviaria transformada en un movimiento que se opone a una corrupci\u00f3n generalizada y la erosi\u00f3n del estado de derecho bajo Vucic.<\/span> <span>(Mitar Mitrovic\/Reuters)<\/span><\/p>\n<\/div>\n<\/div>\n<\/div>\n<p>\u00abTambi\u00e9n es importante reconocer que la causa de las protestas es m\u00e1s profunda: muchas personas perciben que el estado es corrupto y est\u00e1 ampliamente insatisfecha con el gobierno de Vu\u010di\u0107. Est\u00e1n pidiendo una mayor libertad de prensa y responsabilidad\u00bb, dijo Helena Ivanov, miembro principal del Instituto Henry Jackson, dijo Fox News Digital.<\/p>\n<p>Ivanov dijo que los intentos del gobierno de mitigar la situaci\u00f3n, como arrestar a las personas involucradas en acuerdos corruptos de hace a\u00f1os o la renuncia del primer ministro en enero, han sido considerados muy poco, demasiado tarde por los manifestantes y los pol\u00edticos de la oposici\u00f3n.<\/p>\n<p><strong>Serbia, atrapada entre Europa y Rusia, podr\u00eda acercarse un paso a la normalizaci\u00f3n de las relaciones con Kosovo<\/strong><\/p>\n<p>Muchos expertos y observadores de los Balcanes estaban decepcionados con la pol\u00edtica regional de la Administraci\u00f3n Biden, alegando que la administraci\u00f3n apacigu\u00f3 al r\u00e9gimen v\u00facico y se neg\u00f3 a llamar a sus pr\u00e1cticas antidemocr\u00e1ticas. Los esfuerzos para influir en Vucic y mantener lazos cercanos con Belgrado fueron vistos como parte integral del proceso de normalizaci\u00f3n de Serbia-Kosovo y su camino hacia la ascensi\u00f3n de la Uni\u00f3n Europea. <\/p>\n<div class=\"image-ct inline\">\n<div class=\"m\"><picture><source media=\"(max-width: 767px)\" srcset=\"https:\/\/a57.foxnews.com\/static.foxnews.com\/foxnews.com\/content\/uploads\/2023\/05\/343\/192\/serbia3.png?ve=1&amp;tl=1, https:\/\/a57.foxnews.com\/static.foxnews.com\/foxnews.com\/content\/uploads\/2023\/05\/686\/384\/serbia3.png?ve=1&amp;tl=1 2x\" height=\"192\" width=\"343\"><source media=\"(min-width: 768px) and (max-width: 1023px)\" srcset=\"https:\/\/a57.foxnews.com\/static.foxnews.com\/foxnews.com\/content\/uploads\/2023\/05\/672\/378\/serbia3.png?ve=1&amp;tl=1, https:\/\/a57.foxnews.com\/static.foxnews.com\/foxnews.com\/content\/uploads\/2023\/05\/1344\/756\/serbia3.png?ve=1&amp;tl=1 2x\" height=\"378\" width=\"672\"><source media=\"(min-width: 1024px) and (max-width: 1279px)\" srcset=\"https:\/\/a57.foxnews.com\/static.foxnews.com\/foxnews.com\/content\/uploads\/2023\/05\/931\/523\/serbia3.png?ve=1&amp;tl=1, https:\/\/a57.foxnews.com\/static.foxnews.com\/foxnews.com\/content\/uploads\/2023\/05\/1862\/1046\/serbia3.png?ve=1&amp;tl=1 2x\" height=\"523\" width=\"931\"><source media=\"(min-width: 1280px)\" srcset=\"https:\/\/a57.foxnews.com\/static.foxnews.com\/foxnews.com\/content\/uploads\/2023\/05\/720\/405\/serbia3.png?ve=1&amp;tl=1, https:\/\/a57.foxnews.com\/static.foxnews.com\/foxnews.com\/content\/uploads\/2023\/05\/1440\/810\/serbia3.png?ve=1&amp;tl=1 2x\" height=\"405\" width=\"720\"><img loading=\"lazy\" decoding=\"async\" src=\"https:\/\/a57.foxnews.com\/static.foxnews.com\/foxnews.com\/content\/uploads\/2023\/05\/1200\/675\/serbia3.png?ve=1&amp;tl=1\" alt=\"Presidente de Serbia hablando frente a los micr\u00f3fonos a su naci\u00f3n\" width=\"1200\" height=\"675\"\/><\/source><\/source><\/source><\/source><\/picture><\/div>\n<div class=\"info\">\n<div class=\"caption\">\n<p><span>El presidente serbio Vucic, que permanece cerca de Rusia, se ha mantenido desafiante, ignorando las llamadas para renunciar y acusando al movimiento de protesta de planificar ataques violentos y avivar una guerra civil.<\/span> <span>(Agencia Milos Miskov\/Anadolu a trav\u00e9s de Getty Images)<\/span><\/p>\n<\/div>\n<\/div>\n<\/div>\n<p>Un ex diplom\u00e1tico de alto rango con conocimiento experto de los Balcanes dijo a Fox News Digital que Vucic retrata err\u00f3neamente a los manifestantes como inspirados y liderados por la \u00ab\u00e9lite globalista\u00bb, con la esperanza de ganar la atenci\u00f3n y el apoyo del presidente Trump. <\/p>\n<p><strong><u>Haga clic aqu\u00ed para obtener la aplicaci\u00f3n Fox News<\/u><\/strong><\/p>\n<p>Si el presidente Trump quiere una victoria r\u00e1pida y barata para \u00e9l y los EE. UU. En los Balcanes, el diplom\u00e1tico dijo que Trump deber\u00eda cambiar la postura regional de los Estados Unidos de apaciguar a Vucic a contenerlo. Tal postura en Serbia mostrar\u00e1 que Estados Unidos no est\u00e1 bromeando en los Balcanes y quiere una soluci\u00f3n pac\u00edfica para cocinar a fuego lento mientras utiliza la doctrina de \u00abpaz a trav\u00e9s de la fuerza\u00bb.<\/p>\n<p> <!----> <\/div>\n\n","protected":false},"excerpt":{"rendered":"<p>Las protestas dirigidas por estudiantes representan la amenaza m\u00e1s gravemente para los 14 a\u00f1os del fuerte serbio Aleksandar Vucic, con m\u00e1s de 100,000 en las calles de Belgrado y ciudades de todo Serbia, llamando a la corrupci\u00f3n sist\u00e9mica en todo el gobierno. El 15 de marzo vio lo que muchos creen que son las multitudes &hellip;<\/p>\n","protected":false},"author":1,"featured_media":19037,"comment_status":"open","ping_status":"open","sticky":false,"template":"","format":"standard","meta":{"fifu_image_url":"https:\/\/static.foxnews.com\/foxnews.com\/content\/uploads\/2025\/03\/2025-03-15t173255z_292910657_rc2tddale4of_rtrmadp_3_serbia-protests-scaled.jpg","fifu_image_alt":"","footnotes":""},"categories":[13],"tags":[],"class_list":["post-19035","post","type-post","status-publish","format-standard","has-post-thumbnail","","category-mundo"],"_links":{"self":[{"href":"https:\/\/noticiasveraces.com\/index.php?rest_route=\/wp\/v2\/posts\/19035","targetHints":{"allow":["GET"]}}],"collection":[{"href":"https:\/\/noticiasveraces.com\/index.php?rest_route=\/wp\/v2\/posts"}],"about":[{"href":"https:\/\/noticiasveraces.com\/index.php?rest_route=\/wp\/v2\/types\/post"}],"author":[{"embeddable":true,"href":"https:\/\/noticiasveraces.com\/index.php?rest_route=\/wp\/v2\/users\/1"}],"replies":[{"embeddable":true,"href":"https:\/\/noticiasveraces.com\/index.php?rest_route=%2Fwp%2Fv2%2Fcomments&post=19035"}],"version-history":[{"count":0,"href":"https:\/\/noticiasveraces.com\/index.php?rest_route=\/wp\/v2\/posts\/19035\/revisions"}],"wp:featuredmedia":[{"embeddable":true,"href":"https:\/\/noticiasveraces.com\/index.php?rest_route=\/wp\/v2\/media\/19037"}],"wp:attachment":[{"href":"https:\/\/noticiasveraces.com\/index.php?rest_route=%2Fwp%2Fv2%2Fmedia&parent=19035"}],"wp:term":[{"taxonomy":"category","embeddable":true,"href":"https:\/\/noticiasveraces.com\/index.php?rest_route=%2Fwp%2Fv2%2Fcategories&post=19035"},{"taxonomy":"post_tag","embeddable":true,"href":"https:\/\/noticiasveraces.com\/index.php?rest_route=%2Fwp%2Fv2%2Ftags&post=19035"}],"curies":[{"name":"wp","href":"https:\/\/api.w.org\/{rel}","templated":true}]}}