{"id":19033,"date":"2025-03-17T16:17:41","date_gmt":"2025-03-17T20:17:41","guid":{"rendered":"https:\/\/noticiasveraces.com\/?p=19033"},"modified":"2025-03-17T16:17:41","modified_gmt":"2025-03-17T20:17:41","slug":"la-administracion-de-los-angeles-silencia-la-voz-de-america-dw-17-03-2025","status":"publish","type":"post","link":"https:\/\/noticiasveraces.com\/?p=19033","title":{"rendered":"La administraci\u00f3n de Los \u00c1ngeles Silencia la Voz de Am\u00e9rica &#8211; DW &#8211; 17\/03\/2025"},"content":{"rendered":"<p> \n<\/p>\n<div>\n<p>El Presidente de Estados Unidos, Donald Trump, Retir\u00f3 la FinancioN\u00f3n Estatal, una voz de Amercia (VOA), La Hist\u00f3rica Cadena Internacional para El Extranjar, Con M\u00e1s de 80 A\u00f1os de Existencia, Que se Cre\u00f3 en 1942 para contrarrestar la propaganda nazi.<\/p>\n<p>Seg\u00fan una Orden Ejecutiva de la Casa Blanca del 14 de Marzo de 2025, Ocho Agencias Deben reducir sus actividades y su personal un M\u00ednimo un nivel. La Segunda Agencia Mencionada Es la Agencia de Estados Unidos para los Medios Globales (USAGM), Responsable de las emisoras para el Extranjar Financias por el Gobierno, Como la Voz de Am\u00e9rica (VOA). Adem\u00e1s, Usagm Financia A Emisoras Independientes, Como Radio Free Free Europe\/Radio Liberty (RFE\/RL) y Radio Free Asia. Todas Ellas Transmiten Informaci\u00f3n en Casi 50 Idiomas A Unos 361 Millones de Personas, Y Ahora Est\u00e1n en Peligro de Desaparecer.<\/p>\n<h2>Reporteros sin fronteras: \u00abDuro Golpe a la Libertad de Prensa\u00bb<\/h2>\n<p>La Interrupci\u00f3 de los Programas en Diferentes Idiomas Afectar\u00eda A Las Personas, Sobre TODO, EN PA\u00cdSES DONDE LOS GOBIERNOS AUTOCR\u00c1TOS IMPIDEN A LA LA PRENSA LIBRIMENTO INSOCARIO NACONAL.<\/p>\n<p>Maren Pfalzgraf, Encargada de Pol\u00cdticas para am\u00e9rica del Norte y del Sur de la Secci\u00f3n Alemana de Reportersos sin fronteras (RSF), Dijo en Entrevista A DW: \u00abESTO ES REALMENTO UNO DURO GOLPE A LA LIBERTAD DE PRENSA. LA DECISI\u00d3N AFECTA A MILLONES DE MILLONES DE LA PERSONES DE LA MUNTO, EL MUNTO, EL MUNTO. Que Han Recibido Informaci\u00f3n Independiente de Emisoras Extranjeras estadounidenses \u00ab.<\/p>\n<h2>Zimbabue: una voz inc\u00f3moda se apaga<\/h2>\n<p>Lo que este significan t\u00e9rminos concretos puede iluslarse con el eJemplo de zimbabue. RSF Sit\u00faa al Pa\u00eds Sudafricano en el PUESTO 116 de su Clasificaci\u00f3n de Libertad de Prensa, Entre Otras Cosas, por diferencia de la oposici\u00f3nica en la televisi\u00f3n estatal y detenciones regulares de periodistas independientes. La Voz de Am\u00e9rica ha transmitido, Hasta Ahora, en Los Tres Idiomas Principales del Pa\u00eds: Ingl\u00e9s, Shona y Ndebele.<\/p>\n<p>Un periodista zimbabuense, que trabaj\u00f3 Principalmento para voa, Se\u00f1al\u00f3 a DW: \u00abHasta Ahora, Los Medios de Comunicaci\u00f3n Controlados por El El El El El El El El El Electado de los Socios de los Socios, los Simberios de los Simberates, los Simberates, los Simberates, los Simberates. APlaudiero (La Medida) Durante el Fin de Semana.<\/p>\n<figure class=\"placeholder-image master_landscape big\"><img data-format=\"MASTER_LANDSCAPE\" data-id=\"71105227\" data-url=\"https:\/\/static.dw.com\/image\/71105227_${formatId}.jpg\" data-aspect-ratio=\"16\/9\" alt=\"Un Mano Manja el Dial de Una Radio de Onda Corta en Zimbabue.\" style=\"padding-bottom: 56.25%; height: 0; max-height: 0;\"\/><figcaption class=\"img-caption\">Seg\u00fan RSF, Est\u00e1 Poshibido Poseer Radios de Onda Corta en Zimbabue, Y Las Frecuencias de Las Emisoras Cryticas Con El Gobierno Est\u00e1n T\u00e9cnicamento interferidas. A PESAR DE ESO, VOA SE ha consolidado como una fuente de Informaci\u00f3n Independiente.<small class=\"copyright\">Imagen: Tsvangirayi Mukwazhi\/AP Photo\/Picture Alliance<\/small><\/figcaption><\/figure>\n<h2>Trump, almizcle, el lago y su perspectiva SOBRE VOA<\/h2>\n<p>Adem\u00e1s de la Orden Ejecutiva, La Casa Blanca Satiriz\u00f3 a la voa como la \u00abVoz de la Am\u00e9rica Radical\u00bb. En febrero, Elon Musk denunci\u00f3 a voa ya rfe\/rl como \u00abradicales de izquierda que consigo consigo mismos y queman mil milmones de d\u00f3lares del dinero de los contribuyentes estadounidenses\u00bb.<\/p>\n<p>Maren Pfalzgraf, de Reportersos Sin Fronteras, Advirti\u00f3 Sobre Kari Lake, Jefa de Facto de Usagm Bajo El Gobierno de Trump: \u00abTuite\u00f3 Que Quiere Difundir LOS LOGROS DE ESTADOS UNIDOS. ESTO SUGIERE QUE QIERE EJERCER EDIFIER\u00cd Administraci\u00f3n Trump, Al Mundo \u00ab.<\/p>\n<p><span data-slot-id=\"Article_InContent-1\" class=\"rich-text-ad\"\/><\/p>\n<h2>Ira y despidos en Washington<\/h2>\n<p>La Administraci\u00f3n de La Trump Dio de Baja a M\u00e1s de 1.300 Empleadas de Voa el 15 de Marzo Con Efecto Inmediato. Una periodista asi\u00e1tica, que trabaj\u00f3 en la sede Central de la Empresa en Washington, Cont\u00f3 a dw que \u00abMuchos de Estos 550 Periodistas No son CiADadanos Estadounidenses, Sino Que se Encuentran en Estados Unidos Con Visas Educitas y Deben Abandonar El Pa\u00eds\u00bb.<\/p>\n<p>Est\u00e1 Enojada, Tristado y Profundamento preocupada por la Situaci\u00f3n: \u00abCada Vez es M\u00e1s Dif\u00edcil Que Persistan Noticias Neutrales, Objetivas, Precisas y Basadas en Hechos en Un Mundo inundado de propaganda y desinformaci\u00f3n\u00bb.<\/p>\n<figure class=\"placeholder-image master_landscape big\"><img data-format=\"MASTER_LANDSCAPE\" data-id=\"71934817\" data-url=\"https:\/\/static.dw.com\/image\/71934817_${formatId}.jpg\" data-aspect-ratio=\"16\/9\" alt=\"Edificio de Radio Free Europe\/Radio Liberty.\" style=\"padding-bottom: 56.25%; height: 0; max-height: 0;\"\/><figcaption class=\"img-caption\">Radio Free Europe\/Radio Liberty Transmit\u00eda Desde M\u00fanich Hacia El Este Durante la Guerra Fr\u00eda. Desde 1994, La Emisora \u200b\u200bTiene Su Sede en la Capital Checa, Praga.<small class=\"copyright\">Imagen: Michal Kamaryt\/DPA\/Picture Alliance<\/small><\/figcaption><\/figure>\n<h2>\u00abFuente de Informaci\u00f3n M\u00e1s f\u00e1brica y sin censura\u00bb<\/h2>\n<p>La Voz de Am\u00e9rica Sali\u00f3 al Aire en Alem\u00e1n por Primera Vez en 1942, Para OfRecer una alternativa a Los Programas de Radio Controlados por el R\u00e9gimen Nazi. El N\u00daMERO DE IDIOMAS AUMENT\u00d3 R\u00c1PIDAME. Rfe\/rl se fund\u00f3 con una misi\u00f3n similar Durante la Guerra Fr\u00eda, y Rfa, EN 1996.<\/p>\n<p>Chang Ping, del programa de chino de dw, Estuvo presente en las protestas un favor de la democracia en China en 1989: \u00abRecuerdo muy bien a Todos Reunidos en Un Rinc\u00f3n del Campus para Escuchar la Voz de Am\u00e9rica A Traves de los Altones Instalados por Los Estudiantes. En Aquel Entonces, Entonces, Errica de Traves de los Altones Instalados por Los Estudiantes. m\u00e1s fialize y sin censura, lo que nos Asegur\u00f3 la atencia hacia internacional el movimiento dem\u00f3crata chino y alent\u00f3 las protestas estudiantiles \u201d, Relata.<\/p>\n<figure class=\"placeholder-image master_landscape big\"><img data-format=\"MASTER_LANDSCAPE\" data-id=\"69257320\" data-url=\"https:\/\/static.dw.com\/image\/69257320_${formatId}.jpg\" data-aspect-ratio=\"16\/9\" alt=\"Representa del Ej\u00e9rcito Chino de Las Protestas en favor de la democracia en la Plaza Central de Tian'anmen, Pek\u00edn, 1989.\" style=\"padding-bottom: 56.25%; height: 0; max-height: 0;\"\/><figcaption class=\"img-caption\">El Ej\u00e9rcito Chino Reprimi\u00f3 Sangronteamento las Protestas en favor de la democracia en la Plaza Central de Tian&#8217;anmen, en Pek\u00edn, en Junio \u200b\u200bde 1989.<small class=\"copyright\">Imagen: Jeff Widener\/AP\/DPA\/Picture Alliance<\/small><\/figcaption><\/figure>\n<p>\u00abTodos los periodistas Chinos Independientes, Abogados de Derechos Humanos, Tibetanos, Uigues, Mongoles y Otros Activistas de Derechos Humanos Han Recibido Alg\u00fan Tipo de apoyo de La Voz de Am\u00e9rica y de Radio Asia Libre. Especialme desde de Los Medios de Comunicacia en China se ha deteriorado, lo que hace que nos informa sin censura sean a\u00fan m\u00e1s valiosos \u201d, subraya.<\/p>\n<p>La voa es parte de la roja internacional de radiodifusi\u00f3n p\u00fablica dg8, que tambi\u00e9n incluye a deutsche welle. En una conferencia de prensa en l\u00ednea, el director general de dw, Peter Limbourg, Denunci\u00f3 Que la Administracia de Trump HA Debilitado la Libertad y Ha Fortalecido la Autocracia: \u00abLa Experiment de Nuestros Colegas Europeos Hasta Ahora Es que, en CUANTO Suranto es lamentable.<\/p>\n<p>(RMR\/CP)<\/p>\n<\/div>\n\n","protected":false},"excerpt":{"rendered":"<p>El Presidente de Estados Unidos, Donald Trump, Retir\u00f3 la FinancioN\u00f3n Estatal, una voz de Amercia (VOA), La Hist\u00f3rica Cadena Internacional para El Extranjar, Con M\u00e1s de 80 A\u00f1os de Existencia, Que se Cre\u00f3 en 1942 para contrarrestar la propaganda nazi. Seg\u00fan una Orden Ejecutiva de la Casa Blanca del 14 de Marzo de 2025, Ocho &hellip;<\/p>\n","protected":false},"author":1,"featured_media":19034,"comment_status":"open","ping_status":"open","sticky":false,"template":"","format":"standard","meta":{"fifu_image_url":"https:\/\/static.dw.com\/image\/71940490_6.jpg","fifu_image_alt":"","footnotes":""},"categories":[13],"tags":[],"class_list":["post-19033","post","type-post","status-publish","format-standard","has-post-thumbnail","","category-mundo"],"_links":{"self":[{"href":"https:\/\/noticiasveraces.com\/index.php?rest_route=\/wp\/v2\/posts\/19033","targetHints":{"allow":["GET"]}}],"collection":[{"href":"https:\/\/noticiasveraces.com\/index.php?rest_route=\/wp\/v2\/posts"}],"about":[{"href":"https:\/\/noticiasveraces.com\/index.php?rest_route=\/wp\/v2\/types\/post"}],"author":[{"embeddable":true,"href":"https:\/\/noticiasveraces.com\/index.php?rest_route=\/wp\/v2\/users\/1"}],"replies":[{"embeddable":true,"href":"https:\/\/noticiasveraces.com\/index.php?rest_route=%2Fwp%2Fv2%2Fcomments&post=19033"}],"version-history":[{"count":0,"href":"https:\/\/noticiasveraces.com\/index.php?rest_route=\/wp\/v2\/posts\/19033\/revisions"}],"wp:featuredmedia":[{"embeddable":true,"href":"https:\/\/noticiasveraces.com\/index.php?rest_route=\/wp\/v2\/media\/19034"}],"wp:attachment":[{"href":"https:\/\/noticiasveraces.com\/index.php?rest_route=%2Fwp%2Fv2%2Fmedia&parent=19033"}],"wp:term":[{"taxonomy":"category","embeddable":true,"href":"https:\/\/noticiasveraces.com\/index.php?rest_route=%2Fwp%2Fv2%2Fcategories&post=19033"},{"taxonomy":"post_tag","embeddable":true,"href":"https:\/\/noticiasveraces.com\/index.php?rest_route=%2Fwp%2Fv2%2Ftags&post=19033"}],"curies":[{"name":"wp","href":"https:\/\/api.w.org\/{rel}","templated":true}]}}