{"id":18996,"date":"2025-03-17T13:05:15","date_gmt":"2025-03-17T17:05:15","guid":{"rendered":"https:\/\/noticiasveraces.com\/?p=18996"},"modified":"2025-03-17T13:05:15","modified_gmt":"2025-03-17T17:05:15","slug":"el-funcionario-irani-revela-la-trama-de-asesinato-del-regimen-en-medio-de-un-juicio-en-curso-de-nueva-york","status":"publish","type":"post","link":"https:\/\/noticiasveraces.com\/?p=18996","title":{"rendered":"El funcionario iran\u00ed revela la trama de asesinato del r\u00e9gimen en medio de un juicio en curso de Nueva York"},"content":{"rendered":"<p> \n<\/p>\n<div>\n<p class=\"speakable\">El juicio federal con sede en Manhattan de dos presuntos asesinos contratados contratados por el Cuerpo de la Guardia Revolucionaria Isl\u00e1mica de Ir\u00e1n (IRGC) para asesinar a los periodistas iran\u00edes-estadounidenses Masih Alinejad coincidi\u00f3 con revelaciones impactantes de que Teher\u00e1n orden\u00f3 los asesinatos de disidentes en Europa, la noticia que podr\u00eda tener implicaciones exhaustivas para la impactante pol\u00edtica de Iran.<\/p>\n<p class=\"speakable\">El juicio de los dos sospechosos y las revelaciones de un ex fundador de la organizaci\u00f3n terrorista sancionada por los Estados Unidos IRGC de que los ayatol\u00e1s ordenaron que los asesinatos de iran\u00edes en exilios agregan una mayor urgencia a la necesidad de abordar las amenazas de Ir\u00e1n para asesinar al presidente de Donald Trump, el ex secretario del estado Mike Pompeo y los cr\u00edticos de Ir\u00e1n y los primeros de Ir\u00e1n de la Registra, seg\u00fan el presidente de Donald Donald, el ex Secretario de Mike Pompeo y los cr\u00edticos de Ir\u00e1n, seg\u00fan el Presidente de Donald Donald Donald.<\/p>\n<p>Mohsen Rafiqdoost, un ex funcionario de IRGC de alto nivel que tambi\u00e9n se desempe\u00f1\u00f3 como guardaespaldas para el fundador de la Rep\u00fablica Isl\u00e1mica, Ayatollah Ruhollah Jomeini, declar\u00f3 en una entrevista de video que supervis\u00f3 las operaciones para eliminar los disidentes iran\u00edes exiliados.  <\/p>\n<p>En una entrevista sobre la salida del r\u00e9gimen iran\u00ed Didehban-E Ir\u00e1n, dijo que los disidentes incluyeron al ex primer ministro iran\u00ed Shapour Bakhtiar, el popular artista Fereydoun Farrokhzad, que fue asesinado en Bonn, Alemania y los oficiales militares Gholam-Ali Oveissi y Shahriar Shafiq.<\/p>\n<p>Rafiqdoost dijo: \u00abEl grupo separatista vasco en Espa\u00f1a llev\u00f3 a cabo estos asesinatos por nosotros. Les pagamos y llevaron a cabo los asesinatos en nuestro nombre\u00bb.<\/p>\n<p><strong>El l\u00edder supremo de Ir\u00e1n rechaza las conversaciones nucleares con nosotros despu\u00e9s de las propuestas de Trump<\/strong><\/p>\n<div class=\"image-ct inline\">\n<div class=\"m\"><picture><source media=\"(max-width: 767px)\" srcset=\"https:\/\/a57.foxnews.com\/static.foxnews.com\/foxnews.com\/content\/uploads\/2022\/10\/343\/192\/Iranian-activist-Masih-Alinejad-We-say-no-to-religious-dictatorship-.jpg?ve=1&amp;tl=1, https:\/\/a57.foxnews.com\/static.foxnews.com\/foxnews.com\/content\/uploads\/2022\/10\/686\/384\/Iranian-activist-Masih-Alinejad-We-say-no-to-religious-dictatorship-.jpg?ve=1&amp;tl=1 2x\" height=\"192\" width=\"343\"><source media=\"(min-width: 768px) and (max-width: 1023px)\" srcset=\"https:\/\/a57.foxnews.com\/static.foxnews.com\/foxnews.com\/content\/uploads\/2022\/10\/672\/378\/Iranian-activist-Masih-Alinejad-We-say-no-to-religious-dictatorship-.jpg?ve=1&amp;tl=1, https:\/\/a57.foxnews.com\/static.foxnews.com\/foxnews.com\/content\/uploads\/2022\/10\/1344\/756\/Iranian-activist-Masih-Alinejad-We-say-no-to-religious-dictatorship-.jpg?ve=1&amp;tl=1 2x\" height=\"378\" width=\"672\"><source media=\"(min-width: 1024px) and (max-width: 1279px)\" srcset=\"https:\/\/a57.foxnews.com\/static.foxnews.com\/foxnews.com\/content\/uploads\/2022\/10\/931\/523\/Iranian-activist-Masih-Alinejad-We-say-no-to-religious-dictatorship-.jpg?ve=1&amp;tl=1, https:\/\/a57.foxnews.com\/static.foxnews.com\/foxnews.com\/content\/uploads\/2022\/10\/1862\/1046\/Iranian-activist-Masih-Alinejad-We-say-no-to-religious-dictatorship-.jpg?ve=1&amp;tl=1 2x\" height=\"523\" width=\"931\"><source media=\"(min-width: 1280px)\" srcset=\"https:\/\/a57.foxnews.com\/static.foxnews.com\/foxnews.com\/content\/uploads\/2022\/10\/720\/405\/Iranian-activist-Masih-Alinejad-We-say-no-to-religious-dictatorship-.jpg?ve=1&amp;tl=1, https:\/\/a57.foxnews.com\/static.foxnews.com\/foxnews.com\/content\/uploads\/2022\/10\/1440\/810\/Iranian-activist-Masih-Alinejad-We-say-no-to-religious-dictatorship-.jpg?ve=1&amp;tl=1 2x\" height=\"405\" width=\"720\"><img loading=\"lazy\" decoding=\"async\" src=\"https:\/\/a57.foxnews.com\/static.foxnews.com\/foxnews.com\/content\/uploads\/2022\/10\/1200\/675\/Iranian-activist-Masih-Alinejad-We-say-no-to-religious-dictatorship-.jpg?ve=1&amp;tl=1\" alt=\"Foto de un activista iran\u00ed\" width=\"1200\" height=\"675\"\/><\/source><\/source><\/source><\/source><\/picture><\/div>\n<div class=\"info\">\n<div class=\"caption\">\n<p><span>Alinejad supuestamente fue atacado por el r\u00e9gimen iran\u00ed en un intento de asesinato frustrado. <\/span> <span>(Fox News)<\/span><\/p>\n<\/div>\n<\/div>\n<\/div>\n<p>Jason Brodsky, director de pol\u00edticas de United contra el Ir\u00e1n nuclear (UANI), dijo: \u00abLos comentarios de Mohsen Rafiqdoost son una admisi\u00f3n de culpa. Deben ser reproducidos cuando un funcionario iran\u00ed es entrevistado por un periodista occidental que niega la complicidad en la trama de Assass. en la arena \u00ab.<\/p>\n<p>La semana pasada, los ministros extranjeros de las democracias del G-7 anunciaron en una declaraci\u00f3n conjunta, \u00abque Ir\u00e1n es la principal fuente de inestabilidad regional y nunca se le debe permitir desarrollar y adquirir un arma nuclear. Enfatizaron que Ir\u00e1n ahora debe cambiar el curso, degradarse y elegir la diplomacia. Subrayaron la amenaza de la creciente uso de Ir\u00e1n de la detenci\u00f3n arbitraria y los intentos de ascenso extranjeros como una herramienta de coerci\u00f3n de la coerci\u00f3n de\u00bb herramienta \u00abde la herramienta de coerci\u00f3n de\u00bb.<\/p>\n<p>La referencia a los \u00abintentos de asesinato extranjero\u00bb es una reprensi\u00f3n ret\u00f3rica colectiva inusualmente dura para Ir\u00e1n debido a sus esfuerzos para asesinar a Trump, Alinejad e disidentes iran\u00edes en todo el mundo.<\/p>\n<p>En noviembre, Fox News Digital inform\u00f3 que el Departamento de Justicia anunci\u00f3 que frustraba un complot iran\u00ed para matar a Trump en las semanas previas a las elecciones. <\/p>\n<p>La experta en Ir\u00e1n, Lisa Daftari, dijo a Fox News Digital: \u00abEsta revelaci\u00f3n sobre la campa\u00f1a de asesinato global de Ir\u00e1n es un marcado recordatorio de las longitudes a las que los reg\u00edmenes autoritarios ir\u00e1n a silenciar la disidencia y ejercer el control de la disidencia y ejercer el control m\u00e1s all\u00e1 de sus fronteras. Es un ataque flagrante contra las normas internacionales y una amenaza directa a la seguridad global. Los Estados Unidos deben responder decisivamente, no con sus palabras, pero es un ataque flagrante a las normas internacionales y a las normas internacionales. Direcci\u00f3n correcta, pero no es suficiente disuadir a los mul\u00e1s \u00ab.<\/p>\n<p><strong>El activista habla despu\u00e9s de que Ir\u00e1n intente matarla<\/strong><strong>  <\/strong><\/p>\n<div class=\"image-ct inline\">\n<div class=\"m\"><picture><source media=\"(max-width: 767px)\" srcset=\"https:\/\/a57.foxnews.com\/static.foxnews.com\/foxnews.com\/content\/uploads\/2020\/09\/343\/192\/Islamic-Revolutionary-Guard-Corps-REUTERS.jpg?ve=1&amp;tl=1, https:\/\/a57.foxnews.com\/static.foxnews.com\/foxnews.com\/content\/uploads\/2020\/09\/686\/384\/Islamic-Revolutionary-Guard-Corps-REUTERS.jpg?ve=1&amp;tl=1 2x\" height=\"192\" width=\"343\"><source media=\"(min-width: 768px) and (max-width: 1023px)\" srcset=\"https:\/\/a57.foxnews.com\/static.foxnews.com\/foxnews.com\/content\/uploads\/2020\/09\/672\/378\/Islamic-Revolutionary-Guard-Corps-REUTERS.jpg?ve=1&amp;tl=1, https:\/\/a57.foxnews.com\/static.foxnews.com\/foxnews.com\/content\/uploads\/2020\/09\/1344\/756\/Islamic-Revolutionary-Guard-Corps-REUTERS.jpg?ve=1&amp;tl=1 2x\" height=\"378\" width=\"672\"><source media=\"(min-width: 1024px) and (max-width: 1279px)\" srcset=\"https:\/\/a57.foxnews.com\/static.foxnews.com\/foxnews.com\/content\/uploads\/2020\/09\/931\/523\/Islamic-Revolutionary-Guard-Corps-REUTERS.jpg?ve=1&amp;tl=1, https:\/\/a57.foxnews.com\/static.foxnews.com\/foxnews.com\/content\/uploads\/2020\/09\/1862\/1046\/Islamic-Revolutionary-Guard-Corps-REUTERS.jpg?ve=1&amp;tl=1 2x\" height=\"523\" width=\"931\"><source media=\"(min-width: 1280px)\" srcset=\"https:\/\/a57.foxnews.com\/static.foxnews.com\/foxnews.com\/content\/uploads\/2020\/09\/720\/405\/Islamic-Revolutionary-Guard-Corps-REUTERS.jpg?ve=1&amp;tl=1, https:\/\/a57.foxnews.com\/static.foxnews.com\/foxnews.com\/content\/uploads\/2020\/09\/1440\/810\/Islamic-Revolutionary-Guard-Corps-REUTERS.jpg?ve=1&amp;tl=1 2x\" height=\"405\" width=\"720\"><img loading=\"lazy\" decoding=\"async\" src=\"https:\/\/a57.foxnews.com\/static.foxnews.com\/foxnews.com\/content\/uploads\/2020\/09\/1200\/675\/Islamic-Revolutionary-Guard-Corps-REUTERS.jpg?ve=1&amp;tl=1\" alt=\"Miembros de la Guardia Revolucionaria iran\u00ed Marchando\" width=\"1200\" height=\"675\"\/><\/source><\/source><\/source><\/source><\/picture><\/div>\n<div class=\"info\">\n<div class=\"caption\">\n<p><span>Miembros de la marcha del Cuerpo de la Guardia Revolucionaria Isl\u00e1mica de Ir\u00e1n durante un desfile. El IRGC es designado como una organizaci\u00f3n terrorista extranjera por el Departamento de Estado.<\/span> <span>(Reuters)<\/span><\/p>\n<\/div>\n<\/div>\n<\/div>\n<p>Daftari, quien es el editor en jefe del escritorio extranjero, agreg\u00f3: \u00abNecesitamos una colaboraci\u00f3n de inteligencia m\u00e1s fuerte con nuestros aliados y una mayor presi\u00f3n sobre el IRGC a trav\u00e9s de las sanciones y cualquier otra medida punitiva necesaria. El mensaje debe ser claro: no hay lugar para el terrorismo patrocinado por el estado en nuestro suelo\u00bb.<\/p>\n<p>Estados Unidos y Canad\u00e1 han clasificado el IRGC como una entidad terrorista extranjera. A pesar de las numerosas tramas y asesinatos de terrorismo del IRGC en Europa, el Reino Unido y la Uni\u00f3n Europea se han opuesto a una designaci\u00f3n del IRGC como organizaci\u00f3n terrorista.<\/p>\n<p>Wahied Wahdat-Hagh, un experto alem\u00e1n-iran\u00ed en las campa\u00f1as de asesinato de Teher\u00e1n, le dijo a Fox News Digital sobre el ex l\u00edder del IRGC: \u00abPertenece al grupo de islamistas conservadores que nunca han ocultado los cr\u00edmenes que cometieron. Se enorgullece de que los oponentes del r\u00e9gimen fueron ejecutados en el exilio\u00bb.<\/p>\n<p><strong>Trump anuncia &#8216;ataques a\u00e9reos decisivos y poderosos contra terroristas hut\u00edes en Yemen<\/strong><\/p>\n<div class=\"image-ct inline\">\n<div class=\"m\"><picture><source media=\"(max-width: 767px)\" srcset=\"https:\/\/a57.foxnews.com\/static.foxnews.com\/foxnews.com\/content\/uploads\/2022\/03\/343\/192\/iran1.jpg?ve=1&amp;tl=1, https:\/\/a57.foxnews.com\/static.foxnews.com\/foxnews.com\/content\/uploads\/2022\/03\/686\/384\/iran1.jpg?ve=1&amp;tl=1 2x\" height=\"192\" width=\"343\"><source media=\"(min-width: 768px) and (max-width: 1023px)\" srcset=\"https:\/\/a57.foxnews.com\/static.foxnews.com\/foxnews.com\/content\/uploads\/2022\/03\/672\/378\/iran1.jpg?ve=1&amp;tl=1, https:\/\/a57.foxnews.com\/static.foxnews.com\/foxnews.com\/content\/uploads\/2022\/03\/1344\/756\/iran1.jpg?ve=1&amp;tl=1 2x\" height=\"378\" width=\"672\"><source media=\"(min-width: 1024px) and (max-width: 1279px)\" srcset=\"https:\/\/a57.foxnews.com\/static.foxnews.com\/foxnews.com\/content\/uploads\/2022\/03\/931\/523\/iran1.jpg?ve=1&amp;tl=1, https:\/\/a57.foxnews.com\/static.foxnews.com\/foxnews.com\/content\/uploads\/2022\/03\/1862\/1046\/iran1.jpg?ve=1&amp;tl=1 2x\" height=\"523\" width=\"931\"><source media=\"(min-width: 1280px)\" srcset=\"https:\/\/a57.foxnews.com\/static.foxnews.com\/foxnews.com\/content\/uploads\/2022\/03\/720\/405\/iran1.jpg?ve=1&amp;tl=1, https:\/\/a57.foxnews.com\/static.foxnews.com\/foxnews.com\/content\/uploads\/2022\/03\/1440\/810\/iran1.jpg?ve=1&amp;tl=1 2x\" height=\"405\" width=\"720\"><img loading=\"lazy\" decoding=\"async\" src=\"https:\/\/a57.foxnews.com\/static.foxnews.com\/foxnews.com\/content\/uploads\/2022\/03\/1200\/675\/iran1.jpg?ve=1&amp;tl=1\" alt=\"Mural de Ir\u00e1n de l\u00edderes supremos\" width=\"1200\" height=\"675\"\/><\/source><\/source><\/source><\/source><\/picture><\/div>\n<div class=\"info\">\n<div class=\"caption\">\n<p><span>Un gran mural de ayatol\u00e1 Khamenei, que incluye uno m\u00e1s peque\u00f1o de Ayatollah Ruhollah Khomeini, en Teher\u00e1n, Ir\u00e1n, el 8 de marzo de 2020.<\/span> <span>(Kaveh Kazemi\/Getty Images)<\/span><\/p>\n<\/div>\n<\/div>\n<\/div>\n<p>Fox News Digital envi\u00f3 una consulta de prensa a la oficina del fiscal federal alem\u00e1n y la oficina del fiscal en Bonn, donde Farrokhzad fue asesinado, preguntando si planean reabrir el caso de Farrokhzad. <\/p>\n<p>Mina Ahadi, un destacado disidente alem\u00e1n-iran\u00ed, mencion\u00f3 el caso del ex embajador de Ir\u00e1n en Alemania, seyed Hossein Mousavian, quien actualmente es investigador en la Universidad de Princeton, y pidi\u00f3 su arresto por las autoridades.<\/p>\n<p>Fox News Digital inform\u00f3 en abril de 2024 que el Mousavian supuestamente supervis\u00f3 los asesinatos de los disidentes iran\u00edes en Europa en la d\u00e9cada de 1990, incluido Farrokhzad. Mousavian, quien fue el embajador de Ir\u00e1n en Alemania desde 1990 hasta 1997, ha negado con vehemencia las acusaciones de que estuvo involucrado en la masacre de disidentes kurdos ordenados por el r\u00e9gimen iran\u00ed en un restaurante de Berl\u00edn en 1992.<\/p>\n<p><strong>La administraci\u00f3n entrante de Trump le dio un nuevo plan sobre las formas de debilitar a Ir\u00e1n: &#8216;Oportunidad \u00fanica&#8217;<\/strong><\/p>\n<p>Despu\u00e9s de que Trump orden\u00f3 un ataque con drones para matar a los EE. UU. Y el terrorista del r\u00e9gimen iran\u00ed iran\u00ed de la UE Qassem Soleimani en Irak en 2020, Mousavian rindi\u00f3 homenaje a Soleimani en un programa de televisi\u00f3n de Ir\u00e1n 2022. Mousavian tambi\u00e9n fue a Ir\u00e1n para asistir al funeral de Soleimani, quien fue responsable de los asesinatos de m\u00e1s de 600 miembros del personal militar estadounidense en el Medio Oriente, seg\u00fan el gobierno de los Estados Unidos. <\/p>\n<p>Mousavian took to X on the so-called Chain Murders in Iran \u2013 an extensive Iranian regime state-sponsored campaign that eradicated important Iranian dissidents between 1986 and 1998. Mousavian said, \u00abFereydoun Farrokhzad was murdered in mid-August 1992 at his home in Bonn, Germany. At that time, I was the Iranian Ambassador to Germany, and along with my colleagues at La embajada, hice extensos esfuerzos para el regreso de los iran\u00edes que residen en Alemania que quer\u00edan regresar a Ir\u00e1n \u00ab.<\/p>\n<div class=\"image-ct inline\">\n<div class=\"m\"><picture><source media=\"(max-width: 767px)\" srcset=\"https:\/\/a57.foxnews.com\/static.foxnews.com\/foxnews.com\/content\/uploads\/2024\/05\/343\/192\/Iran-Nuclear-Photo-1.jpg?ve=1&amp;tl=1, https:\/\/a57.foxnews.com\/static.foxnews.com\/foxnews.com\/content\/uploads\/2024\/05\/686\/384\/Iran-Nuclear-Photo-1.jpg?ve=1&amp;tl=1 2x\" height=\"192\" width=\"343\"><source media=\"(min-width: 768px) and (max-width: 1023px)\" srcset=\"https:\/\/a57.foxnews.com\/static.foxnews.com\/foxnews.com\/content\/uploads\/2024\/05\/672\/378\/Iran-Nuclear-Photo-1.jpg?ve=1&amp;tl=1, https:\/\/a57.foxnews.com\/static.foxnews.com\/foxnews.com\/content\/uploads\/2024\/05\/1344\/756\/Iran-Nuclear-Photo-1.jpg?ve=1&amp;tl=1 2x\" height=\"378\" width=\"672\"><source media=\"(min-width: 1024px) and (max-width: 1279px)\" srcset=\"https:\/\/a57.foxnews.com\/static.foxnews.com\/foxnews.com\/content\/uploads\/2024\/05\/931\/523\/Iran-Nuclear-Photo-1.jpg?ve=1&amp;tl=1, https:\/\/a57.foxnews.com\/static.foxnews.com\/foxnews.com\/content\/uploads\/2024\/05\/1862\/1046\/Iran-Nuclear-Photo-1.jpg?ve=1&amp;tl=1 2x\" height=\"523\" width=\"931\"><source media=\"(min-width: 1280px)\" srcset=\"https:\/\/a57.foxnews.com\/static.foxnews.com\/foxnews.com\/content\/uploads\/2024\/05\/720\/405\/Iran-Nuclear-Photo-1.jpg?ve=1&amp;tl=1, https:\/\/a57.foxnews.com\/static.foxnews.com\/foxnews.com\/content\/uploads\/2024\/05\/1440\/810\/Iran-Nuclear-Photo-1.jpg?ve=1&amp;tl=1 2x\" height=\"405\" width=\"720\"><img loading=\"lazy\" decoding=\"async\" src=\"https:\/\/a57.foxnews.com\/static.foxnews.com\/foxnews.com\/content\/uploads\/2024\/05\/1200\/675\/Iran-Nuclear-Photo-1.jpg?ve=1&amp;tl=1\" alt=\"Ali Khamenei hablando con los periodistas.\" width=\"1200\" height=\"675\"\/><\/source><\/source><\/source><\/source><\/picture><\/div>\n<div class=\"info\">\n<div class=\"caption\">\n<p><span>El ayatol\u00e1 de Ir\u00e1n Ali Khamenei se dirige a los medios de comunicaci\u00f3n durante la votaci\u00f3n por las elecciones parlamentarias en Teher\u00e1n el 10 de mayo de 2024.<\/span> <span>(Fatemeh Bahrami\/Anadolu a trav\u00e9s de Getty Images)<\/span><\/p>\n<\/div>\n<\/div>\n<\/div>\n<p>El tweet de Mousavian se\u00f1al\u00f3: \u00abseguimos el asunto, y las autoridades relevantes en Teher\u00e1n nos aseguraron que Farrokhzad hab\u00eda sido asesinado por la oposici\u00f3n iran\u00ed en el extranjero. Luego transmitimos la posici\u00f3n de Teher\u00e1n a las autoridades alemanas y en entrevistas\u00bb.<\/p>\n<p>Su declaraci\u00f3n concluy\u00f3: \u00abDesear\u00eda que figuras como Farrokhzad, que estaban dispuestas a regresar a su tierra natal, pudieran haber regresado de manera segura a su patria. Es de inter\u00e9s nacional de Ir\u00e1n usar el potencial de que los iran\u00edes que viven en el extranjero y garantizar su plena seguridad para su regreso a su tierra natal\u00bb.<\/p>\n<p>Mousavian no respondi\u00f3 a numerosas consultas de prensa de correo electr\u00f3nico digital de Fox News, incluido un mensaje de WhatsApp y una llamada telef\u00f3nica.<\/p>\n<p>Lawdan Bazargan, el activista de derechos humanos iran\u00edes-estadounidenses, dijo que el r\u00e9gimen de Ir\u00e1n hab\u00eda atra\u00eddo a los disidentes iran\u00edes al pa\u00eds para luego ejecutarlos. Ella arroj\u00f3 dudas sobre la explicaci\u00f3n de Mousavian de que buscaba repatriar Farrokhzad. Bazargan cit\u00f3 el caso de Javad Safar como un disidente que regres\u00f3 a Ir\u00e1n y fue asesinado por el r\u00e9gimen. El r\u00e9gimen de Ir\u00e1n ha empleado operaciones de vigilancia sofisticadas para atraer a disidentes iran\u00edes prominentes a pa\u00edses con seguridad laxa para secuestrarlos y transportar los disidentes a Ir\u00e1n. <\/p>\n<p>Un ejemplo revelador involucr\u00f3 al periodista Ruhollah Zam, quien fue enga\u00f1ado por el r\u00e9gimen y ejecutado en 2020. El sitio web de Zam y la experiencia en las redes sociales ayudaron a difundir informaci\u00f3n sobre las protestas contra el r\u00e9gimen administrativo y la corrupci\u00f3n generalizada del r\u00e9gimen generalizado.<\/p>\n<p><strong>Haga clic aqu\u00ed para obtener la aplicaci\u00f3n Fox News<\/strong><\/p>\n<p>Numerosas consultas de prensa digital de Fox News enviadas al Ministerio de Relaciones Exteriores de Ir\u00e1n y la misi\u00f3n de la ONU no fueron respondidas.<\/p>\n<p><i>Greg Norman de Fox News contribuy\u00f3 a este informe.<\/i><\/p>\n<p> <!----> <\/p>\n<div class=\"article-meta\">\n<div class=\"author-bio\">\n<p>Benjamin Weinthal informa sobre Israel, Ir\u00e1n, Siria, Turqu\u00eda y Europa. Puede seguir a Benjamin en Twitter @benweinthal y enviarle un correo electr\u00f3nico a benjamin.weinthal@fox.com<\/p>\n<\/div>\n<\/div>\n<\/div>\n\n","protected":false},"excerpt":{"rendered":"<p>El juicio federal con sede en Manhattan de dos presuntos asesinos contratados contratados por el Cuerpo de la Guardia Revolucionaria Isl\u00e1mica de Ir\u00e1n (IRGC) para asesinar a los periodistas iran\u00edes-estadounidenses Masih Alinejad coincidi\u00f3 con revelaciones impactantes de que Teher\u00e1n orden\u00f3 los asesinatos de disidentes en Europa, la noticia que podr\u00eda tener implicaciones exhaustivas para la &hellip;<\/p>\n","protected":false},"author":1,"featured_media":18998,"comment_status":"open","ping_status":"open","sticky":false,"template":"","format":"standard","meta":{"fifu_image_url":"https:\/\/static.foxnews.com\/foxnews.com\/content\/uploads\/2025\/03\/khamenei-irgc.jpg","fifu_image_alt":"","footnotes":""},"categories":[13],"tags":[],"class_list":["post-18996","post","type-post","status-publish","format-standard","has-post-thumbnail","","category-mundo"],"_links":{"self":[{"href":"https:\/\/noticiasveraces.com\/index.php?rest_route=\/wp\/v2\/posts\/18996","targetHints":{"allow":["GET"]}}],"collection":[{"href":"https:\/\/noticiasveraces.com\/index.php?rest_route=\/wp\/v2\/posts"}],"about":[{"href":"https:\/\/noticiasveraces.com\/index.php?rest_route=\/wp\/v2\/types\/post"}],"author":[{"embeddable":true,"href":"https:\/\/noticiasveraces.com\/index.php?rest_route=\/wp\/v2\/users\/1"}],"replies":[{"embeddable":true,"href":"https:\/\/noticiasveraces.com\/index.php?rest_route=%2Fwp%2Fv2%2Fcomments&post=18996"}],"version-history":[{"count":0,"href":"https:\/\/noticiasveraces.com\/index.php?rest_route=\/wp\/v2\/posts\/18996\/revisions"}],"wp:featuredmedia":[{"embeddable":true,"href":"https:\/\/noticiasveraces.com\/index.php?rest_route=\/wp\/v2\/media\/18998"}],"wp:attachment":[{"href":"https:\/\/noticiasveraces.com\/index.php?rest_route=%2Fwp%2Fv2%2Fmedia&parent=18996"}],"wp:term":[{"taxonomy":"category","embeddable":true,"href":"https:\/\/noticiasveraces.com\/index.php?rest_route=%2Fwp%2Fv2%2Fcategories&post=18996"},{"taxonomy":"post_tag","embeddable":true,"href":"https:\/\/noticiasveraces.com\/index.php?rest_route=%2Fwp%2Fv2%2Ftags&post=18996"}],"curies":[{"name":"wp","href":"https:\/\/api.w.org\/{rel}","templated":true}]}}