{"id":18994,"date":"2025-03-17T12:48:01","date_gmt":"2025-03-17T16:48:01","guid":{"rendered":"https:\/\/noticiasveraces.com\/?p=18994"},"modified":"2025-03-17T12:48:01","modified_gmt":"2025-03-17T16:48:01","slug":"la-princesa-kate-usa-sorprendente-broche-de-cartier-con-un-misterio-pasado-real-real-noticias","status":"publish","type":"post","link":"https:\/\/noticiasveraces.com\/?p=18994","title":{"rendered":"La princesa Kate usa sorprendente broche de Cartier con un misterio pasado real | Real | Noticias"},"content":{"rendered":"<p> \n<\/p>\n<div>\n<p>La princesa de Gales se ve\u00eda impresionante hoy mientras aparec\u00eda en Wellington Barracks en Londres para participar en las celebraciones del D\u00eda de San Patricio de los Guardias Irlandeses. La princesa Kate, quien es coronel de los guardias irlandeses, no asisti\u00f3 al evento el a\u00f1o pasado, ya que le diagnosticaron un tipo de c\u00e1ncer y estaba recibiendo tratamiento para ello.<\/p>\n<p data-mce-linkchecker-status=\"valid\">La futura reina se ve\u00eda radiante con un abrigo verde oscuro de Alexander McQueen, un sombrero de combinaci\u00f3n de colores, botas de tac\u00f3n alto de gamuza negra, guantes negros y una bolsa de cuero negra. Para las joyas, opt\u00f3 por la turmalina verde de Kiki McDonough, la amatista verde y los pendientes de diamantes en oro de 18k.<\/p>\n<p data-mce-linkchecker-status=\"valid\">Tambi\u00e9n llevaba su tradicional broche de Guardia Irlandesa de Guardias, que normalmente usa para el d\u00eda especial y que tiene una rica historia en s\u00ed.<\/p>\n<\/div>\n<div>\n<p>La historia de la pieza de oro amarillo de 18 quilates est\u00e1 envuelta en misterio. Se ha informado que, a diferencia de otras piezas usadas por los Reales, que pertenecen a la familia real y forman parte de las joyas de la corona, el broche de Shamrock pertenece a los guardias irlandeses, que lo prestan a los miembros de la firma que est\u00e1n asociados con su regimiento.<\/p>\n<p>Kate us\u00f3 por primera vez la pieza en 2011, poco despu\u00e9s de la boda con un desfile de medallas para el regimiento en Victoria Barracks y se sabe que es el \u00fanico real que lo ha usado p\u00fablicamente desde entonces.<\/p>\n<p>Esto marc\u00f3 la primera vez que la princesa llevaba un broche en una capacidad oficial despu\u00e9s de su matrimonio con el Pr\u00edncipe William. Seg\u00fan los expertos en joyer\u00eda, la pieza delicada, que presenta una peque\u00f1a esmeralda en el centro de sus hojas, se estima que costar\u00e1 \u00a3 2,250.<\/p>\n<p>Se cree que el broche Shamrock fue dise\u00f1ado por Cartier, y su primer titular real fue la princesa Mary, la princesa real y la condesa de Harewood, en 1961.<\/p>\n<\/div>\n<div>\n<p>Despu\u00e9s de su muerte en 1965, se dice que el broche fue comprado por el regimiento y desde entonces ha sido usado por la difunta reina madre y la princesa Anne. Se cree que fue dise\u00f1ado por Cartier, seg\u00fan los informes, el Broche fue presentado a la Princesa Mar\u00eda en 1961. Despu\u00e9s de su fallecimiento en 1965, el Broche fue comprado por el Regimiento en una subasta de sus joyas personales.<\/p>\n<p>Seg\u00fan los expertos, el broche tiene un valor sentimental para Kate, ya que fue el primero que us\u00f3 en una capacidad oficial como real, y tambi\u00e9n presenta una esmeralda, que es su piedra de nacimiento.<\/p>\n<p>Maxwell Stone, de Steven Stone, dijo: \u00abPrestado a los miembros de la familia real por los guardias irlandeses para celebrar el D\u00eda de San Patricio, Kate primero llev\u00f3 su broche de Shamrock en 2011 y se informa que lo ha usado exclusivamente desde entonces.<\/p>\n<p>\u00abSe cree que fue dise\u00f1ado por Cartier, la pieza est\u00e1 hecha de oro amarillo de 18 quilates y presenta una peque\u00f1a esmeralda en el centro de las hojas texturizadas.<\/p>\n<p>\u00abAnteriormente usado por la Reina Madre y la Princesa Anne tambi\u00e9n, Kate ha usado el broche en varias visitas a Irlanda del Norte, as\u00ed como a las celebraciones del D\u00eda de San Patricio. El broche, sin duda, tiene m\u00e1s importancia para Kate, ya que es el primer broche que us\u00f3 en una capacidad oficial como real. Me estimar\u00eda pero estimar\u00eda este simple broche para que valga \u00a3 2,250 ($ 3,000)\u00bb) \u00ab.<\/p>\n<\/div>\n\n","protected":false},"excerpt":{"rendered":"<p>La princesa de Gales se ve\u00eda impresionante hoy mientras aparec\u00eda en Wellington Barracks en Londres para participar en las celebraciones del D\u00eda de San Patricio de los Guardias Irlandeses. La princesa Kate, quien es coronel de los guardias irlandeses, no asisti\u00f3 al evento el a\u00f1o pasado, ya que le diagnosticaron un tipo de c\u00e1ncer y &hellip;<\/p>\n","protected":false},"author":1,"featured_media":18995,"comment_status":"open","ping_status":"open","sticky":false,"template":"","format":"standard","meta":{"fifu_image_url":"https:\/\/cdn.images.express.co.uk\/img\/dynamic\/106\/1200x630\/6028845.jpg","fifu_image_alt":"","footnotes":""},"categories":[10],"tags":[],"class_list":["post-18994","post","type-post","status-publish","format-standard","has-post-thumbnail","","category-moda"],"_links":{"self":[{"href":"https:\/\/noticiasveraces.com\/index.php?rest_route=\/wp\/v2\/posts\/18994","targetHints":{"allow":["GET"]}}],"collection":[{"href":"https:\/\/noticiasveraces.com\/index.php?rest_route=\/wp\/v2\/posts"}],"about":[{"href":"https:\/\/noticiasveraces.com\/index.php?rest_route=\/wp\/v2\/types\/post"}],"author":[{"embeddable":true,"href":"https:\/\/noticiasveraces.com\/index.php?rest_route=\/wp\/v2\/users\/1"}],"replies":[{"embeddable":true,"href":"https:\/\/noticiasveraces.com\/index.php?rest_route=%2Fwp%2Fv2%2Fcomments&post=18994"}],"version-history":[{"count":0,"href":"https:\/\/noticiasveraces.com\/index.php?rest_route=\/wp\/v2\/posts\/18994\/revisions"}],"wp:featuredmedia":[{"embeddable":true,"href":"https:\/\/noticiasveraces.com\/index.php?rest_route=\/wp\/v2\/media\/18995"}],"wp:attachment":[{"href":"https:\/\/noticiasveraces.com\/index.php?rest_route=%2Fwp%2Fv2%2Fmedia&parent=18994"}],"wp:term":[{"taxonomy":"category","embeddable":true,"href":"https:\/\/noticiasveraces.com\/index.php?rest_route=%2Fwp%2Fv2%2Fcategories&post=18994"},{"taxonomy":"post_tag","embeddable":true,"href":"https:\/\/noticiasveraces.com\/index.php?rest_route=%2Fwp%2Fv2%2Ftags&post=18994"}],"curies":[{"name":"wp","href":"https:\/\/api.w.org\/{rel}","templated":true}]}}