{"id":18989,"date":"2025-03-17T10:57:27","date_gmt":"2025-03-17T14:57:27","guid":{"rendered":"https:\/\/noticiasveraces.com\/?p=18989"},"modified":"2025-03-17T10:57:27","modified_gmt":"2025-03-17T14:57:27","slug":"asi-divide-la-ultraderecha-a-la-sociedad-alemana-dw-17-03-2025","status":"publish","type":"post","link":"https:\/\/noticiasveraces.com\/?p=18989","title":{"rendered":"As\u00ed Divide la Ultraderecha a la Sociedad Alemana &#8211; DW &#8211; 17\/03\/2025"},"content":{"rendered":"<p> \n<\/p>\n<div>\n<p>El Mundo Vive una \u00e9poca de Divisi\u00f3n Generalizada. Donald Trump divide a Estados Unidos, El Gobierno Divide Estadounidense al occident\u00e9 dem\u00f3tico, alternativa para alemania (Afd) divide a la sociedad germana y europa est\u00e1 fraccionada por la migraci\u00f3n. El Mundo se Est\u00e1 Polarizando y Las Brechas Sociales y Entre Los Pa\u00edses se Profundizan, Dicen Expertos.<\/p>\n<p>Durante Mucho Tiempo, Las Sociedades Democrinas Gozaron de la Reputaci\u00f3n de Actuar mejor a la Hora de Resolucion Problemas. SE SUPON\u00cdA QUE SI LOS DESAF\u00cdOS SE ENFRENTANAN EN ENEMUNTO, Las Posibilidades de Dar una Buena Respesta aumentaban Si se Contaba Con el Respaldo de la Mayor\u00eda.<\/p>\n<p>Pero en Un Mundo Cada Vez M\u00e1s Polarizado, ESTO NO ES NECESARIENTE AS\u00cd. La disposici\u00f3n de la disposici\u00f3n de la disposici\u00f3n de ACuerdos ha disminuido.<\/p>\n<p>El Soci\u00f3logo Nils Teichler, Del Instituto de Investigaci\u00f3n para la Cohesi\u00f3n Social de la Universidad de Bremen (Alemania) Advierte Sobre las consecias que conlleva la Polarizaci\u00f3n. El Experto explic\u00f3 a dw que si los grupos se Bloquean, Los Acuerdos Pol\u00cdTICOS SE VOLEVEN IMPOSIBLES.<\/p>\n<h2>La Popularidad de Afd y los prejuicios generalizados<\/h2>\n<p>En un reciente Estudio Sobre la Divisi\u00f3n Social, El Instituto Descubrio Que en Lugares donde la Ultraderecha es m\u00e1s Fuerte, incluso quienos no votan por ellos tienen m\u00e1s prejuicios contra las minias. \u00abEncontramos indios de que en las regiones donde afd tuvo m\u00e1s \u00e9xito la gente siente menos simpat\u00eda por grupos desfavorecidos y las minor\u00edas sociales\u00bb, Sostiene Teichler.<\/p>\n<p>El experto agreg\u00f3 que las actitudes m\u00e1s negativas est\u00e1n dirigidas a migrantes, musulmanes, homosexuales, lesbianas y personajes sin binarias, as\u00ed una persona con menos educaci\u00f3n.<\/p>\n<p>La Ultraderecha Tambi\u00e9n Ha Advertido de la Divisi\u00f3n Social, Aunque Menciona Solo una causa Director: La Migraci\u00f3n. Por Ello, Exige El Cierre de Las Fronteras. Trump Constantement describe a Los Inmigrantes como criminales y peligrosos. La L\u00edder de Afd, Alice Weidel, Se Ha referido a Las Musulmanas como \u00abChicas Con Velo\u00bb.<\/p>\n<figure class=\"placeholder-image master_landscape big\"><img data-format=\"MASTER_LANDSCAPE\" data-id=\"71912749\" data-url=\"https:\/\/static.dw.com\/image\/71912749_${formatId}.jpg\" data-aspect-ratio=\"16\/9\" alt=\"La L\u00edder de Afd Alice Weidel.\" style=\"padding-bottom: 56.25%; height: 0; max-height: 0;\"\/><figcaption class=\"img-caption\">La L\u00edder de Afd Alice Weidel.<small class=\"copyright\">Imagen: Ebrahim Noroozi\/AP\/Picture Alliance<\/small><\/figcaption><\/figure>\n<p>Estas Declaraciones Populistas Tambi\u00e9n se Pueden Escuchar en la Sociedad Alemana en general. \u00abEl Giro a la Derecha Que Estamos Observando ha afectado un casi todos los partidos\u00bb, Dice Cihan Sinanoglu, Jefe del Monitor N\u00e1cional de Discriminaci\u00f3n y Racismo del Centro Alem\u00e1n para la Investigaci\u00f3n Investigaci\u00f3n Sobre Integraci\u00f3n y Migraci\u00f3n. El Experto Apunta que la Socialdem\u00f3cratas y Los Verdes, de Centroizquierda, As\u00ed Como los Liberales, Son en parte Responsables de Algunas de Las Leyes M\u00e1s Restrictivas en Materia de Inmigraci\u00f3n y Asilo.<\/p>\n<p>Sinanoglu y Que es Err\u00f3neo Pensar Que es Posible Alejar a Los Votantes de la Ultraderecha y Reincorporlos en la Sociedad Mediatura la Implementaci\u00f3n de Restrictas de Pol\u00edtas. Dichas pol\u00cdticas, en Todo Cano, no son un hijo una Manera de Intrarrestar La Agenda Racista de Afd, Explica.<\/p>\n<p>\u00abESTO lo prueBa el Ejemplo del Este de Alemania, donde viven Muchos Menos refugiados y personajes con antecedentes migratorios que en el oeste del pa\u00eds. A la vez, sen embmar, ah\u00ed es donde encontramos los bastiones de afd\u00bb. Sinanoglu, Que es Sociologo, Considera Necesario El Debate, Pero a la Vez Afirma Que es un Fracaso de la Pol\u00edtica reducir las divisi\u00f3n Sociales Solo al Tema Migratorio.<\/p>\n<p><span data-slot-id=\"Article_InContent-1\" class=\"rich-text-ad\"\/><\/p>\n<h2>Exclusi\u00f3n generalizada<\/h2>\n<p>ESE Fracaso, Advierte el Experto, Tiene un Alto precio, en especial para la Comunidad Migrante. La Sociedad de Alemana, Afirma, Se Aferra A Normas que excluyen a Los Migrantes, inclusi\u00f3n si Han Vivido Durante D\u00e9cadas en el Pa\u00eds.<\/p>\n<p>Los que ocurre ahora, sostiene, es que los los migrantes est\u00e1n sido despojados simb\u00f3licos de su ciadan\u00eda, con consecias a largo plazo. \u00abLa Gente se Est\u00e1 Recluyendo, Viviendo Con Temor, Pensando en Irse. ESTO Pone A PrueBa Nuestras Relaciones Amorosas, Nuestras Amistades\u00bb, Se\u00f1ala.<\/p>\n<p>Paraa no hay duda de que la ultraderecha est\u00e1 impulsando la divisi\u00f3n. A la Vez, Sostiene, Las Sociedades Occidentales Facilitan El Proceso. Este se Debe a que los Pol\u00cdticos no Abordan la Verdadera causa de divisi\u00f3n en Las Sociedades: Las cuestiones sociales.<\/p>\n<p>\u00abTenemos que hablar de cuestiones de fondo, centros en estas temas sociales y ning\u00fan defensor ideales o valores que nunca se aplicar\u00e1n\u00bb, Dice Sinanoglu, en referencia A debates abstractos. Para -\u00e9l, lo que realmenta importaci\u00f3n, y lo que moviliza a la gente, hijo alquileros pagables, salarios justos y oportunidades para ascender en la escala social.<\/p>\n<p>(DZC\/CP)<\/p>\n<\/p>\n<\/div>\n\n","protected":false},"excerpt":{"rendered":"<p>El Mundo Vive una \u00e9poca de Divisi\u00f3n Generalizada. Donald Trump divide a Estados Unidos, El Gobierno Divide Estadounidense al occident\u00e9 dem\u00f3tico, alternativa para alemania (Afd) divide a la sociedad germana y europa est\u00e1 fraccionada por la migraci\u00f3n. El Mundo se Est\u00e1 Polarizando y Las Brechas Sociales y Entre Los Pa\u00edses se Profundizan, Dicen Expertos. Durante &hellip;<\/p>\n","protected":false},"author":1,"featured_media":18990,"comment_status":"open","ping_status":"open","sticky":false,"template":"","format":"standard","meta":{"fifu_image_url":"https:\/\/static.dw.com\/image\/71487141_6.jpg","fifu_image_alt":"","footnotes":""},"categories":[13],"tags":[],"class_list":["post-18989","post","type-post","status-publish","format-standard","has-post-thumbnail","","category-mundo"],"_links":{"self":[{"href":"https:\/\/noticiasveraces.com\/index.php?rest_route=\/wp\/v2\/posts\/18989","targetHints":{"allow":["GET"]}}],"collection":[{"href":"https:\/\/noticiasveraces.com\/index.php?rest_route=\/wp\/v2\/posts"}],"about":[{"href":"https:\/\/noticiasveraces.com\/index.php?rest_route=\/wp\/v2\/types\/post"}],"author":[{"embeddable":true,"href":"https:\/\/noticiasveraces.com\/index.php?rest_route=\/wp\/v2\/users\/1"}],"replies":[{"embeddable":true,"href":"https:\/\/noticiasveraces.com\/index.php?rest_route=%2Fwp%2Fv2%2Fcomments&post=18989"}],"version-history":[{"count":0,"href":"https:\/\/noticiasveraces.com\/index.php?rest_route=\/wp\/v2\/posts\/18989\/revisions"}],"wp:featuredmedia":[{"embeddable":true,"href":"https:\/\/noticiasveraces.com\/index.php?rest_route=\/wp\/v2\/media\/18990"}],"wp:attachment":[{"href":"https:\/\/noticiasveraces.com\/index.php?rest_route=%2Fwp%2Fv2%2Fmedia&parent=18989"}],"wp:term":[{"taxonomy":"category","embeddable":true,"href":"https:\/\/noticiasveraces.com\/index.php?rest_route=%2Fwp%2Fv2%2Fcategories&post=18989"},{"taxonomy":"post_tag","embeddable":true,"href":"https:\/\/noticiasveraces.com\/index.php?rest_route=%2Fwp%2Fv2%2Ftags&post=18989"}],"curies":[{"name":"wp","href":"https:\/\/api.w.org\/{rel}","templated":true}]}}