{"id":18987,"date":"2025-03-17T09:56:29","date_gmt":"2025-03-17T13:56:29","guid":{"rendered":"https:\/\/noticiasveraces.com\/?p=18987"},"modified":"2025-03-17T09:56:29","modified_gmt":"2025-03-17T13:56:29","slug":"ruanda-rompe-relaciones-con-belgica-por-el-conflma-en-rdc-dw-17-03-2025","status":"publish","type":"post","link":"https:\/\/noticiasveraces.com\/?p=18987","title":{"rendered":"Ruanda Rompe Relaciones Con B\u00e9lgica por el Conflma en RDC &#8211; DW &#8211; 17\/03\/2025"},"content":{"rendered":"<p> \n<\/p>\n<div>\n<p>Ruanda Rompi\u00f3 ESTE Lunes Relaciones diplom\u00e1ticos Con B\u00e9lgica, Tras acusar a la Exmetr\u00f3poli de Tomar Partido en su contra el conflicto en el Este de la Rep\u00fablica Dem\u00f3crata del Del.<\/p>\n<p>Seg\u00fan El Comunicado El Ministerio de Asuntos Exteriores y Cooperaci\u00f3n Ruand\u00e9s internacional, \u00abTodos los Diplom\u00e1tica Belgas en Ruanda Deben Abandonar El Pa\u00eds en Un Plazo de 48 Horas\u00bb. <\/p>\n<blockquote class=\"tweet embed\" data-id=\"1901588586140479957\"\/>\n<h2>\u00abHostilidad Injustificada\u00bb Hacia Ruanda<\/h2>\n<p>Seg\u00fan Kigali, Bruselas \u00abHa debilitado sistem\u00e9ricamme a ruanda, tanto antes como durante el conflicto en curso\u00bb en la rdc, \u00aben el de b\u00e9lgica ha desempe\u00f1ado unpel hist\u00f3rico profundo y violento, especialments en susciones contras ruanda\u00bb.<\/p>\n<p>\u00abHoy, B\u00e9lgica Ha Tomado Partido Claramento en un conflicto Regional y contin\u00faa moviliz\u00e1ndosa sistem\u00e1tica contra ruanda en diferentes foros, utilizando mentiras y manipulaci\u00f3n para obtener una opini\u00f3n hostil injustificada Sobre ruanda, en un intento a loestabilear tanta co cotiNaTil hurtificada Sobre ruanda, en un intento a la desestora tanta Regi\u00f3n \u00ab, ASEVER\u00d3 El DocumentO.<\/p>\n<h2>\u00abMedida Desproporcionada\u00bb Contra B\u00e9lgica<\/h2>\n<p>El Ministro de Exteriores Belga, Maxime Prevot, Dijo Que la Medida era \u00abDesproporcionada y Demuestra que, Cuando no Estamos de Acuerdo, Ruanda prefiere sin di\u00e1logo\u00bb. Un Cambio, Bruselas declarar\u00eda una persona diplom\u00e1tica ruandeses, no grata, A\u00f1adi\u00f3.<\/p>\n<blockquote class=\"tweet embed\" data-id=\"1901586735714218233\"\/>\n<p>El Pasado 18 de febrero, Ruanda ya suspendi\u00f3 su programa de cooperaci\u00f3n bilateral con b\u00e9lgica, por considerar que el pa\u00eds Europa, Junto con la rdc, ha desarrollado una \u00abagresiva Campa\u00f1a\u00bb Destinada a Sabotear El Acces de Ruanda A Loss Programas en Ayuda en Ayuda en Las Instituciones \u00bb Multilaterales.<\/p>\n<p>Los Jefes de Estado y de Gobierno Africanos Buscan Un Alto el FUEGO PERMANENTE EN LA Rep\u00fablica Dem\u00f3crata del Congo. La ofensiva del M23 en el este de la rdc, donde ha librado intensos combates con el eJ\u00e9rcito Congole\u00f1o desde enero pasado, ha incrementado la tensi\u00f3n con la vecina ruanda, ya el gobierno congole\u00f1o acusa a kigali de apoyar a los rebeldes.<\/p>\n<p><span data-slot-id=\"Article_InContent-1\" class=\"rich-text-ad\"\/><\/p>\n<h2>Conforto en zona rica en minerales codiciados mundial<\/h2>\n<p>El M23, Que Seg\u00fan la Onu y Pa\u00edses Como ee.uu., Alemania, Francia o Angola cuenta efectivamete con apoyo de ruanda, controla las capitales de las provincias congole\u00f1as de kivu del norte, goma; Y Kivu del Sur, Bukavu, Entre Otrros Territorios.<\/p>\n<p>Ambas Provincias hijo Fronterizas Con Ruanda y Ricas en Minerales Como el Oro o El Colt\u00e1n, Fundamentalos para la Industria Tecnol\u00f3gica y en la Fabricaci\u00f3n de Telefonos M\u00f3viles.<\/p>\n<p>El N\u00daMERO DE MUERTOS POR EL CONFLICTO en Goma, LA Capital de Kivu del Norte, Y Sus Alrededores Super\u00f3 los 8.500 Desde El Pasado Enero, Seg\u00fan Detall\u00f3 A Finales de Febero El Ministro Congole\u00f1o de Salud P\u00fablica, Samuel Roger Kamba.<\/p>\n<p>ESA Provincia se Reanud\u00f3 la Actividad Armada del M23 en Noviembre de 2021, Con ataques rel\u00e1mpago contra el Ej\u00e9rcito Congole\u00f1o. Desde Entonces, Ha Avanzado por Varios Frentes, Lo que Ha elevado Los Temores un Guerra innovador regional.<\/p>\n<p>Desde 1998, El Este de la Rdc Est\u00e1 Sumido en un Conflma Alimentado por Milicias Rebeldes y El Ej\u00e9rcito, A Pesar de la Presencia de la Misi\u00f3n de Paz de la Onu (Monusco).<\/p>\n<p>RML (EFE, @RWANDAMFA, ORF)<\/p>\n<\/div>\n\n","protected":false},"excerpt":{"rendered":"<p>Ruanda Rompi\u00f3 ESTE Lunes Relaciones diplom\u00e1ticos Con B\u00e9lgica, Tras acusar a la Exmetr\u00f3poli de Tomar Partido en su contra el conflicto en el Este de la Rep\u00fablica Dem\u00f3crata del Del. Seg\u00fan El Comunicado El Ministerio de Asuntos Exteriores y Cooperaci\u00f3n Ruand\u00e9s internacional, \u00abTodos los Diplom\u00e1tica Belgas en Ruanda Deben Abandonar El Pa\u00eds en Un Plazo &hellip;<\/p>\n","protected":false},"author":1,"featured_media":18988,"comment_status":"open","ping_status":"open","sticky":false,"template":"","format":"standard","meta":{"fifu_image_url":"https:\/\/static.dw.com\/image\/71673496_6.jpg","fifu_image_alt":"","footnotes":""},"categories":[13],"tags":[],"class_list":["post-18987","post","type-post","status-publish","format-standard","has-post-thumbnail","","category-mundo"],"_links":{"self":[{"href":"https:\/\/noticiasveraces.com\/index.php?rest_route=\/wp\/v2\/posts\/18987","targetHints":{"allow":["GET"]}}],"collection":[{"href":"https:\/\/noticiasveraces.com\/index.php?rest_route=\/wp\/v2\/posts"}],"about":[{"href":"https:\/\/noticiasveraces.com\/index.php?rest_route=\/wp\/v2\/types\/post"}],"author":[{"embeddable":true,"href":"https:\/\/noticiasveraces.com\/index.php?rest_route=\/wp\/v2\/users\/1"}],"replies":[{"embeddable":true,"href":"https:\/\/noticiasveraces.com\/index.php?rest_route=%2Fwp%2Fv2%2Fcomments&post=18987"}],"version-history":[{"count":0,"href":"https:\/\/noticiasveraces.com\/index.php?rest_route=\/wp\/v2\/posts\/18987\/revisions"}],"wp:featuredmedia":[{"embeddable":true,"href":"https:\/\/noticiasveraces.com\/index.php?rest_route=\/wp\/v2\/media\/18988"}],"wp:attachment":[{"href":"https:\/\/noticiasveraces.com\/index.php?rest_route=%2Fwp%2Fv2%2Fmedia&parent=18987"}],"wp:term":[{"taxonomy":"category","embeddable":true,"href":"https:\/\/noticiasveraces.com\/index.php?rest_route=%2Fwp%2Fv2%2Fcategories&post=18987"},{"taxonomy":"post_tag","embeddable":true,"href":"https:\/\/noticiasveraces.com\/index.php?rest_route=%2Fwp%2Fv2%2Ftags&post=18987"}],"curies":[{"name":"wp","href":"https:\/\/api.w.org\/{rel}","templated":true}]}}