{"id":18981,"date":"2025-03-17T08:55:13","date_gmt":"2025-03-17T12:55:13","guid":{"rendered":"https:\/\/noticiasveraces.com\/?p=18981"},"modified":"2025-03-17T08:55:13","modified_gmt":"2025-03-17T12:55:13","slug":"el-general-irani-reacciona-a-las-amenazas-de-trump-contra-los-rebeldes-huties-cuestiones-de-advertencia","status":"publish","type":"post","link":"https:\/\/noticiasveraces.com\/?p=18981","title":{"rendered":"El general iran\u00ed reacciona a las amenazas de Trump contra los rebeldes hut\u00edes, cuestiones de advertencia"},"content":{"rendered":"<p> \n<\/p>\n<div>\n<p class=\"speakable\">Un general iran\u00ed prometi\u00f3 responder \u00abdecisivo y destructivamente\u00bb a cualquier amenaza despu\u00e9s de que el presidente Donald Trump dijo que orden\u00f3 a las fuerzas estadounidenses que lanzaran acciones militares contra los hut\u00edes en Yemen.<\/p>\n<p class=\"speakable\">\u00abAdvirtemos a nuestros enemigos que Ir\u00e1n responder\u00e1 de manera decisiva y destructiva si llevan a cabo sus amenazas\u00bb, dijo el general del Cuerpo de la Guardia Revolucionaria Isl\u00e1mica de Ir\u00e1n, el l\u00edder del Cuerpo de la Guardia Revolucionaria Isl\u00e1mica del Ir\u00e1n, a los medios estatales siguientes durante el fin de semana contra el grupo terrorista respaldado por Teher\u00e1n, seg\u00fan Reuters. <\/p>\n<p>\u00abNo somos una naci\u00f3n para vivir. Somos un sistema v\u00e1lido y leg\u00edtimo en el mundo. Lo anunciamos si atacamos en cualquier lugar\u00bb, dijo Salami citado por ABC News. <\/p>\n<p>El Comando Central de EE. UU. Dijo el s\u00e1bado que hab\u00eda \u00abiniciado una serie de operaciones que consisten en ataques de precisi\u00f3n contra los objetivos hut\u00edes respaldados por Ir\u00e1n en Yemen para defender los intereses estadounidenses, disuadir a los enemigos y restaurar la libertad de navegaci\u00f3n\u00bb.  <\/p>\n<p><strong>El ej\u00e9rcito estadounidense dispara por drones hut\u00edes mientras los golpes de Trump contra el grupo terrorista contin\u00faan<\/strong> <\/p>\n<div class=\"image-ct inline\">\n<div class=\"m\"><picture><source media=\"(max-width: 767px)\" srcset=\"https:\/\/a57.foxnews.com\/static.foxnews.com\/foxnews.com\/content\/uploads\/2025\/03\/343\/192\/hossein-salami.jpg?ve=1&amp;tl=1, https:\/\/a57.foxnews.com\/static.foxnews.com\/foxnews.com\/content\/uploads\/2025\/03\/686\/384\/hossein-salami.jpg?ve=1&amp;tl=1 2x\" height=\"192\" width=\"343\"><source media=\"(min-width: 768px) and (max-width: 1023px)\" srcset=\"https:\/\/a57.foxnews.com\/static.foxnews.com\/foxnews.com\/content\/uploads\/2025\/03\/672\/378\/hossein-salami.jpg?ve=1&amp;tl=1, https:\/\/a57.foxnews.com\/static.foxnews.com\/foxnews.com\/content\/uploads\/2025\/03\/1344\/756\/hossein-salami.jpg?ve=1&amp;tl=1 2x\" height=\"378\" width=\"672\"><source media=\"(min-width: 1024px) and (max-width: 1279px)\" srcset=\"https:\/\/a57.foxnews.com\/static.foxnews.com\/foxnews.com\/content\/uploads\/2025\/03\/931\/523\/hossein-salami.jpg?ve=1&amp;tl=1, https:\/\/a57.foxnews.com\/static.foxnews.com\/foxnews.com\/content\/uploads\/2025\/03\/1862\/1046\/hossein-salami.jpg?ve=1&amp;tl=1 2x\" height=\"523\" width=\"931\"><source media=\"(min-width: 1280px)\" srcset=\"https:\/\/a57.foxnews.com\/static.foxnews.com\/foxnews.com\/content\/uploads\/2025\/03\/720\/405\/hossein-salami.jpg?ve=1&amp;tl=1, https:\/\/a57.foxnews.com\/static.foxnews.com\/foxnews.com\/content\/uploads\/2025\/03\/1440\/810\/hossein-salami.jpg?ve=1&amp;tl=1 2x\" height=\"405\" width=\"720\"><img loading=\"lazy\" decoding=\"async\" src=\"https:\/\/a57.foxnews.com\/static.foxnews.com\/foxnews.com\/content\/uploads\/2025\/03\/1200\/675\/hossein-salami.jpg?ve=1&amp;tl=1\" alt=\"Gen. iran\u00ed Hossein Salami\" width=\"1200\" height=\"675\"\/><\/source><\/source><\/source><\/source><\/picture><\/div>\n<div class=\"info\">\n<div class=\"caption\">\n<p><span>El comandante en jefe del Cuerpo de la Guardia Revolucionaria Isl\u00e1mica, el general Hossein Salami, asiste a una ceremonia para conmemorar el tercer aniversario del asesinato del comandante militar iran\u00ed, general Qassem Soleimani, en un ataque estadounidense, en Teher\u00e1n, Ir\u00e1n, el 3 de enero de 2023. <\/span> <span>(Majid Asgaripour\/Wana\/Reuters)<\/span><\/p>\n<\/div>\n<\/div>\n<\/div>\n<p>Trump escribi\u00f3 en Truth Social el s\u00e1bado que \u00aborden\u00f3 al ej\u00e9rcito de los Estados Unidos que lanzara una acci\u00f3n militar decisiva y poderosa contra los terroristas hut\u00edes en Yemen\u00bb. <\/p>\n<p>\u00abHa pasado m\u00e1s de un a\u00f1o desde que un barco comercial de forma estadounidense naveg\u00f3 de forma segura a trav\u00e9s del Canal de Suez, el Mar Rojo o el Golfo de Aden\u00bb, continu\u00f3 Trump. \u00abEl \u00faltimo buque de guerra estadounidense en pasar por el Mar Rojo, hace cuatro meses, fue atacado por los hut\u00edes durante una docena de veces\u00bb. <\/p>\n<p>Trump escribi\u00f3 que \u00ablos asaltos implacables le han costado a los Estados Unidos y la econom\u00eda mundial muchos miles de millones de d\u00f3lares, mientras que, al mismo tiempo, ponen en riesgo vidas inocentes\u00bb. <\/p>\n<p>\u00abPara todos los terroristas hut\u00edes, tu tiempo se acab\u00f3, y tus ataques deben detenerse, a partir de hoy. Si no lo hacen, el infierno llover\u00e1 sobre ti como nada que hayas visto antes!\u00bb Su publicaci\u00f3n concluy\u00f3. <\/p>\n<p>La campa\u00f1a a gran escala contra los objetivos de Houthi en Yemen ser\u00e1 \u00abimplacable\u00bb hasta que los proxies respaldados por Ir\u00e1n se comprometan a retroceder los activos de los Estados Unidos, dijo el domingo el Secretario de Defensa Pete Hegseth el domingo. <\/p>\n<p><strong>Hegseth declara que la paz a trav\u00e9s de la fuerza est\u00e1 de regreso &#8216;mientras promete&#8217; implacable &#8216;la campa\u00f1a contra los objetivos Houthi<\/strong><strong> <\/strong><\/p>\n<div class=\"image-ct inline\">\n<div class=\"m\"><picture><source media=\"(max-width: 767px)\" srcset=\"https:\/\/a57.foxnews.com\/static.foxnews.com\/foxnews.com\/content\/uploads\/2025\/03\/343\/192\/uss-harry-s.-truman.jpg?ve=1&amp;tl=1, https:\/\/a57.foxnews.com\/static.foxnews.com\/foxnews.com\/content\/uploads\/2025\/03\/686\/384\/uss-harry-s.-truman.jpg?ve=1&amp;tl=1 2x\" height=\"192\" width=\"343\"><source media=\"(min-width: 768px) and (max-width: 1023px)\" srcset=\"https:\/\/a57.foxnews.com\/static.foxnews.com\/foxnews.com\/content\/uploads\/2025\/03\/672\/378\/uss-harry-s.-truman.jpg?ve=1&amp;tl=1, https:\/\/a57.foxnews.com\/static.foxnews.com\/foxnews.com\/content\/uploads\/2025\/03\/1344\/756\/uss-harry-s.-truman.jpg?ve=1&amp;tl=1 2x\" height=\"378\" width=\"672\"><source media=\"(min-width: 1024px) and (max-width: 1279px)\" srcset=\"https:\/\/a57.foxnews.com\/static.foxnews.com\/foxnews.com\/content\/uploads\/2025\/03\/931\/523\/uss-harry-s.-truman.jpg?ve=1&amp;tl=1, https:\/\/a57.foxnews.com\/static.foxnews.com\/foxnews.com\/content\/uploads\/2025\/03\/1862\/1046\/uss-harry-s.-truman.jpg?ve=1&amp;tl=1 2x\" height=\"523\" width=\"931\"><source media=\"(min-width: 1280px)\" srcset=\"https:\/\/a57.foxnews.com\/static.foxnews.com\/foxnews.com\/content\/uploads\/2025\/03\/720\/405\/uss-harry-s.-truman.jpg?ve=1&amp;tl=1, https:\/\/a57.foxnews.com\/static.foxnews.com\/foxnews.com\/content\/uploads\/2025\/03\/1440\/810\/uss-harry-s.-truman.jpg?ve=1&amp;tl=1 2x\" height=\"405\" width=\"720\"><img loading=\"lazy\" decoding=\"async\" src=\"https:\/\/a57.foxnews.com\/static.foxnews.com\/foxnews.com\/content\/uploads\/2025\/03\/1200\/675\/uss-harry-s.-truman.jpg?ve=1&amp;tl=1\" alt=\"Los ataques a\u00e9reos estadounidenses tienen huthis\" width=\"1200\" height=\"675\"\/><\/source><\/source><\/source><\/source><\/picture><\/div>\n<div class=\"info\">\n<div class=\"caption\">\n<p><span>Esta imagen tomada del video proporcionado por la Marina de los EE. UU. Muestra un avi\u00f3n que se lanza desde el USS Harry S. Truman en el Mar Rojo antes de los ataques a\u00e9reos en Sanaa, Yemen, el s\u00e1bado 15 de marzo.<\/span> <span>(Marina de los EE. UU. V\u00eda AP)<\/span><\/p>\n<\/div>\n<\/div>\n<\/div>\n<p>\u00abEn el momento en que los hut\u00edes dicen &#8216;dejaremos de disparar a tus barcos, dejaremos de disparar a tus drones,&#8217; esta campa\u00f1a terminar\u00e1, pero hasta entonces, ser\u00e1 implacable\u00bb, dijo a la presentadora de \u00abSunday Morning Futures\u00bb Maria Bartiromo. <\/p>\n<p>Los hut\u00edes afirman que las huelgas estadounidenses recientes han matado al menos a 53 personas e hirieron a alrededor de 100, seg\u00fan The Associated Press. <\/p>\n<p>\u00abConfrontaremos la escalada con la escalada\u00bb, dijo el domingo el l\u00edder de los hut\u00edes, Abdul-Malik al-Houthi, el domingo. <\/p>\n<p>\u00abResponderemos al enemigo estadounidense en sus redadas, en sus ataques, con ataques de misiles, apuntando a su portaaviones, sus buques de guerra, sus barcos\u00bb, agreg\u00f3 Al-Houthi. \u00abSin embargo, tambi\u00e9n tenemos opciones de escalada. Si contin\u00faa su agresi\u00f3n, nos moveremos a opciones de escalada adicionales\u00bb. <\/p>\n<p>Los buques de guerra estadounidenses han derribado aproximadamente una docena de drones hut\u00edes desde el s\u00e1bado, seg\u00fan Fox News. <\/p>\n<div class=\"image-ct inline\">\n<div class=\"m\"><picture><source media=\"(max-width: 767px)\" srcset=\"https:\/\/a57.foxnews.com\/static.foxnews.com\/foxnews.com\/content\/uploads\/2025\/03\/343\/192\/uss-harry-s.-truman-2.jpg?ve=1&amp;tl=1, https:\/\/a57.foxnews.com\/static.foxnews.com\/foxnews.com\/content\/uploads\/2025\/03\/686\/384\/uss-harry-s.-truman-2.jpg?ve=1&amp;tl=1 2x\" height=\"192\" width=\"343\"><source media=\"(min-width: 768px) and (max-width: 1023px)\" srcset=\"https:\/\/a57.foxnews.com\/static.foxnews.com\/foxnews.com\/content\/uploads\/2025\/03\/672\/378\/uss-harry-s.-truman-2.jpg?ve=1&amp;tl=1, https:\/\/a57.foxnews.com\/static.foxnews.com\/foxnews.com\/content\/uploads\/2025\/03\/1344\/756\/uss-harry-s.-truman-2.jpg?ve=1&amp;tl=1 2x\" height=\"378\" width=\"672\"><source media=\"(min-width: 1024px) and (max-width: 1279px)\" srcset=\"https:\/\/a57.foxnews.com\/static.foxnews.com\/foxnews.com\/content\/uploads\/2025\/03\/931\/523\/uss-harry-s.-truman-2.jpg?ve=1&amp;tl=1, https:\/\/a57.foxnews.com\/static.foxnews.com\/foxnews.com\/content\/uploads\/2025\/03\/1862\/1046\/uss-harry-s.-truman-2.jpg?ve=1&amp;tl=1 2x\" height=\"523\" width=\"931\"><source media=\"(min-width: 1280px)\" srcset=\"https:\/\/a57.foxnews.com\/static.foxnews.com\/foxnews.com\/content\/uploads\/2025\/03\/720\/405\/uss-harry-s.-truman-2.jpg?ve=1&amp;tl=1, https:\/\/a57.foxnews.com\/static.foxnews.com\/foxnews.com\/content\/uploads\/2025\/03\/1440\/810\/uss-harry-s.-truman-2.jpg?ve=1&amp;tl=1 2x\" height=\"405\" width=\"720\"><img loading=\"lazy\" decoding=\"async\" src=\"https:\/\/a57.foxnews.com\/static.foxnews.com\/foxnews.com\/content\/uploads\/2025\/03\/1200\/675\/uss-harry-s.-truman-2.jpg?ve=1&amp;tl=1\" alt=\"El avi\u00f3n despega del USS Harry S. Truman\" width=\"1200\" height=\"675\"\/><\/source><\/source><\/source><\/source><\/picture><\/div>\n<div class=\"info\">\n<div class=\"caption\">\n<p><span>Esta imagen tomada del video proporcionado por la Marina de los EE. UU. Muestra un avi\u00f3n que se lanza desde el USS Harry S. Truman en el Mar Rojo antes de los ataques a\u00e9reos en Sanaa, Yemen, el s\u00e1bado 15 de marzo.<\/span> <span>(Marina de los EE. UU. V\u00eda AP)<\/span><\/p>\n<\/div>\n<\/div>\n<\/div>\n<p><strong>Haga clic aqu\u00ed para obtener la aplicaci\u00f3n Fox News<\/strong><strong> <\/strong><\/p>\n<p>Un alto funcionario de defensa dijo a Fox News sobre los desarrollos el domingo. Los drones estaban dirigidos al grupo de ataque Truman Carrier de la Marina de los EE. UU. Y fueron derribados \u00abmucho antes de\u00bb, plantearon una seria amenaza, dijo el funcionario. <\/p>\n<p><i>Taylor Penley de Fox News, Andrea Margolis y Lucas Y. Tomlinson contribuyeron a este informe. <\/i><\/p>\n<p> <!----> <\/p>\n<div class=\"article-meta\">\n<div class=\"author-bio\">\n<p>Greg Norman es reportero de Fox News Digital.<\/p>\n<\/div>\n<\/div>\n<\/div>\n\n","protected":false},"excerpt":{"rendered":"<p>Un general iran\u00ed prometi\u00f3 responder \u00abdecisivo y destructivamente\u00bb a cualquier amenaza despu\u00e9s de que el presidente Donald Trump dijo que orden\u00f3 a las fuerzas estadounidenses que lanzaran acciones militares contra los hut\u00edes en Yemen. \u00abAdvirtemos a nuestros enemigos que Ir\u00e1n responder\u00e1 de manera decisiva y destructiva si llevan a cabo sus amenazas\u00bb, dijo el general &hellip;<\/p>\n","protected":false},"author":1,"featured_media":18983,"comment_status":"open","ping_status":"open","sticky":false,"template":"","format":"standard","meta":{"fifu_image_url":"https:\/\/static.foxnews.com\/foxnews.com\/content\/uploads\/2025\/03\/hossein-salami.jpg","fifu_image_alt":"","footnotes":""},"categories":[13],"tags":[],"class_list":["post-18981","post","type-post","status-publish","format-standard","has-post-thumbnail","","category-mundo"],"_links":{"self":[{"href":"https:\/\/noticiasveraces.com\/index.php?rest_route=\/wp\/v2\/posts\/18981","targetHints":{"allow":["GET"]}}],"collection":[{"href":"https:\/\/noticiasveraces.com\/index.php?rest_route=\/wp\/v2\/posts"}],"about":[{"href":"https:\/\/noticiasveraces.com\/index.php?rest_route=\/wp\/v2\/types\/post"}],"author":[{"embeddable":true,"href":"https:\/\/noticiasveraces.com\/index.php?rest_route=\/wp\/v2\/users\/1"}],"replies":[{"embeddable":true,"href":"https:\/\/noticiasveraces.com\/index.php?rest_route=%2Fwp%2Fv2%2Fcomments&post=18981"}],"version-history":[{"count":0,"href":"https:\/\/noticiasveraces.com\/index.php?rest_route=\/wp\/v2\/posts\/18981\/revisions"}],"wp:featuredmedia":[{"embeddable":true,"href":"https:\/\/noticiasveraces.com\/index.php?rest_route=\/wp\/v2\/media\/18983"}],"wp:attachment":[{"href":"https:\/\/noticiasveraces.com\/index.php?rest_route=%2Fwp%2Fv2%2Fmedia&parent=18981"}],"wp:term":[{"taxonomy":"category","embeddable":true,"href":"https:\/\/noticiasveraces.com\/index.php?rest_route=%2Fwp%2Fv2%2Fcategories&post=18981"},{"taxonomy":"post_tag","embeddable":true,"href":"https:\/\/noticiasveraces.com\/index.php?rest_route=%2Fwp%2Fv2%2Ftags&post=18981"}],"curies":[{"name":"wp","href":"https:\/\/api.w.org\/{rel}","templated":true}]}}