{"id":18975,"date":"2025-03-17T07:54:41","date_gmt":"2025-03-17T11:54:41","guid":{"rendered":"https:\/\/noticiasveraces.com\/?p=18975"},"modified":"2025-03-17T07:54:41","modified_gmt":"2025-03-17T11:54:41","slug":"rusia-busca-el-voto-ironclad-de-que-ucrania-mantuvo-fuera-de-la-otan-las-tropas-extranjeras-se-quedan-fuera","status":"publish","type":"post","link":"https:\/\/noticiasveraces.com\/?p=18975","title":{"rendered":"Rusia busca el voto &#8216;Ironclad&#8217; de que Ucrania mantuvo fuera de la OTAN, las tropas extranjeras se quedan fuera"},"content":{"rendered":"<p> \n<\/p>\n<div>\n<p class=\"speakable\">Seg\u00fan los informes, el viceministro de Relaciones Exteriores de Rusia, Alexander Grushko, dijo que el Kremlin quiere una garant\u00eda de \u00abIronclad\u00bb de que Ucrania tendr\u00e1 prohibido unirse a la Organizaci\u00f3n del Tratado del Atl\u00e1ntico Norte (OTAN), mientras la administraci\u00f3n Trump trabaja para negociar un acuerdo para terminar con el combate. <\/p>\n<p class=\"speakable\">\u00abExigiremos que las garant\u00edas de seguridad de IronClad se conviertan en parte de este acuerdo\u00bb, dijo Grushko, seg\u00fan Reuters, Grushko, seg\u00fan Reuters. \u00abParte de estas garant\u00edas deber\u00eda ser el estado neutral de Ucrania, la negativa de los pa\u00edses de la OTAN a aceptarlo en la alianza\u00bb.<\/p>\n<p>Seg\u00fan los informes, Grushko no mencion\u00f3 la propuesta de alto el fuego de 30 d\u00edas, que fue aceptada por Ucrania con negociadores estadounidenses en Arabia Saudita la semana pasada. El presidente ruso, Vladimir Putin, ha declarado que cualquier acuerdo primero debe cumplir con las condiciones cruciales. <\/p>\n<p><strong>Trump, Putin Call esperaba esta semana, ya que el administrador se acerca a Rusia-Ukraine Cesefire Deal: Witkoff<\/strong> <\/p>\n<div class=\"image-ct inline\">\n<div class=\"m\"><picture><source media=\"(max-width: 767px)\" srcset=\"https:\/\/a57.foxnews.com\/static.foxnews.com\/foxnews.com\/content\/uploads\/2025\/03\/343\/192\/gettyimages-2204527486.jpg?ve=1&amp;tl=1, https:\/\/a57.foxnews.com\/static.foxnews.com\/foxnews.com\/content\/uploads\/2025\/03\/686\/384\/gettyimages-2204527486.jpg?ve=1&amp;tl=1 2x\" height=\"192\" width=\"343\"><source media=\"(min-width: 768px) and (max-width: 1023px)\" srcset=\"https:\/\/a57.foxnews.com\/static.foxnews.com\/foxnews.com\/content\/uploads\/2025\/03\/672\/378\/gettyimages-2204527486.jpg?ve=1&amp;tl=1, https:\/\/a57.foxnews.com\/static.foxnews.com\/foxnews.com\/content\/uploads\/2025\/03\/1344\/756\/gettyimages-2204527486.jpg?ve=1&amp;tl=1 2x\" height=\"378\" width=\"672\"><source media=\"(min-width: 1024px) and (max-width: 1279px)\" srcset=\"https:\/\/a57.foxnews.com\/static.foxnews.com\/foxnews.com\/content\/uploads\/2025\/03\/931\/523\/gettyimages-2204527486.jpg?ve=1&amp;tl=1, https:\/\/a57.foxnews.com\/static.foxnews.com\/foxnews.com\/content\/uploads\/2025\/03\/1862\/1046\/gettyimages-2204527486.jpg?ve=1&amp;tl=1 2x\" height=\"523\" width=\"931\"><source media=\"(min-width: 1280px)\" srcset=\"https:\/\/a57.foxnews.com\/static.foxnews.com\/foxnews.com\/content\/uploads\/2025\/03\/720\/405\/gettyimages-2204527486.jpg?ve=1&amp;tl=1, https:\/\/a57.foxnews.com\/static.foxnews.com\/foxnews.com\/content\/uploads\/2025\/03\/1440\/810\/gettyimages-2204527486.jpg?ve=1&amp;tl=1 2x\" height=\"405\" width=\"720\"><img loading=\"lazy\" decoding=\"async\" src=\"https:\/\/a57.foxnews.com\/static.foxnews.com\/foxnews.com\/content\/uploads\/2025\/03\/1200\/675\/gettyimages-2204527486.jpg?ve=1&amp;tl=1\" alt=\"Putin preside una reuni\u00f3n del Consejo de Seguridad\" width=\"1200\" height=\"675\"\/><\/source><\/source><\/source><\/source><\/picture><\/div>\n<div class=\"info\">\n<div class=\"caption\">\n<p><span>En esta fotograf\u00eda de la piscina distribuida por la agencia estatal rusa Sputnik, el presidente de Rusia, Vladimir Putin, preside una reuni\u00f3n del Consejo de Seguridad a trav\u00e9s de videoconferencia en la residencia estatal de Novo-Agaratovo fuera de Mosc\u00fa el 14 de marzo de 2025. <\/span> <span>(Aleksey Babushkin\/Pool\/AFP a trav\u00e9s de Getty Images)<\/span><\/p>\n<\/div>\n<\/div>\n<\/div>\n<p>El enviado especial de los Estados Unidos al Medio Oriente Steve Witkoff dijo el domingo que se espera que Trump y Putin hablen por tel\u00e9fono esta semana. El propio Witkoff describi\u00f3 tener una reuni\u00f3n \u00abpositiva\u00bb y \u00abbasada en soluciones\u00bb con Putin en Mosc\u00fa la semana pasada. <\/p>\n<p>Seg\u00fan los informes, Grushko reiter\u00f3 en la entrevista con Izvestia de que Rusia se mantiene estrictamente opuesta al despliegue de tropas europeas a Ucrania, ya que Gran Breta\u00f1a, Francia y Australia han se\u00f1alado estar abierto a enviar una fuerza de \u00abmantenimiento de la paz\u00bb al pa\u00eds.<\/p>\n<p>\u00abNo importa bajo qu\u00e9 etiqueta se desplegar\u00edan los contingentes de la OTAN en el territorio ucraniano: ya sea la Uni\u00f3n Europea, la OTAN o en una capacidad nacional\u00bb, dijo Grushko, seg\u00fan Reuters. \u00abSi aparecen all\u00ed, significa que se despliegan en la zona de conflicto con todas las consecuencias para estos contingentes como partes en el conflicto\u00bb.<\/p>\n<div class=\"image-ct inline\">\n<div class=\"m\"><picture><source media=\"(max-width: 767px)\" srcset=\"https:\/\/a57.foxnews.com\/static.foxnews.com\/foxnews.com\/content\/uploads\/2025\/03\/343\/192\/gettyimages-2203918696.jpg?ve=1&amp;tl=1, https:\/\/a57.foxnews.com\/static.foxnews.com\/foxnews.com\/content\/uploads\/2025\/03\/686\/384\/gettyimages-2203918696.jpg?ve=1&amp;tl=1 2x\" height=\"192\" width=\"343\"><source media=\"(min-width: 768px) and (max-width: 1023px)\" srcset=\"https:\/\/a57.foxnews.com\/static.foxnews.com\/foxnews.com\/content\/uploads\/2025\/03\/672\/378\/gettyimages-2203918696.jpg?ve=1&amp;tl=1, https:\/\/a57.foxnews.com\/static.foxnews.com\/foxnews.com\/content\/uploads\/2025\/03\/1344\/756\/gettyimages-2203918696.jpg?ve=1&amp;tl=1 2x\" height=\"378\" width=\"672\"><source media=\"(min-width: 1024px) and (max-width: 1279px)\" srcset=\"https:\/\/a57.foxnews.com\/static.foxnews.com\/foxnews.com\/content\/uploads\/2025\/03\/931\/523\/gettyimages-2203918696.jpg?ve=1&amp;tl=1, https:\/\/a57.foxnews.com\/static.foxnews.com\/foxnews.com\/content\/uploads\/2025\/03\/1862\/1046\/gettyimages-2203918696.jpg?ve=1&amp;tl=1 2x\" height=\"523\" width=\"931\"><source media=\"(min-width: 1280px)\" srcset=\"https:\/\/a57.foxnews.com\/static.foxnews.com\/foxnews.com\/content\/uploads\/2025\/03\/720\/405\/gettyimages-2203918696.jpg?ve=1&amp;tl=1, https:\/\/a57.foxnews.com\/static.foxnews.com\/foxnews.com\/content\/uploads\/2025\/03\/1440\/810\/gettyimages-2203918696.jpg?ve=1&amp;tl=1 2x\" height=\"405\" width=\"720\"><img loading=\"lazy\" decoding=\"async\" src=\"https:\/\/a57.foxnews.com\/static.foxnews.com\/foxnews.com\/content\/uploads\/2025\/03\/1200\/675\/gettyimages-2203918696.jpg?ve=1&amp;tl=1\" alt=\"Grushko se re\u00fane con el Ministerio de Relaciones Exteriores de Rusia\" width=\"1200\" height=\"675\"\/><\/source><\/source><\/source><\/source><\/picture><\/div>\n<div class=\"info\">\n<div class=\"caption\">\n<p><span>El viceministro de Asuntos Exteriores de Rusia, Alexander Grushko, asiste a una reuni\u00f3n del ministro de Relaciones Exteriores de Rusia y Secretario General de la OSCE en Mosc\u00fa el 11 de marzo de 2025. <\/span> <span>(Maxim Shemetov\/Pool\/AFP a trav\u00e9s de Getty Images)<\/span><\/p>\n<\/div>\n<\/div>\n<\/div>\n<p><strong><u>\u00abNunca hemos estado tan cerca de la paz\u00bb desde que Rusia invadi\u00f3 Ucrania, Leavitt dice a los periodistas<\/u><\/strong><\/p>\n<p>\u00abPodemos hablar sobre observadores desarmados, una misi\u00f3n civil que monitorear\u00eda la implementaci\u00f3n de aspectos individuales de este acuerdo o mecanismos de garant\u00eda\u00bb, agreg\u00f3 Grushko, diciendo que se debe llegar primero a un acuerdo. \u00abMientras tanto, es solo aire caliente\u00bb.<\/p>\n<p>El primer ministro del Reino Unido, Keir Starmer, celebr\u00f3 una reuni\u00f3n virtual el s\u00e1bado con 26 naciones potencialmente dispuestas a participar en una \u00abfuerza de mantenimiento de la paz\u00bb en Ucrania, inform\u00f3 el Telegraph. <\/p>\n<p>El presidente franc\u00e9s, Emmanuel Macron, mientras tanto, se cit\u00f3 a varios medios de comunicaci\u00f3n franceses el s\u00e1bado que la intenci\u00f3n es \u00abdesplegar unos pocos miles de hombres por naci\u00f3n, en puntos clave, para llevar a cabo programas de capacitaci\u00f3n\u00bb y \u00abmostrar nuestro apoyo a largo plazo\u00bb. <\/p>\n<p>\u00abSi Ucrania pide a las fuerzas aliadas que est\u00e9n en su territorio, no corresponde a Rusia aceptar o no\u00bb, dijo Macron. <\/p>\n<div class=\"image-ct inline\">\n<div class=\"m\"><picture><source media=\"(max-width: 767px)\" srcset=\"https:\/\/a57.foxnews.com\/static.foxnews.com\/foxnews.com\/content\/uploads\/2025\/03\/343\/192\/gettyimages-2204631424.jpg?ve=1&amp;tl=1, https:\/\/a57.foxnews.com\/static.foxnews.com\/foxnews.com\/content\/uploads\/2025\/03\/686\/384\/gettyimages-2204631424.jpg?ve=1&amp;tl=1 2x\" height=\"192\" width=\"343\"><source media=\"(min-width: 768px) and (max-width: 1023px)\" srcset=\"https:\/\/a57.foxnews.com\/static.foxnews.com\/foxnews.com\/content\/uploads\/2025\/03\/672\/378\/gettyimages-2204631424.jpg?ve=1&amp;tl=1, https:\/\/a57.foxnews.com\/static.foxnews.com\/foxnews.com\/content\/uploads\/2025\/03\/1344\/756\/gettyimages-2204631424.jpg?ve=1&amp;tl=1 2x\" height=\"378\" width=\"672\"><source media=\"(min-width: 1024px) and (max-width: 1279px)\" srcset=\"https:\/\/a57.foxnews.com\/static.foxnews.com\/foxnews.com\/content\/uploads\/2025\/03\/931\/523\/gettyimages-2204631424.jpg?ve=1&amp;tl=1, https:\/\/a57.foxnews.com\/static.foxnews.com\/foxnews.com\/content\/uploads\/2025\/03\/1862\/1046\/gettyimages-2204631424.jpg?ve=1&amp;tl=1 2x\" height=\"523\" width=\"931\"><source media=\"(min-width: 1280px)\" srcset=\"https:\/\/a57.foxnews.com\/static.foxnews.com\/foxnews.com\/content\/uploads\/2025\/03\/720\/405\/gettyimages-2204631424.jpg?ve=1&amp;tl=1, https:\/\/a57.foxnews.com\/static.foxnews.com\/foxnews.com\/content\/uploads\/2025\/03\/1440\/810\/gettyimages-2204631424.jpg?ve=1&amp;tl=1 2x\" height=\"405\" width=\"720\"><img loading=\"lazy\" decoding=\"async\" src=\"https:\/\/a57.foxnews.com\/static.foxnews.com\/foxnews.com\/content\/uploads\/2025\/03\/1200\/675\/gettyimages-2204631424.jpg?ve=1&amp;tl=1\" alt=\"Macron en una reuni\u00f3n virtual con Starmer sobre la misi\u00f3n de mantenimiento de la paz de Ucrania\" width=\"1200\" height=\"675\"\/><\/source><\/source><\/source><\/source><\/picture><\/div>\n<div class=\"info\">\n<div class=\"caption\">\n<p><span>El presidente franc\u00e9s, Emmanuel Macron, asiste a un video que participa en una cumbre virtual en poder del primer ministro de Gran Breta\u00f1a y se centr\u00f3 en la paz y la seguridad en Ucrania, en el Palacio El\u00edseo en Par\u00eds el 15 de marzo de 2025. <\/span> <span>(Kiran Ridley\/Pool\/AFP a trav\u00e9s de Getty Images)<\/span><\/p>\n<\/div>\n<\/div>\n<\/div>\n<p>El primer ministro australiano, Anthony Albanese, tambi\u00e9n dijo que estar\u00eda dispuesto a enviar tropas. <\/p>\n<p>Grushko argument\u00f3 adem\u00e1s que una soluci\u00f3n al conflicto de tres a\u00f1os solo podr\u00eda sostenerse si los aliados europeos a Kiev entienden que Ucrania debe ser prohibida por la membres\u00eda de la OTAN y los contingentes militares extranjeros se mantienen fuera. <\/p>\n<p><strong><u>Haga clic aqu\u00ed para obtener la aplicaci\u00f3n Fox News<\/u><\/strong><\/p>\n<p>\u00abEntonces se garantizar\u00e1 la seguridad de Ucrania y toda la regi\u00f3n en un sentido m\u00e1s amplio, ya que se eliminar\u00e1 una de las causas fundamentales del conflicto\u00bb, dijo Grushko.<\/p>\n<p> <!----> <\/p>\n<div class=\"article-meta\">\n<div class=\"author-bio\">\n<p>Danielle Wallace es reportera de noticias y pol\u00edticas en Fox News Digital. Los consejos de la historia se pueden enviar a danielle.wallace@fox.com y en X: @danimwallace. <\/p>\n<\/div>\n<\/div>\n<\/div>\n\n","protected":false},"excerpt":{"rendered":"<p>Seg\u00fan los informes, el viceministro de Relaciones Exteriores de Rusia, Alexander Grushko, dijo que el Kremlin quiere una garant\u00eda de \u00abIronclad\u00bb de que Ucrania tendr\u00e1 prohibido unirse a la Organizaci\u00f3n del Tratado del Atl\u00e1ntico Norte (OTAN), mientras la administraci\u00f3n Trump trabaja para negociar un acuerdo para terminar con el combate. \u00abExigiremos que las garant\u00edas de &hellip;<\/p>\n","protected":false},"author":1,"featured_media":18977,"comment_status":"open","ping_status":"open","sticky":false,"template":"","format":"standard","meta":{"fifu_image_url":"https:\/\/static.foxnews.com\/foxnews.com\/content\/uploads\/2025\/03\/gettyimages-2204527486.jpg","fifu_image_alt":"","footnotes":""},"categories":[13],"tags":[],"class_list":["post-18975","post","type-post","status-publish","format-standard","has-post-thumbnail","","category-mundo"],"_links":{"self":[{"href":"https:\/\/noticiasveraces.com\/index.php?rest_route=\/wp\/v2\/posts\/18975","targetHints":{"allow":["GET"]}}],"collection":[{"href":"https:\/\/noticiasveraces.com\/index.php?rest_route=\/wp\/v2\/posts"}],"about":[{"href":"https:\/\/noticiasveraces.com\/index.php?rest_route=\/wp\/v2\/types\/post"}],"author":[{"embeddable":true,"href":"https:\/\/noticiasveraces.com\/index.php?rest_route=\/wp\/v2\/users\/1"}],"replies":[{"embeddable":true,"href":"https:\/\/noticiasveraces.com\/index.php?rest_route=%2Fwp%2Fv2%2Fcomments&post=18975"}],"version-history":[{"count":0,"href":"https:\/\/noticiasveraces.com\/index.php?rest_route=\/wp\/v2\/posts\/18975\/revisions"}],"wp:featuredmedia":[{"embeddable":true,"href":"https:\/\/noticiasveraces.com\/index.php?rest_route=\/wp\/v2\/media\/18977"}],"wp:attachment":[{"href":"https:\/\/noticiasveraces.com\/index.php?rest_route=%2Fwp%2Fv2%2Fmedia&parent=18975"}],"wp:term":[{"taxonomy":"category","embeddable":true,"href":"https:\/\/noticiasveraces.com\/index.php?rest_route=%2Fwp%2Fv2%2Fcategories&post=18975"},{"taxonomy":"post_tag","embeddable":true,"href":"https:\/\/noticiasveraces.com\/index.php?rest_route=%2Fwp%2Fv2%2Ftags&post=18975"}],"curies":[{"name":"wp","href":"https:\/\/api.w.org\/{rel}","templated":true}]}}