{"id":18966,"date":"2025-03-17T06:53:52","date_gmt":"2025-03-17T10:53:52","guid":{"rendered":"https:\/\/noticiasveraces.com\/?p=18966"},"modified":"2025-03-17T06:53:52","modified_gmt":"2025-03-17T10:53:52","slug":"miembro-del-parlamento-frances-quiere-que-devuelvamos-la-estatua-de-la-libertad","status":"publish","type":"post","link":"https:\/\/noticiasveraces.com\/?p=18966","title":{"rendered":"Miembro del parlamento franc\u00e9s quiere que devuelvamos la estatua de la libertad"},"content":{"rendered":"<p> \n<\/p>\n<div>\n<p class=\"speakable\">Un miembro del Parlamento franc\u00e9s exige que Estados Unidos devuelva la Estatua de la Libertad a Francia, quien lo regal\u00f3 a los estadounidenses en la d\u00e9cada de 1880.<\/p>\n<p class=\"speakable\">El pol\u00edtico de la izquierda central Rapha\u00ebl Glucksmann hizo los comentarios en una convenci\u00f3n reciente de su partido pol\u00edtico, Place Publique.<\/p>\n<p>\u00abVamos a decirle a los estadounidenses que han elegido ponerse del lado de los tiranos, a los estadounidenses que despedieron a los investigadores por exigir libertad cient\u00edfica:\u00bb Devu\u00e9lvanos la estatua de la libertad \u00ab, dijo a los partidarios, seg\u00fan Le Monde, un peri\u00f3dico franc\u00e9s.<\/p>\n<p>\u00abTe lo dimos como regalo, pero aparentemente lo desprecias. Entonces, estar\u00e1 bien aqu\u00ed en casa\u00bb, agreg\u00f3.<\/p>\n<p><strong>Enorme bomba de la era de la Segunda Guerra Mundial inexplicada que se encuentra en la concurrida zona residencial de Par\u00eds<\/strong><\/p>\n<div class=\"image-ct inline\">\n<div class=\"m\"><picture><source media=\"(max-width: 767px)\" srcset=\"https:\/\/a57.foxnews.com\/static.foxnews.com\/foxnews.com\/content\/uploads\/2025\/03\/343\/192\/raphael-glucksmann.png?ve=1&amp;tl=1, https:\/\/a57.foxnews.com\/static.foxnews.com\/foxnews.com\/content\/uploads\/2025\/03\/686\/384\/raphael-glucksmann.png?ve=1&amp;tl=1 2x\" height=\"192\" width=\"343\"><source media=\"(min-width: 768px) and (max-width: 1023px)\" srcset=\"https:\/\/a57.foxnews.com\/static.foxnews.com\/foxnews.com\/content\/uploads\/2025\/03\/672\/378\/raphael-glucksmann.png?ve=1&amp;tl=1, https:\/\/a57.foxnews.com\/static.foxnews.com\/foxnews.com\/content\/uploads\/2025\/03\/1344\/756\/raphael-glucksmann.png?ve=1&amp;tl=1 2x\" height=\"378\" width=\"672\"><source media=\"(min-width: 1024px) and (max-width: 1279px)\" srcset=\"https:\/\/a57.foxnews.com\/static.foxnews.com\/foxnews.com\/content\/uploads\/2025\/03\/931\/523\/raphael-glucksmann.png?ve=1&amp;tl=1, https:\/\/a57.foxnews.com\/static.foxnews.com\/foxnews.com\/content\/uploads\/2025\/03\/1862\/1046\/raphael-glucksmann.png?ve=1&amp;tl=1 2x\" height=\"523\" width=\"931\"><source media=\"(min-width: 1280px)\" srcset=\"https:\/\/a57.foxnews.com\/static.foxnews.com\/foxnews.com\/content\/uploads\/2025\/03\/720\/405\/raphael-glucksmann.png?ve=1&amp;tl=1, https:\/\/a57.foxnews.com\/static.foxnews.com\/foxnews.com\/content\/uploads\/2025\/03\/1440\/810\/raphael-glucksmann.png?ve=1&amp;tl=1 2x\" height=\"405\" width=\"720\"><img loading=\"lazy\" decoding=\"async\" src=\"https:\/\/a57.foxnews.com\/static.foxnews.com\/foxnews.com\/content\/uploads\/2025\/03\/1200\/675\/raphael-glucksmann.png?ve=1&amp;tl=1\" alt=\"Rapha\u00ebl Glucksmann\" width=\"1200\" height=\"675\"\/><\/source><\/source><\/source><\/source><\/picture><\/div>\n<div class=\"info\">\n<div class=\"caption\">\n<p><span>Miembro franc\u00e9s del Parlamento y copresidente del partido pol\u00edtico \u00abLugar Publique\u00bb Rapha\u00ebl Glucksmann pronuncia un discurso durante el Congreso de Place Publique en Par\u00eds el 16 de marzo de 2025.<\/span> <span>(Getty Images)<\/span><\/p>\n<\/div>\n<\/div>\n<\/div>\n<p>Francia present\u00f3 la Estatua de la Libertad a Am\u00e9rica el 4 de julio de 1884, antes de que m\u00e1s tarde se revelara en la ciudad de Nueva York el 28 de octubre de 1886 por el entonces presidente Grover Cleveland para el Centenario de la Declaraci\u00f3n de Independencia de los Estados Unidos.<\/p>\n<p>La estatua fue dise\u00f1ada por el escultor franc\u00e9s Auguste Bartholdi y pesa alrededor de 450,000 libras y se encuentra a 305 pies de altura.<\/p>\n<p>Se muestra una copia mucho m\u00e1s peque\u00f1a de la estatua en All\u00e9e des Cygnes, una peque\u00f1a isla en el r\u00edo Sena en Par\u00eds. La r\u00e9plica de Lady Liberty fue regalada a Francia por los Estados Unidos en 1889 para marcar 100 a\u00f1os desde la Revoluci\u00f3n Francesa.<\/p>\n<div class=\"image-ct inline\">\n<div class=\"m\"><picture><source media=\"(max-width: 767px)\" srcset=\"https:\/\/a57.foxnews.com\/static.foxnews.com\/foxnews.com\/content\/uploads\/2021\/09\/343\/192\/statue-of-liberty-1.jpg?ve=1&amp;tl=1, https:\/\/a57.foxnews.com\/static.foxnews.com\/foxnews.com\/content\/uploads\/2021\/09\/686\/384\/statue-of-liberty-1.jpg?ve=1&amp;tl=1 2x\" height=\"192\" width=\"343\"><source media=\"(min-width: 768px) and (max-width: 1023px)\" srcset=\"https:\/\/a57.foxnews.com\/static.foxnews.com\/foxnews.com\/content\/uploads\/2021\/09\/672\/378\/statue-of-liberty-1.jpg?ve=1&amp;tl=1, https:\/\/a57.foxnews.com\/static.foxnews.com\/foxnews.com\/content\/uploads\/2021\/09\/1344\/756\/statue-of-liberty-1.jpg?ve=1&amp;tl=1 2x\" height=\"378\" width=\"672\"><source media=\"(min-width: 1024px) and (max-width: 1279px)\" srcset=\"https:\/\/a57.foxnews.com\/static.foxnews.com\/foxnews.com\/content\/uploads\/2021\/09\/931\/523\/statue-of-liberty-1.jpg?ve=1&amp;tl=1, https:\/\/a57.foxnews.com\/static.foxnews.com\/foxnews.com\/content\/uploads\/2021\/09\/1862\/1046\/statue-of-liberty-1.jpg?ve=1&amp;tl=1 2x\" height=\"523\" width=\"931\"><source media=\"(min-width: 1280px)\" srcset=\"https:\/\/a57.foxnews.com\/static.foxnews.com\/foxnews.com\/content\/uploads\/2021\/09\/720\/405\/statue-of-liberty-1.jpg?ve=1&amp;tl=1, https:\/\/a57.foxnews.com\/static.foxnews.com\/foxnews.com\/content\/uploads\/2021\/09\/1440\/810\/statue-of-liberty-1.jpg?ve=1&amp;tl=1 2x\" height=\"405\" width=\"720\"><img loading=\"lazy\" decoding=\"async\" src=\"https:\/\/a57.foxnews.com\/static.foxnews.com\/foxnews.com\/content\/uploads\/2021\/09\/1200\/675\/statue-of-liberty-1.jpg?ve=1&amp;tl=1\" alt=\"Estatua de la libertad con vistas al puerto de Nueva York\" width=\"1200\" height=\"675\"\/><\/source><\/source><\/source><\/source><\/picture><\/div>\n<div class=\"info\">\n<div class=\"caption\">\n<p><span>La estatua de la libertad fue originalmente regalada a Am\u00e9rica por Francia en el siglo XIX.<\/span> <span>(Istock)<\/span><\/p>\n<\/div>\n<\/div>\n<\/div>\n<p>Glucksmann, un firme defensor de Ucrania en su guerra contra Rusia, ha criticado al presidente Donald Trump por retirar el apoyo al pa\u00eds en su lucha contra la invasi\u00f3n de Mosc\u00fa desde febrero de 2022.<\/p>\n<p>Tambi\u00e9n critic\u00f3 a Trump por reducir los fondos federales a las universidades e instituciones de investigaci\u00f3n estadounidenses, una medida que condujo a una iniciativa del gobierno franc\u00e9s con el objetivo de llevar a algunos de ellos a Francia.<\/p>\n<p><strong>Trump dice que hablar\u00e1 con el presidente ruso Vladimir Putin el martes<\/strong><\/p>\n<div class=\"image-ct inline\">\n<div class=\"m\"><picture><source media=\"(max-width: 767px)\" srcset=\"https:\/\/a57.foxnews.com\/static.foxnews.com\/foxnews.com\/content\/uploads\/2021\/12\/343\/192\/statueofliberty.jpg?ve=1&amp;tl=1, https:\/\/a57.foxnews.com\/static.foxnews.com\/foxnews.com\/content\/uploads\/2021\/12\/686\/384\/statueofliberty.jpg?ve=1&amp;tl=1 2x\" height=\"192\" width=\"343\"><source media=\"(min-width: 768px) and (max-width: 1023px)\" srcset=\"https:\/\/a57.foxnews.com\/static.foxnews.com\/foxnews.com\/content\/uploads\/2021\/12\/672\/378\/statueofliberty.jpg?ve=1&amp;tl=1, https:\/\/a57.foxnews.com\/static.foxnews.com\/foxnews.com\/content\/uploads\/2021\/12\/1344\/756\/statueofliberty.jpg?ve=1&amp;tl=1 2x\" height=\"378\" width=\"672\"><source media=\"(min-width: 1024px) and (max-width: 1279px)\" srcset=\"https:\/\/a57.foxnews.com\/static.foxnews.com\/foxnews.com\/content\/uploads\/2021\/12\/931\/523\/statueofliberty.jpg?ve=1&amp;tl=1, https:\/\/a57.foxnews.com\/static.foxnews.com\/foxnews.com\/content\/uploads\/2021\/12\/1862\/1046\/statueofliberty.jpg?ve=1&amp;tl=1 2x\" height=\"523\" width=\"931\"><source media=\"(min-width: 1280px)\" srcset=\"https:\/\/a57.foxnews.com\/static.foxnews.com\/foxnews.com\/content\/uploads\/2021\/12\/720\/405\/statueofliberty.jpg?ve=1&amp;tl=1, https:\/\/a57.foxnews.com\/static.foxnews.com\/foxnews.com\/content\/uploads\/2021\/12\/1440\/810\/statueofliberty.jpg?ve=1&amp;tl=1 2x\" height=\"405\" width=\"720\"><img loading=\"lazy\" decoding=\"async\" src=\"https:\/\/a57.foxnews.com\/static.foxnews.com\/foxnews.com\/content\/uploads\/2021\/12\/1200\/675\/statueofliberty.jpg?ve=1&amp;tl=1\" alt=\"Estatua de la libertad en la distancia\" width=\"1200\" height=\"675\"\/><\/source><\/source><\/source><\/source><\/picture><\/div>\n<div class=\"info\">\n<div class=\"caption\">\n<p><span>La estatua de la libertad fue dise\u00f1ada por el escultor franc\u00e9s Auguste Bartholdi.<\/span> <span>(AP Photo\/Adam Hunger)<\/span><\/p>\n<\/div>\n<\/div>\n<\/div>\n<p><strong><u>Haga clic aqu\u00ed para obtener la aplicaci\u00f3n Fox News<\/u><\/strong><\/p>\n<p>\u00abLa segunda cosa que vamos a decir a los estadounidenses es: si quieres despedir a tus mejores investigadores, si quieres despedir a todas las personas que, a trav\u00e9s de su libertad y su sentido de innovaci\u00f3n, su gusto por la duda e investigaci\u00f3n, han convertido a tu pa\u00eds en el poder principal del mundo, entonces les daremos la bienvenida\u00bb, dijo Glucksmann.<\/p>\n<p>Glucksmann tambi\u00e9n critic\u00f3 a los miembros de derecha del Parlamento franc\u00e9s por ser un \u00abclub de admiradores\u00bb para Trump y el multimillonario Elon Musk, un asesor principal de Trump que tambi\u00e9n lidera el Departamento de Eficiencia del Gobierno.<\/p>\n<p> <!----> <\/div>\n\n","protected":false},"excerpt":{"rendered":"<p>Un miembro del Parlamento franc\u00e9s exige que Estados Unidos devuelva la Estatua de la Libertad a Francia, quien lo regal\u00f3 a los estadounidenses en la d\u00e9cada de 1880. El pol\u00edtico de la izquierda central Rapha\u00ebl Glucksmann hizo los comentarios en una convenci\u00f3n reciente de su partido pol\u00edtico, Place Publique. \u00abVamos a decirle a los estadounidenses &hellip;<\/p>\n","protected":false},"author":1,"featured_media":18968,"comment_status":"open","ping_status":"open","sticky":false,"template":"","format":"standard","meta":{"fifu_image_url":"https:\/\/static.foxnews.com\/foxnews.com\/content\/uploads\/2021\/09\/statue-of-liberty-1.jpg","fifu_image_alt":"","footnotes":""},"categories":[13],"tags":[],"class_list":["post-18966","post","type-post","status-publish","format-standard","has-post-thumbnail","","category-mundo"],"_links":{"self":[{"href":"https:\/\/noticiasveraces.com\/index.php?rest_route=\/wp\/v2\/posts\/18966","targetHints":{"allow":["GET"]}}],"collection":[{"href":"https:\/\/noticiasveraces.com\/index.php?rest_route=\/wp\/v2\/posts"}],"about":[{"href":"https:\/\/noticiasveraces.com\/index.php?rest_route=\/wp\/v2\/types\/post"}],"author":[{"embeddable":true,"href":"https:\/\/noticiasveraces.com\/index.php?rest_route=\/wp\/v2\/users\/1"}],"replies":[{"embeddable":true,"href":"https:\/\/noticiasveraces.com\/index.php?rest_route=%2Fwp%2Fv2%2Fcomments&post=18966"}],"version-history":[{"count":0,"href":"https:\/\/noticiasveraces.com\/index.php?rest_route=\/wp\/v2\/posts\/18966\/revisions"}],"wp:featuredmedia":[{"embeddable":true,"href":"https:\/\/noticiasveraces.com\/index.php?rest_route=\/wp\/v2\/media\/18968"}],"wp:attachment":[{"href":"https:\/\/noticiasveraces.com\/index.php?rest_route=%2Fwp%2Fv2%2Fmedia&parent=18966"}],"wp:term":[{"taxonomy":"category","embeddable":true,"href":"https:\/\/noticiasveraces.com\/index.php?rest_route=%2Fwp%2Fv2%2Fcategories&post=18966"},{"taxonomy":"post_tag","embeddable":true,"href":"https:\/\/noticiasveraces.com\/index.php?rest_route=%2Fwp%2Fv2%2Ftags&post=18966"}],"curies":[{"name":"wp","href":"https:\/\/api.w.org\/{rel}","templated":true}]}}