{"id":18891,"date":"2025-03-16T16:30:53","date_gmt":"2025-03-16T20:30:53","guid":{"rendered":"https:\/\/noticiasveraces.com\/?p=18891"},"modified":"2025-03-16T16:30:53","modified_gmt":"2025-03-16T20:30:53","slug":"vaticano-divulga-la-primera-imagen-del-papa-en-un-mes-dw-16-03-2025","status":"publish","type":"post","link":"https:\/\/noticiasveraces.com\/?p=18891","title":{"rendered":"Vaticano Divulga la Primera Imagen del Papa en un mes &#8211; DW &#8211; 16\/03\/2025"},"content":{"rendered":"<p> \n<\/p>\n<div>\n<p>El Vaticano Difundio Este Domingo (16.03.2025) La Primera Imagen del Papa Francisco Desde Su Hospitalizaci\u00f3n Hace 31 D\u00edas por Problemas Respiratorios, en la que se ve al Pont\u00edfice, Que -ATRAILE ATRAVESAR \u00abUn Momento de PrueBa\u00bb, parcialmento de Lado en un Capit\u00e1n en la Capitana de la Capitana. La D\u00e9cima Planta del Gemelli de Roma.<\/p>\n<p>La Imagen Mausra Al Jesuita Argentino Sentado y Un Poco Cabizbajo Ante el Altar de Su Capilla Privada. Aunque El Vaticano indic\u00f3 que participaci\u00f3n \u00aboTros sacerdotes\u00bb, El Pontifice de 88 A\u00f1os Aparece Solo y Sen Portar una C\u00e1nula Nasal de Alto fljo, Que USA Durante El D\u00eda en El Hospital parayudarle un respirar. Jorge Mario Bergoglio se recuperaci\u00f3n a\u00fan de una neumon\u00eda que bilateral que obligue un recibir ox\u00edmeno y ventil\u00e1ciano Mec\u00e1nica.<\/p>\n<p>Hasta Ahora, El \u00fanico mansaje Directo de Francisco, que todav\u00eda no ha aparecido en p\u00fablico, fue un cortoconio audio difundido el 6 de marzo en el Que, con voz y respiraci\u00f3nada, daba las \u00abgracias\u00bb a los fieles por sus oraciones. El \u00daltimo parte M\u00e9dico, Difundido el S\u00e1bado por la Noche, indic\u00f3 que su estado de salud se manten\u00eda \u00abestable\u00bb, pero necesitaba a\u00fan continuar con su terapia.<\/p>\n<h2>\u00abMomento de PrueBa\u00bb<\/h2>\n<p>\u00abESTOY ATRAVESANDO UN Momento de PrueBa\u00bb, Reconoci\u00f3 Bergoglio en Su tradicional MensAJE del \u00c1ngelus, Que por Quinta semana consecutiva envi\u00f3 por escrito al no poder pronunciarlo en p\u00fablico. \u00abNuestro F\u00edsico Est\u00e1 D\u00e9bil, Pero, incluso as\u00ed, nada puede impedirnos amar, rezar (&#8230;) me uno a los tantos Hermanos y Hermanos Enfermos: Fr\u00e1giles, en este Momento, Como yo\u00bb, Se\u00f1al\u00f3 en elxo Difundido por el Vaticano.<\/p>\n<p>Francisco A\u00f1adi\u00f3: \u00ab\u00a1Cu\u00e1l\u00e1 Luz Brilla, en Este Sentido, en Los Hospitales y en Los Centros de Asistencia! \u00a1Cuana Atenci\u00f3n Amorosa Ilumina las H\u00e1bitaciones, Los Pasillos, Los Ambulatorios, Los Lugares Donde Los Servicios M\u00e1s M\u00e1s!\u00bb. Los M\u00e9dicos del Hospital Gemelli decidieron No Entregar Partes M\u00e9dicos, un Menos que Haya Novedades relevante que informar. SE Espera que El Pr\u00f3ximo Bolet\u00edn se divulgue el Martes.<\/p>\n<p>DZC (AFP, Efe)<\/p>\n<\/div>\n\n","protected":false},"excerpt":{"rendered":"<p>El Vaticano Difundio Este Domingo (16.03.2025) La Primera Imagen del Papa Francisco Desde Su Hospitalizaci\u00f3n Hace 31 D\u00edas por Problemas Respiratorios, en la que se ve al Pont\u00edfice, Que -ATRAILE ATRAVESAR \u00abUn Momento de PrueBa\u00bb, parcialmento de Lado en un Capit\u00e1n en la Capitana de la Capitana. La D\u00e9cima Planta del Gemelli de Roma. La &hellip;<\/p>\n","protected":false},"author":1,"featured_media":18892,"comment_status":"open","ping_status":"open","sticky":false,"template":"","format":"standard","meta":{"fifu_image_url":"https:\/\/static.dw.com\/image\/71937756_6.jpg","fifu_image_alt":"","footnotes":""},"categories":[13],"tags":[],"class_list":["post-18891","post","type-post","status-publish","format-standard","has-post-thumbnail","","category-mundo"],"_links":{"self":[{"href":"https:\/\/noticiasveraces.com\/index.php?rest_route=\/wp\/v2\/posts\/18891","targetHints":{"allow":["GET"]}}],"collection":[{"href":"https:\/\/noticiasveraces.com\/index.php?rest_route=\/wp\/v2\/posts"}],"about":[{"href":"https:\/\/noticiasveraces.com\/index.php?rest_route=\/wp\/v2\/types\/post"}],"author":[{"embeddable":true,"href":"https:\/\/noticiasveraces.com\/index.php?rest_route=\/wp\/v2\/users\/1"}],"replies":[{"embeddable":true,"href":"https:\/\/noticiasveraces.com\/index.php?rest_route=%2Fwp%2Fv2%2Fcomments&post=18891"}],"version-history":[{"count":0,"href":"https:\/\/noticiasveraces.com\/index.php?rest_route=\/wp\/v2\/posts\/18891\/revisions"}],"wp:featuredmedia":[{"embeddable":true,"href":"https:\/\/noticiasveraces.com\/index.php?rest_route=\/wp\/v2\/media\/18892"}],"wp:attachment":[{"href":"https:\/\/noticiasveraces.com\/index.php?rest_route=%2Fwp%2Fv2%2Fmedia&parent=18891"}],"wp:term":[{"taxonomy":"category","embeddable":true,"href":"https:\/\/noticiasveraces.com\/index.php?rest_route=%2Fwp%2Fv2%2Fcategories&post=18891"},{"taxonomy":"post_tag","embeddable":true,"href":"https:\/\/noticiasveraces.com\/index.php?rest_route=%2Fwp%2Fv2%2Ftags&post=18891"}],"curies":[{"name":"wp","href":"https:\/\/api.w.org\/{rel}","templated":true}]}}