{"id":18888,"date":"2025-03-16T15:29:56","date_gmt":"2025-03-16T19:29:56","guid":{"rendered":"https:\/\/noticiasveraces.com\/?p=18888"},"modified":"2025-03-16T15:29:56","modified_gmt":"2025-03-16T19:29:56","slug":"el-papa-francisco-observa-la-masa-en-la-nueva-foto-del-vaticano-del-hospital-gemelli","status":"publish","type":"post","link":"https:\/\/noticiasveraces.com\/?p=18888","title":{"rendered":"El Papa Francisco observa la masa en la nueva foto del Vaticano del Hospital Gemelli"},"content":{"rendered":"<p> \n<\/p>\n<div>\n<p class=\"speakable\">El Vaticano lanz\u00f3 una foto del Papa Francis que observa la misa el domingo, destacando c\u00f3mo su salud ha mejorado gradualmente en los \u00faltimos d\u00edas.<\/p>\n<p class=\"speakable\">La fotograf\u00eda es la primera foto del Papa Francisco que ha sido liberado desde que fue ingresado en el Hospital Gemelli el 14 de febrero. La foto lo muestra sentado cerca de un altar con la espalda frente a la c\u00e1mara.<\/p>\n<p>El Papa Francisco fue diagnosticado con una compleja infecci\u00f3n del tracto respiratorio viral, bacteriano y f\u00fangico que empeor\u00f3 antes de mejorar a principios de la semana pasada. En el peor de los casos de su estado de salud, luch\u00f3 contra el insuficiencia renal y el inicio de la neumon\u00eda en ambos pulmones.<\/p>\n<p>El jugador de 88 a\u00f1os sufre de enfermedad pulmonar cr\u00f3nica y le quitaron parte a un pulm\u00f3n cuando era m\u00e1s joven, lo que dificulta su recuperaci\u00f3n. Desde entonces, ha podido comer alimentos s\u00f3lidos y contin\u00faa recibiendo ox\u00edgeno suplementario de alto flujo.<\/p>\n<p><strong><u>Condici\u00f3n m\u00e9dica del Papa Francisco: qu\u00e9 saber sobre la neumon\u00eda bilateral<\/u><\/strong><\/p>\n<div class=\"image-ct inline\">\n<div class=\"m\"><picture><source media=\"(max-width: 767px)\" srcset=\"https:\/\/a57.foxnews.com\/static.foxnews.com\/foxnews.com\/content\/uploads\/2025\/03\/343\/192\/6724d2e3-pope-francis.jpg?ve=1&amp;tl=1, https:\/\/a57.foxnews.com\/static.foxnews.com\/foxnews.com\/content\/uploads\/2025\/03\/686\/384\/6724d2e3-pope-francis.jpg?ve=1&amp;tl=1 2x\" height=\"192\" width=\"343\"><source media=\"(min-width: 768px) and (max-width: 1023px)\" srcset=\"https:\/\/a57.foxnews.com\/static.foxnews.com\/foxnews.com\/content\/uploads\/2025\/03\/672\/378\/6724d2e3-pope-francis.jpg?ve=1&amp;tl=1, https:\/\/a57.foxnews.com\/static.foxnews.com\/foxnews.com\/content\/uploads\/2025\/03\/1344\/756\/6724d2e3-pope-francis.jpg?ve=1&amp;tl=1 2x\" height=\"378\" width=\"672\"><source media=\"(min-width: 1024px) and (max-width: 1279px)\" srcset=\"https:\/\/a57.foxnews.com\/static.foxnews.com\/foxnews.com\/content\/uploads\/2025\/03\/931\/523\/6724d2e3-pope-francis.jpg?ve=1&amp;tl=1, https:\/\/a57.foxnews.com\/static.foxnews.com\/foxnews.com\/content\/uploads\/2025\/03\/1862\/1046\/6724d2e3-pope-francis.jpg?ve=1&amp;tl=1 2x\" height=\"523\" width=\"931\"><source media=\"(min-width: 1280px)\" srcset=\"https:\/\/a57.foxnews.com\/static.foxnews.com\/foxnews.com\/content\/uploads\/2025\/03\/720\/405\/6724d2e3-pope-francis.jpg?ve=1&amp;tl=1, https:\/\/a57.foxnews.com\/static.foxnews.com\/foxnews.com\/content\/uploads\/2025\/03\/1440\/810\/6724d2e3-pope-francis.jpg?ve=1&amp;tl=1 2x\" height=\"405\" width=\"720\"><img loading=\"lazy\" decoding=\"async\" src=\"https:\/\/a57.foxnews.com\/static.foxnews.com\/foxnews.com\/content\/uploads\/2025\/03\/1200\/675\/6724d2e3-pope-francis.jpg?ve=1&amp;tl=1\" alt=\"El Papa Francisco se recupera\" width=\"1200\" height=\"675\"\/><\/source><\/source><\/source><\/source><\/picture><\/div>\n<div class=\"info\">\n<div class=\"caption\">\n<p><span>El Papa Francisco celebrando misa el domingo 16 de marzo de 2025, en su capilla en el Hospital Gemelli en Roma, Italia.<\/span> <span>(Oficina de prensa santa ver)<\/span><\/p>\n<\/div>\n<\/div>\n<\/div>\n<p>El lunes, el Vaticano dijo que estaba \u00abfuera de peligro por la muerte\u00bb y que las \u00abcondiciones cl\u00ednicas del <u>Santo Padre<\/u> Sigue siendo estable \u00ab. El s\u00e1bado, el Vaticano confirm\u00f3 que su condici\u00f3n se mantuvo estable.<\/p>\n<p>\u00abEl Santo Padre todav\u00eda necesita terapia m\u00e9dica hospitalaria, fisioterapia motora y respiratoria\u00bb, dijo el bolet\u00edn del s\u00e1bado, y se\u00f1al\u00f3 que estas terapias muestran \u00abmejoras graduales\u00bb.<\/p>\n<p><strong><u>El Papa Francisco que sufre de \u00abinsuficiencia renal leve\u00bb, aunque la condici\u00f3n permanece \u00abbajo control\u00bb, dice el Vaticano<\/u><\/strong><\/p>\n<div class=\"image-ct inline\">\n<div class=\"m\"><picture><source media=\"(max-width: 767px)\" srcset=\"https:\/\/a57.foxnews.com\/static.foxnews.com\/foxnews.com\/content\/uploads\/2025\/03\/343\/192\/pope-in-chair.jpg?ve=1&amp;tl=1, https:\/\/a57.foxnews.com\/static.foxnews.com\/foxnews.com\/content\/uploads\/2025\/03\/686\/384\/pope-in-chair.jpg?ve=1&amp;tl=1 2x\" height=\"192\" width=\"343\"><source media=\"(min-width: 768px) and (max-width: 1023px)\" srcset=\"https:\/\/a57.foxnews.com\/static.foxnews.com\/foxnews.com\/content\/uploads\/2025\/03\/672\/378\/pope-in-chair.jpg?ve=1&amp;tl=1, https:\/\/a57.foxnews.com\/static.foxnews.com\/foxnews.com\/content\/uploads\/2025\/03\/1344\/756\/pope-in-chair.jpg?ve=1&amp;tl=1 2x\" height=\"378\" width=\"672\"><source media=\"(min-width: 1024px) and (max-width: 1279px)\" srcset=\"https:\/\/a57.foxnews.com\/static.foxnews.com\/foxnews.com\/content\/uploads\/2025\/03\/931\/523\/pope-in-chair.jpg?ve=1&amp;tl=1, https:\/\/a57.foxnews.com\/static.foxnews.com\/foxnews.com\/content\/uploads\/2025\/03\/1862\/1046\/pope-in-chair.jpg?ve=1&amp;tl=1 2x\" height=\"523\" width=\"931\"><source media=\"(min-width: 1280px)\" srcset=\"https:\/\/a57.foxnews.com\/static.foxnews.com\/foxnews.com\/content\/uploads\/2025\/03\/720\/405\/pope-in-chair.jpg?ve=1&amp;tl=1, https:\/\/a57.foxnews.com\/static.foxnews.com\/foxnews.com\/content\/uploads\/2025\/03\/1440\/810\/pope-in-chair.jpg?ve=1&amp;tl=1 2x\" height=\"405\" width=\"720\"><img loading=\"lazy\" decoding=\"async\" src=\"https:\/\/a57.foxnews.com\/static.foxnews.com\/foxnews.com\/content\/uploads\/2025\/03\/1200\/675\/pope-in-chair.jpg?ve=1&amp;tl=1\" alt=\"Papa sentado en una silla\" width=\"1200\" height=\"675\"\/><\/source><\/source><\/source><\/source><\/picture><\/div>\n<div class=\"info\">\n<div class=\"caption\">\n<p><span>El Papa Francisco asiste a la audiencia general semanal el 12 de febrero de 2025 en Paul-Vi Hall en el Vaticano.<\/span> <span>(Filippo Monteforte\/AFP a trav\u00e9s de Getty Images)<\/span><\/p>\n<\/div>\n<\/div>\n<\/div>\n<p>Aunque la fotograf\u00eda del domingo es la primera vez que el mundo ha visto al Papa Francisco desde el 14 de febrero, muchos \u00abescuchados\u00bb de \u00e9l a principios de este mes. El 6 de marzo, el Papa Francisco registr\u00f3 un mensaje corto de dos l\u00edneas en espa\u00f1ol agradeciendo a sus simpatizantes en todo el mundo, marcando la primera vez que se escuch\u00f3 su voz desde su hospitalizaci\u00f3n.<\/p>\n<p>\u00abLe agradezco desde el fondo de mi coraz\u00f3n por sus oraciones por mi salud desde la plaza\u00bb, dijo en un mensaje que se tradujo del espa\u00f1ol al ingl\u00e9s. \u00abTe acompa\u00f1o desde aqu\u00ed\u00bb.<\/p>\n<p><strong><u>Haga clic aqu\u00ed para obtener la aplicaci\u00f3n Fox News<\/u><\/strong><\/p>\n<div class=\"image-ct inline\">\n<div class=\"m\"><picture><source media=\"(max-width: 767px)\" srcset=\"https:\/\/a57.foxnews.com\/static.foxnews.com\/foxnews.com\/content\/uploads\/2025\/02\/343\/192\/pope-francis-health-update_004-.jpg?ve=1&amp;tl=1, https:\/\/a57.foxnews.com\/static.foxnews.com\/foxnews.com\/content\/uploads\/2025\/02\/686\/384\/pope-francis-health-update_004-.jpg?ve=1&amp;tl=1 2x\" height=\"192\" width=\"343\"><source media=\"(min-width: 768px) and (max-width: 1023px)\" srcset=\"https:\/\/a57.foxnews.com\/static.foxnews.com\/foxnews.com\/content\/uploads\/2025\/02\/672\/378\/pope-francis-health-update_004-.jpg?ve=1&amp;tl=1, https:\/\/a57.foxnews.com\/static.foxnews.com\/foxnews.com\/content\/uploads\/2025\/02\/1344\/756\/pope-francis-health-update_004-.jpg?ve=1&amp;tl=1 2x\" height=\"378\" width=\"672\"><source media=\"(min-width: 1024px) and (max-width: 1279px)\" srcset=\"https:\/\/a57.foxnews.com\/static.foxnews.com\/foxnews.com\/content\/uploads\/2025\/02\/931\/523\/pope-francis-health-update_004-.jpg?ve=1&amp;tl=1, https:\/\/a57.foxnews.com\/static.foxnews.com\/foxnews.com\/content\/uploads\/2025\/02\/1862\/1046\/pope-francis-health-update_004-.jpg?ve=1&amp;tl=1 2x\" height=\"523\" width=\"931\"><source media=\"(min-width: 1280px)\" srcset=\"https:\/\/a57.foxnews.com\/static.foxnews.com\/foxnews.com\/content\/uploads\/2025\/02\/720\/405\/pope-francis-health-update_004-.jpg?ve=1&amp;tl=1, https:\/\/a57.foxnews.com\/static.foxnews.com\/foxnews.com\/content\/uploads\/2025\/02\/1440\/810\/pope-francis-health-update_004-.jpg?ve=1&amp;tl=1 2x\" height=\"405\" width=\"720\"><img loading=\"lazy\" decoding=\"async\" src=\"https:\/\/a57.foxnews.com\/static.foxnews.com\/foxnews.com\/content\/uploads\/2025\/02\/1200\/675\/pope-francis-health-update_004-.jpg?ve=1&amp;tl=1\" alt=\"Papa Francisco\" width=\"1200\" height=\"675\"\/><\/source><\/source><\/source><\/source><\/picture><\/div>\n<div class=\"info\">\n<div class=\"caption\">\n<p><span>El Papa Francisco asiste a una masa en la explanada de Tasitolu en Dili, Timor Oriental, el 10 de septiembre de 2024.<\/span> <span>(Tiziana Fabi\/Pool\/AFP\/Getty)<\/span><\/p>\n<\/div>\n<\/div>\n<\/div>\n<p>\u00abQue Dios los bendiga y la Virgen te proteja. Gracias\u00bb.<\/p>\n<p><i>Bradford Betz, Brie Stimson y Louis Casiano de Fox News Digital contribuyeron a este informe.<\/i><\/p>\n<p> <!----> <\/div>\n\n","protected":false},"excerpt":{"rendered":"<p>El Vaticano lanz\u00f3 una foto del Papa Francis que observa la misa el domingo, destacando c\u00f3mo su salud ha mejorado gradualmente en los \u00faltimos d\u00edas. La fotograf\u00eda es la primera foto del Papa Francisco que ha sido liberado desde que fue ingresado en el Hospital Gemelli el 14 de febrero. La foto lo muestra sentado &hellip;<\/p>\n","protected":false},"author":1,"featured_media":18890,"comment_status":"open","ping_status":"open","sticky":false,"template":"","format":"standard","meta":{"fifu_image_url":"https:\/\/static.foxnews.com\/foxnews.com\/content\/uploads\/2025\/03\/6724d2e3-pope-francis.jpg","fifu_image_alt":"","footnotes":""},"categories":[13],"tags":[],"class_list":["post-18888","post","type-post","status-publish","format-standard","has-post-thumbnail","","category-mundo"],"_links":{"self":[{"href":"https:\/\/noticiasveraces.com\/index.php?rest_route=\/wp\/v2\/posts\/18888","targetHints":{"allow":["GET"]}}],"collection":[{"href":"https:\/\/noticiasveraces.com\/index.php?rest_route=\/wp\/v2\/posts"}],"about":[{"href":"https:\/\/noticiasveraces.com\/index.php?rest_route=\/wp\/v2\/types\/post"}],"author":[{"embeddable":true,"href":"https:\/\/noticiasveraces.com\/index.php?rest_route=\/wp\/v2\/users\/1"}],"replies":[{"embeddable":true,"href":"https:\/\/noticiasveraces.com\/index.php?rest_route=%2Fwp%2Fv2%2Fcomments&post=18888"}],"version-history":[{"count":0,"href":"https:\/\/noticiasveraces.com\/index.php?rest_route=\/wp\/v2\/posts\/18888\/revisions"}],"wp:featuredmedia":[{"embeddable":true,"href":"https:\/\/noticiasveraces.com\/index.php?rest_route=\/wp\/v2\/media\/18890"}],"wp:attachment":[{"href":"https:\/\/noticiasveraces.com\/index.php?rest_route=%2Fwp%2Fv2%2Fmedia&parent=18888"}],"wp:term":[{"taxonomy":"category","embeddable":true,"href":"https:\/\/noticiasveraces.com\/index.php?rest_route=%2Fwp%2Fv2%2Fcategories&post=18888"},{"taxonomy":"post_tag","embeddable":true,"href":"https:\/\/noticiasveraces.com\/index.php?rest_route=%2Fwp%2Fv2%2Ftags&post=18888"}],"curies":[{"name":"wp","href":"https:\/\/api.w.org\/{rel}","templated":true}]}}