{"id":18851,"date":"2025-03-16T09:17:14","date_gmt":"2025-03-16T13:17:14","guid":{"rendered":"https:\/\/noticiasveraces.com\/?p=18851"},"modified":"2025-03-16T09:17:14","modified_gmt":"2025-03-16T13:17:14","slug":"papa-francisco-dice-estar-atravesando-un-tiempo-de-prueba-dw-16-03-2025","status":"publish","type":"post","link":"https:\/\/noticiasveraces.com\/?p=18851","title":{"rendered":"Papa Francisco Dice Estar Atravesando \u00abUn Tiempo de PrueBa\u00bb &#8211; DW &#8211; 16\/03\/2025"},"content":{"rendered":"<p> \n<\/p>\n<div>\n<p>El Papa Francisco, Hospitalizado Desde Hace 31 D\u00edas por Problemas Respiratorios, Asegur\u00f3 Este Domingo (16.03.2025) Que Estaba Vivido Un Momento DiF\u00edcil, en su MensAje Con Motivo del \u00c1ngelus que envi\u00f3 porescrito por qu\u00edmica por quyinta semana consecutiva.<\/p>\n<p>Desde su \u00faltima Fuerte Reca\u00edda, Registra El 3 de Marzo, El Estado del L\u00edder Cat\u00f3rico Mejor\u00f3 Gradualmentte y El Lunes Su Pron\u00f3stico dej\u00f3 de Ser Reservado, Pero los M\u00e9dicos Todav\u00eda no Se Han Pronuncido Sobre una fecha de Alta. El Vaticano Apunta A UNA RECUPERACI\u00d3N Lenta.<\/p>\n<p>\u00abMientras EnfroNo un Tiempo de PrueBa, y me uno a tantos Hermanos y Hermanos Enfermos: Fr\u00e1giles en Este Momento, Como yo\u00bb, se Cribi\u00f3 el jesuita de argentino de 88 A\u00f1os, que se recupera de una neumon\u00eda bilateral en el hospital gemelli, en roma.<\/p>\n<figure class=\"placeholder-image master_landscape big\"><img data-format=\"MASTER_LANDSCAPE\" data-id=\"71792535\" data-url=\"https:\/\/static.dw.com\/image\/71792535_${formatId}.jpg\" data-aspect-ratio=\"16\/9\" alt=\"Miles de Personas Se Han Reunido para Rezar por la Recupera de Francisco, Como Estos Creyentes en el Vaticano\" style=\"padding-bottom: 56.25%; height: 0; max-height: 0;\"\/><figcaption class=\"img-caption\">Miles de Personas Se Han Reunido para Rezar por la Recupera de Francisco, Como Estos Creyentes en el Vaticano<small class=\"copyright\">Imagen: Alkis Konstantinidis\/Reuters <\/small><\/figcaption><\/figure>\n<h2><strong>\u00abNuestro F\u00edsico es D\u00e9bil\u00bb<\/strong><\/h2>\n<p>\u00abNuestro f\u00edsico es D\u00e9bil, Pero Aun As\u00ed Nada pude impedirnos amar, rezar, Donarnos, ser los un uns los otros en la fe, signos luminosos deesperza\u00bb, agreg\u00f3 el sumo el sumo de Difundido im \u00c1gene Suyas.<\/p>\n<p>El \u00daltimo Informe M\u00e9dico, Difundido Este S\u00e1bado por El Vaticano, Indic\u00f3 que El Estado de Salud del Papa se Manten\u00eda \u00abEstable\u00bb, Pero que Necesitaba a\u00fan Continuar Con Su terapia en el Hospital Pese a su \u00abMejora gradual\u00bb.<\/p>\n<p>Su hospitalizaci\u00f3n es la curata y M\u00c1S LARGA EN SU 12 A\u00f1os de Pontificado y Genera Preocupaci\u00f3n Sobre la Continuidad del L\u00edder de Los Cat\u00f3ricos, Que Ha RecHazado Renunciar, Como lo hizo Su Hizo Su Predecesor Benedicto xvi en 2013.<\/p>\n<p>RR (AFP\/Vatican News)<\/p>\n<\/div>\n\n","protected":false},"excerpt":{"rendered":"<p>El Papa Francisco, Hospitalizado Desde Hace 31 D\u00edas por Problemas Respiratorios, Asegur\u00f3 Este Domingo (16.03.2025) Que Estaba Vivido Un Momento DiF\u00edcil, en su MensAje Con Motivo del \u00c1ngelus que envi\u00f3 porescrito por qu\u00edmica por quyinta semana consecutiva. Desde su \u00faltima Fuerte Reca\u00edda, Registra El 3 de Marzo, El Estado del L\u00edder Cat\u00f3rico Mejor\u00f3 Gradualmentte y &hellip;<\/p>\n","protected":false},"author":1,"featured_media":18852,"comment_status":"open","ping_status":"open","sticky":false,"template":"","format":"standard","meta":{"fifu_image_url":"https:\/\/static.dw.com\/image\/71719888_6.jpg","fifu_image_alt":"","footnotes":""},"categories":[13],"tags":[],"class_list":["post-18851","post","type-post","status-publish","format-standard","has-post-thumbnail","","category-mundo"],"_links":{"self":[{"href":"https:\/\/noticiasveraces.com\/index.php?rest_route=\/wp\/v2\/posts\/18851","targetHints":{"allow":["GET"]}}],"collection":[{"href":"https:\/\/noticiasveraces.com\/index.php?rest_route=\/wp\/v2\/posts"}],"about":[{"href":"https:\/\/noticiasveraces.com\/index.php?rest_route=\/wp\/v2\/types\/post"}],"author":[{"embeddable":true,"href":"https:\/\/noticiasveraces.com\/index.php?rest_route=\/wp\/v2\/users\/1"}],"replies":[{"embeddable":true,"href":"https:\/\/noticiasveraces.com\/index.php?rest_route=%2Fwp%2Fv2%2Fcomments&post=18851"}],"version-history":[{"count":0,"href":"https:\/\/noticiasveraces.com\/index.php?rest_route=\/wp\/v2\/posts\/18851\/revisions"}],"wp:featuredmedia":[{"embeddable":true,"href":"https:\/\/noticiasveraces.com\/index.php?rest_route=\/wp\/v2\/media\/18852"}],"wp:attachment":[{"href":"https:\/\/noticiasveraces.com\/index.php?rest_route=%2Fwp%2Fv2%2Fmedia&parent=18851"}],"wp:term":[{"taxonomy":"category","embeddable":true,"href":"https:\/\/noticiasveraces.com\/index.php?rest_route=%2Fwp%2Fv2%2Fcategories&post=18851"},{"taxonomy":"post_tag","embeddable":true,"href":"https:\/\/noticiasveraces.com\/index.php?rest_route=%2Fwp%2Fv2%2Ftags&post=18851"}],"curies":[{"name":"wp","href":"https:\/\/api.w.org\/{rel}","templated":true}]}}