{"id":18811,"date":"2025-03-16T02:44:46","date_gmt":"2025-03-16T06:44:46","guid":{"rendered":"https:\/\/noticiasveraces.com\/?p=18811"},"modified":"2025-03-16T02:44:46","modified_gmt":"2025-03-16T06:44:46","slug":"los-arrepentidos-de-tesla-en-espana-por-la-deriva-ultra-de-elon-musk-si-pudiera-lo-venderia-clima-y-medio-ambiente","status":"publish","type":"post","link":"https:\/\/noticiasveraces.com\/?p=18811","title":{"rendered":"Los Arrepentidos de Tesla en Espa\u00f1a por la Deriva Ultra de Elon Musk: \u00abSi Pudiera, Lo Vender\u00eda\u00bb | Clima y medio ambiente"},"content":{"rendered":"<p> \n<\/p>\n<div data-dtm-region=\"articulo_cuerpo\">\n<p class=\"\">\u00abElon Musk es Ahora una persona nociva para la Sociedad, si Pudiera Vender\u00eda el Coche\u00bb, Dice \u00c1lvaro Guti\u00e9rrez, Informfico Alicantino, Sobre Su Tesla Model 3. Como, Alguno Usuarios de Tesla En Espiezan A Alzar Al\u00ed. Fundador de la Marca por Sus Saludos Nazis, Por Su Apoyo al Populista Donald Trump, As\u00ed Como a la Ultraderecha: Hay Quien Pone Pegatinas contra Musk en Su Veh\u00edculo, Mientras oTros se Averg\u00fcenzan de ConDucirla. Est\u00e1n Descolocados, Porque Hasta Hace Unos Meses, tener Un Tesla \u2014un Autom\u00f3vil El\u00e9ctrico Puntero\u2014 Se Asociaba a A Cierta Conciencia Ambiental. No es algo generalizado: Muchos otros se dicen vacunados contra Esa pol\u00e9mica. La Empresa Declina Hacer Comentarios.<\/p>\n<p class=\"\">\u00abHasta Hace Poco, Uno de los Grandes \u00e9xitos de Tesla es su imagen de innovaci\u00f3n, de empujar hacia undo m\u00e1s m\u00e1s verde y sostenible y con m\u00e1s energ\u00edas renovables\u201d, Se\u00f1ala Lars Hoffmann, queba Coches coches ceros ceros en su canal todos todos toDosel. \u00abAhora, almizcle se est\u00e1 Alejando Cada Vez M\u00e1s de Eso y Meti\u00e9nDosa en confrontaciones pol\u00cdticas, con resultados Catastr\u00f3ficos para el Mercado\u00bb, Contin\u00faa. Por Todo Ello, Hace un mes, Hoffmann Vendi\u00f3 Sus Acciones de la Compa\u00f1\u00eda de Musk. El Pasado Lunes, Los T\u00edtulos de la Marca Cayeron un 15% y Volveron a Niveles Previos a la Victoria de Trump.<\/p>\n<figure class=\"a_m a_m-h \"><span class=\"_db a_m_w _pr lb_btn\"><img alt=\"Pegatina de \"Me lo compr\u00e9 antes de Saber Que Elon (Musk) Estaba Loco\", en Ingl\u00e9s, en un Coche Tesla en Espa\u00f1a, Cedidas por Un USUario.\" decoding=\"auto\" class=\"_re lazyload a_m-h\" height=\"311\" srcset=\"https:\/\/imagenes.elpais.com\/resizer\/v2\/TGME4VZVGZD6XGI45CC7JBLV2Q.jpeg?auth=b7b4cedfb5d67dc68e8b6d2efa1708ccaa6f679cbf0428c2467b74482f5dd222&amp;width=414 414w,https:\/\/imagenes.elpais.com\/resizer\/v2\/TGME4VZVGZD6XGI45CC7JBLV2Q.jpeg?auth=b7b4cedfb5d67dc68e8b6d2efa1708ccaa6f679cbf0428c2467b74482f5dd222&amp;width=828 640w,https:\/\/imagenes.elpais.com\/resizer\/v2\/TGME4VZVGZD6XGI45CC7JBLV2Q.jpeg?auth=b7b4cedfb5d67dc68e8b6d2efa1708ccaa6f679cbf0428c2467b74482f5dd222&amp;width=980 1000w,https:\/\/imagenes.elpais.com\/resizer\/v2\/TGME4VZVGZD6XGI45CC7JBLV2Q.jpeg?auth=b7b4cedfb5d67dc68e8b6d2efa1708ccaa6f679cbf0428c2467b74482f5dd222&amp;width=1960 1960w\" width=\"414\" sizes=\"auto, (min-width:1199px) 1155px,(min-width:1001px) calc(100vw - 44px),(min-width:768px) 767px, 100vw\" src=\"https:\/\/imagenes.elpais.com\/resizer\/v2\/TGME4VZVGZD6XGI45CC7JBLV2Q.jpeg?auth=b7b4cedfb5d67dc68e8b6d2efa1708ccaa6f679cbf0428c2467b74482f5dd222&amp;width=414\" loading=\"lazy\"\/><svg aria-hidden=\"true\" class=\"icon_multimedia_ampliar | _pa a_m_i a_m_i-a _dn\" viewbox=\"0 0 40 40\"><use xlink:href=\"#svg-ampliar\"\/><\/svg><\/span><figcaption class=\"a_m_p\"><span>Pegatina de \u00abMe lo compr\u00e9 antes de Saber Que Elon (Musk) Estaba Loco\u00bb, en Ingl\u00e9s, en un Coche Tesla en Espa\u00f1a, Cedidas por Un USUario.<\/span><span class=\"a_m_m\">JC <\/span><\/figcaption><\/figure>\n<p class=\"\">En general, La Venta de El\u00e9ctricos Crece en 2025 Mientras Los Tesla Bajan: Un 44% en dos Meses en Espa\u00f1a \u2014Donde Musk apoy\u00f3 A VOX\u2014, Casi un 50% en Noruega y Dinamarca, Y Hasta un 80% en Alemania, Donde el Magnate AL Magnate Al Partido Neonazi NEONAZA (Afd). Hoffmann Opina: \u201cEst\u00e1 Claro Que Algo de Efecto Tiene, Aunque Hay M\u00e1s Factores: ha presente un nuevo modelo Y, Pero ha estado dos meses Casi sin entregas. Y LUEGO LA BAJADA ES DISTINTA EN EEUU (75%), DONDE SE EST\u00c1 ALEJANDO DE SUS CLIENTES DEM\u00d3CRATAS; en Europa (50%), Donde se Est\u00e1 Metiendo en Pol\u00edtica en Algunos Pa\u00edses; y en China (49%), Donde se Est\u00e1 Quedando Atr\u00e1s Frente A Modelos Chinos \u201d. Trump Convirti\u00f3 Esta Semana la Casa Blanca en un Concesionario de Tesla en apoyo a Su estrecho Colaborador.<\/p>\n<p class=\"\">El debate Est\u00e1 Abierto. \u201cAbrir Camino, Como Hizo Este Coche, siempre es complado. Al Principio se nos Se\u00f1alaba como pijos y ahora quiz\u00e1 la imagen est\u00e9 Cambiando. Pero Estamos Vacunados Contra Las Pol\u00e9micas \u201d, Dice Aland Bru, Fundador del Club Tesla, Que Aglutina A 3.000 Propietario. Por lo que le comentan, \u00abNo parece que Hayan Llegado Aqu\u00ed Las Pintadas o Ataques Contra Los Coches\u00bb. UNA Portavoz de Tesla lo Confirma: \u00abPor el Momeo, Ninguna Tienda de Tesla en Espa\u00f1a se Ha Visto Afectada\u00bb.<\/p>\n<figure class=\"a_m a_m-h \"><span class=\"_db a_m_w _pr lb_btn\"><img alt=\"El Presidente de Eeuu, Donald Trump, Maestra Varios Veh\u00edculos de Tesla en La Casa Blanca Junto Al Fundador de la Marca, Elon Musk, El Pasado Martes. \" decoding=\"auto\" class=\"_re lazyload a_m-h\" height=\"277\" srcset=\"https:\/\/imagenes.elpais.com\/resizer\/v2\/BFM45XLHC4AINDCC2QDQNACGR4.jpg?auth=abe8285460513140cd9adb68263c677bb15be23946be21a724f99eaef836f27e&amp;width=414 414w,https:\/\/imagenes.elpais.com\/resizer\/v2\/BFM45XLHC4AINDCC2QDQNACGR4.jpg?auth=abe8285460513140cd9adb68263c677bb15be23946be21a724f99eaef836f27e&amp;width=828 640w,https:\/\/imagenes.elpais.com\/resizer\/v2\/BFM45XLHC4AINDCC2QDQNACGR4.jpg?auth=abe8285460513140cd9adb68263c677bb15be23946be21a724f99eaef836f27e&amp;width=980 1000w,https:\/\/imagenes.elpais.com\/resizer\/v2\/BFM45XLHC4AINDCC2QDQNACGR4.jpg?auth=abe8285460513140cd9adb68263c677bb15be23946be21a724f99eaef836f27e&amp;width=1960 1960w\" width=\"414\" sizes=\"auto, (min-width:1199px) 1155px,(min-width:1001px) calc(100vw - 44px),(min-width:768px) 767px, 100vw\" src=\"https:\/\/imagenes.elpais.com\/resizer\/v2\/BFM45XLHC4AINDCC2QDQNACGR4.jpg?auth=abe8285460513140cd9adb68263c677bb15be23946be21a724f99eaef836f27e&amp;width=414\" loading=\"lazy\"\/><svg aria-hidden=\"true\" class=\"icon_multimedia_ampliar | _pa a_m_i a_m_i-a _dn\" viewbox=\"0 0 40 40\"><use xlink:href=\"#svg-ampliar\"\/><\/svg><\/span><figcaption class=\"a_m_p\"><span>El Presidente de Eeuu, Donald Trump, Maestra Varios Veh\u00edculos de Tesla en La Casa Blanca Junto Al Fundador de la Marca, Elon Musk, El Pasado Martes. <\/span><span class=\"a_m_m\">Kevin Lamarque (Reuters)<\/span><\/figcaption><\/figure>\n<p class=\"\">Luis Vald\u00e9s, Divulgador Sobre El\u00e9ctricos, alerta: \u201cEn Alemania y Francia empieza un haber muy vandalismo contra Estos Coches. Si Llegara A Espa\u00f1a Ser\u00ed Un problema, porque Puede Auminar El Precio de Los Seguros para Esta Marca \u201d. Y A\u00f1ade: \u00abAunque en Espa\u00f1a Todav\u00eda no Est\u00e1 Pasando, en Alemania, ee uu y reino unido el precio de los tesla de segunda Mano se ha desplomado\u00bb.<\/p>\n<p class=\"\">\u00abNo me da Verg\u00fcenza Llevarlo, es Muy Buen Coche, Pero Ahora No Lo Comrar\u00eda, Apostar\u00eda por ootro Modelo de El\u00e9ctrico, Aunque Fuera Peor, Solo por no Apoyar a Musk\u00bb, Comenta \u00ab, el inform\u00e1lico de San Vicente Del Raspeig (alicando)\u00bb, altane, altante). Si Pudiera, SE Desprender\u00eda de Su Model 3 Adquirido EN 2020. Ahora no Puede Permit\u00edrselo, Pero se Ha Propesto Usar lo Menos Posible la Red de Supercargadores de Tesla: \u201cAunque Me Cueste m\u00e1s Cargar, Prefiero Hacero As\u00ed As\u00ed Convencimento. Y Tambi\u00e9n, \u00e9l DeJado Twitter [ahora X, propiedad de Musk] por bluesky \u201d, a\u00f1ade.<\/p>\n<figure class=\"a_m a_m-h \"><span class=\"_db a_m_w _pr lb_btn\"><img alt=\"\u00c1lvaro Guti\u00e9rrez, Con Su Tesla Model 3 en Alicante. \" decoding=\"auto\" class=\"_re lazyload a_m-h\" height=\"288\" srcset=\"https:\/\/imagenes.elpais.com\/resizer\/v2\/PWC4DY7IMNGKBJ6HGRHRRHTXRM.jpg?auth=d123159928cb456c2269f1e7522aab542e55fecc3562125d412a63200666393d&amp;width=414 414w,https:\/\/imagenes.elpais.com\/resizer\/v2\/PWC4DY7IMNGKBJ6HGRHRRHTXRM.jpg?auth=d123159928cb456c2269f1e7522aab542e55fecc3562125d412a63200666393d&amp;width=828 640w,https:\/\/imagenes.elpais.com\/resizer\/v2\/PWC4DY7IMNGKBJ6HGRHRRHTXRM.jpg?auth=d123159928cb456c2269f1e7522aab542e55fecc3562125d412a63200666393d&amp;width=980 1000w,https:\/\/imagenes.elpais.com\/resizer\/v2\/PWC4DY7IMNGKBJ6HGRHRRHTXRM.jpg?auth=d123159928cb456c2269f1e7522aab542e55fecc3562125d412a63200666393d&amp;width=1960 1960w\" width=\"414\" sizes=\"auto, (min-width:1199px) 1155px,(min-width:1001px) calc(100vw - 44px),(min-width:768px) 767px, 100vw\" src=\"https:\/\/imagenes.elpais.com\/resizer\/v2\/PWC4DY7IMNGKBJ6HGRHRRHTXRM.jpg?auth=d123159928cb456c2269f1e7522aab542e55fecc3562125d412a63200666393d&amp;width=414\" loading=\"lazy\"\/><svg aria-hidden=\"true\" class=\"icon_multimedia_ampliar | _pa a_m_i a_m_i-a _dn\" viewbox=\"0 0 40 40\"><use xlink:href=\"#svg-ampliar\"\/><\/svg><\/span><figcaption class=\"a_m_p\"><span>\u00c1lvaro Guti\u00e9rrez, Con Su Tesla Model 3 en Alicante. <\/span><span class=\"a_m_m\">Joaqu\u00edn de Haro Rodr\u00edguez<\/span><\/figcaption><\/figure>\n<p class=\"\">Juan Cuartero Tiene una Empresa de Renovables en cuenca y tambi\u00e9n Conducto Un Model 3, Que Ahora Adorna Con Una Pegatina Que Pone (en Ingl\u00e9s): \u201cLo compr\u00e9 Antes de Saber Que El [Musk] Estaba Loco \u201d. \u201cAntes lo lllevaba con Orgullo y se lo ense\u00f1aba a todo el Mundo, Pero ahora me da verg\u00fcenza. Con la deriva de este se\u00f1or, para m\u00ed se ha convertido en algo t\u00f3xico. En mi Familia inclusi\u00f3n me mandan bromas Sobre el Coche. Le puesto una Pegatina y estoy seriamento pensando en vendedoro \u201d, comenta. Y y A\u00f1ade Que oTro Amigo Est\u00e1 en la Misma Situaci\u00f3n: \u201cTiene El Veh\u00edculo en <i>alquiler,<\/i> as\u00ed que cuando se le acabe lo dejar\u00e1 \u201d.<\/p>\n<p class=\"\">OTRA PEGATINA SE VE EN EL COCHE DE RAMON NOGUERA, PROFESOR EN UN Pueblo de Girona. \u201cEl Coche Sigue Funcionando Perfectione, de Hecho yo le hE Hecho 90,000 kil\u00f3manos por Toda europa y jam\u00e1s me ha dado un problema. Pero me molesta que musk est\u00e9 fomentando a la Ultraderecha. No es un vendedor de lO Puedo en Estos Momentos por la econom\u00eda familiar, por eso, puesto una Pegatina disculp\u00e1ndome por tenerlo \u00ab.<\/p>\n<div id=\"gallery-summary-4\" class=\"gallery-summary-container\">\n<div class=\"gal__figs-scl\">\n<div class=\"a_gl\">\n<figure class=\"a_m _pr gallery-photo-1 gallery-slider__photo _dn first a_m-h \"><span class=\"a_m_w _db\"><img fetchpriority=\"high\" alt=\"Pegatina en El Tesla de Un Usuario Espa\u00f1ol Que Pone &quot;Lo compr\u00e9 antes de que elon [Musk] Se Volviera Loco&quot; (en ingl\u00e9s).\" decoding=\"auto\" class=\"_re  a_m-h\" height=\"233\" srcset=\"https:\/\/imagenes.elpais.com\/resizer\/v2\/5LQKAYZ4EBGOJHYXQR4KSUXQNU.jpg?auth=bfb6846cf5d378e70e848aea6571a2800890b88d6e7ef163a0e5aa735d86a1a6&amp;width=414 414w,https:\/\/imagenes.elpais.com\/resizer\/v2\/5LQKAYZ4EBGOJHYXQR4KSUXQNU.jpg?auth=bfb6846cf5d378e70e848aea6571a2800890b88d6e7ef163a0e5aa735d86a1a6&amp;width=828 828w\" width=\"414\" src=\"https:\/\/imagenes.elpais.com\/resizer\/v2\/5LQKAYZ4EBGOJHYXQR4KSUXQNU.jpg?auth=bfb6846cf5d378e70e848aea6571a2800890b88d6e7ef163a0e5aa735d86a1a6&amp;width=414\" loading=\"eager\"\/><\/span><figcaption class=\"a_m_p\"><span>Pegatina en El Tesla de Un Usuario Espa\u00f1ol Que Pone \u00abLo Compr\u00e9 Antes de Que Elon [Musk] SE Volviera Loco \u00ab(en Ingl\u00e9s).<\/span><span class=\"a_m_m\">El Pa\u00eds <\/span><\/figcaption><\/figure>\n<figure class=\"a_m _pr gallery-photo-2 gallery-slider__photo _dn a_m-h \"><span class=\"a_m_w _db\"><img alt=\"Un USUario de Concord (eeuu) Luce una fase Contra el Fundador de Tesla. \" decoding=\"auto\" class=\"_re lazyload a_m-h\" height=\"276\" srcset=\"https:\/\/imagenes.elpais.com\/resizer\/v2\/UK4JQVBVBZEHNCVAV4VKRMUTUE.jpg?auth=3f843c2b0f9d964e8b5fe7531d9068a2d5bae37f9b966e9799760845c37311ad&amp;width=414 414w,https:\/\/imagenes.elpais.com\/resizer\/v2\/UK4JQVBVBZEHNCVAV4VKRMUTUE.jpg?auth=3f843c2b0f9d964e8b5fe7531d9068a2d5bae37f9b966e9799760845c37311ad&amp;width=828 828w\" width=\"414\" src=\"https:\/\/imagenes.elpais.com\/resizer\/v2\/UK4JQVBVBZEHNCVAV4VKRMUTUE.jpg?auth=3f843c2b0f9d964e8b5fe7531d9068a2d5bae37f9b966e9799760845c37311ad&amp;width=414\" loading=\"lazy\"\/><\/span><figcaption class=\"a_m_p\"><span>Un USUario de Concord (eeuu) Luce una fase Contra el Fundador de Tesla. <\/span><span class=\"a_m_m\">Peter Morgan (AP)<\/span><\/figcaption><\/figure>\n<figure class=\"a_m _pr gallery-photo-3 gallery-slider__photo _dn a_m-h \"><span class=\"a_m_w _db\"><img alt=\"&quot;Club anti\u00e9lobico Tesla&quot;Dice Este Adhesivo en el Veh\u00edculo de Un USUario de California (eeuu).\" decoding=\"auto\" class=\"_re lazyload a_m-h\" height=\"277\" srcset=\"https:\/\/imagenes.elpais.com\/resizer\/v2\/VRBO5VVZLBFIHA7ECSMEGRONWY.jpg?auth=2895c1047bbd735ef3ba0031921e5a7c1be4883ed744b572f079ff8515c4cffe&amp;width=414 414w,https:\/\/imagenes.elpais.com\/resizer\/v2\/VRBO5VVZLBFIHA7ECSMEGRONWY.jpg?auth=2895c1047bbd735ef3ba0031921e5a7c1be4883ed744b572f079ff8515c4cffe&amp;width=828 828w\" width=\"414\" src=\"https:\/\/imagenes.elpais.com\/resizer\/v2\/VRBO5VVZLBFIHA7ECSMEGRONWY.jpg?auth=2895c1047bbd735ef3ba0031921e5a7c1be4883ed744b572f079ff8515c4cffe&amp;width=414\" loading=\"lazy\"\/><\/span><figcaption class=\"a_m_p\"><span>\u00abClub anti-elon Tesla\u00bb, Dice Este Adhesivo en el Veh\u00edculo de Un UsUario de California (Eeuu).<\/span><span class=\"a_m_m\">Smith Collection\/Gado (Gado a trav\u00e9s de Getty Images)<\/span><\/figcaption><\/figure>\n<\/div>\n<\/div>\n<\/div>\n<p class=\"\">Juan Carlos Pe\u00f1a No SE Plantea Venderlo, Pero S\u00ed que siente \u00abMenos Orgullo Que Antes\u00bb por Su Model 3: \u00abNo me compr\u00e9 el Coche por Musk y no sea un vendedor por lo que diga. ESTOY Encantad\u00edsimo Con El Coche, PERO S\u00ed que Tengo Menos Orgullo del Que Sol\u00eda \u200b\u200bMostrar. Antes se consideran una coche de pijos-programas o verdes ricos y ahora parece que es un coche nazi. ESo me tiene Descolocado \u201d.<\/p>\n<h3 class=\"\">Protestas por TODO El Mundo<\/h3>\n<p class=\"\">Las declaraciones de Musk Han Generado Protestas en Diferentes Pa\u00edses Frente A Tiende de Tesla. En Nueva York, Hace Unos D\u00edas, Cientos de Manifestantes Ocuparon un Concesionario de la Marca y Se Enfrararon a la Polic\u00eda. Algunos Supercargadores de Los Estados de Colorado y Massachusetts Han Sido Incendiados. En Alemania, un grupo cri\u00f3tico proyect\u00f3 un v\u00eddeo con el saludo nazi del l\u00edder en la fachada de la factor\u00eda de tesla en berl\u00edn. En Francia, Un Grupo Anarquista Reivindic\u00f3 un Ataque A Uncesionario Cerca de Toulouse en el ardieron nuevo veh\u00edculo. Las Protestas Han Sido en Su Mayor\u00eda Pac\u00edficas, Pero Haido Episodios Violentos y Al Menos Media Docena de Reatos. Tambi\u00e9n ha haido ataques un algunos autom\u00f3viles particulares, Mientras en reino unido proliferan las campa\u00f1as de guerrilla urbana contra su l\u00edder.<\/p>\n<figure class=\"a_m a_m-h \"><span class=\"_db a_m_w\"><img alt=\"Saludo nazi de Elon Musk en la Factor\u00eda de Tesla en Berl\u00edn.\" decoding=\"auto\" class=\"_re lazyload a_m-h\" height=\"234\" srcset=\"https:\/\/imagenes.elpais.com\/resizer\/v2\/5R3ZTZTOQZCOBLHSZZNVCUG3RI.jpg?auth=ea1e4e666ff8252a6d024de9421844e9ffbabe72094007a9f4fe3bc47c7c3393&amp;width=414 414w,https:\/\/imagenes.elpais.com\/resizer\/v2\/5R3ZTZTOQZCOBLHSZZNVCUG3RI.jpg?auth=ea1e4e666ff8252a6d024de9421844e9ffbabe72094007a9f4fe3bc47c7c3393&amp;width=828 640w,https:\/\/imagenes.elpais.com\/resizer\/v2\/5R3ZTZTOQZCOBLHSZZNVCUG3RI.jpg?auth=ea1e4e666ff8252a6d024de9421844e9ffbabe72094007a9f4fe3bc47c7c3393&amp;width=980 1000w,https:\/\/imagenes.elpais.com\/resizer\/v2\/5R3ZTZTOQZCOBLHSZZNVCUG3RI.jpg?auth=ea1e4e666ff8252a6d024de9421844e9ffbabe72094007a9f4fe3bc47c7c3393&amp;width=1960 1960w\" width=\"414\" sizes=\"auto, (min-width:1199px) 1155px,(min-width:1001px) calc(100vw - 44px),(min-width:768px) 767px, 100vw\" src=\"https:\/\/imagenes.elpais.com\/resizer\/v2\/5R3ZTZTOQZCOBLHSZZNVCUG3RI.jpg?auth=ea1e4e666ff8252a6d024de9421844e9ffbabe72094007a9f4fe3bc47c7c3393&amp;width=414\" loading=\"lazy\"\/><\/span><figcaption class=\"a_m_p\"><span>Saludo nazi de Elon Musk en la Factor\u00eda de Tesla en Berl\u00edn.<\/span><\/figcaption><\/figure>\n<p class=\"\">En Reino Unido, Uno de los Pocos Pa\u00edses Donde las Ventas de Tesla no Caen (Han Crecido un 20% Este A\u00f1o), Hay Numerosas Accions de Guerrilla Urbana Contra El Pol\u00e9mico L\u00edder. Es algo muy com\u00fan que los vagones del metro londinense se llenen de vez en cuando de carteles de protesta camuflados como anuncios comerciales, en los espacios reservados en las paredes para publicidad. Los Mensajes Antielon Musk que Han Aparecido en Las \u00daltimas Semanas no Han Pasado inadvertidos.<\/p>\n<p class=\"\"><i>\u201cEl odio no se vende. Solo preg\u00fantale a Tesla \u00ab<\/i> (El Odio no Vende. Simplemente, Pregunta a Tesla), Dice Uno de los Bocetos que m\u00e1s se Ha extendido por el subterr\u00e1no Londinense. Un gr\u00e1fico con datos err\u00f3neos mumeNA la l\u00ednea ROJA DESCENDENTE DE LAS VENTAS DE LOS FAMOSOS AUTOVILES EL\u00cdCRICOS, Y EL TRAZO CONECTA CON EL BRABRO ALZADO, HACIENTO EL SALUDO FASCISTA, DEL PROPIO MUSK. OTRO ANUNCIO REZA \u00ab<i>El ayuno y el f\u00fchrer \u00ab<\/i> (EN UN JUEGO DE PALABRAS CON LA PEL\u00cdCULA <i>R\u00e1pido y furioso<\/i>).<\/p>\n<p class=\"\">La Imagen del Empresario Apretando Los Dientes y Realizando El Saludo nazi, a la Vista de Todo El Mundo, Durante Unos de Los Actos Que Celebaban El Comienzo de Mandato de Donald Trump El 20 de Enero, Ha Dado tanto Juego para los Los Actos de Guerrilla Urbana Contraieta la Propietario de la Aero. \u00ab<i>El almizcle de Elon. Parfum de 1939. Pour Wankers \u201d<\/i> (Elon de Musk. Perfume de 1939. Para Imb\u00e9ciles), Dice Otrro Cartel en el que aparece un Frasco de perfume con la Esv\u00e1stica Nazi y, de Nueva, El Empresario y Suudo. Musk es almizcle en ingl\u00e9s, una sustancia muy com\u00fan en la industria perfumera.<\/p>\n<p class=\"\">LOS Activistas que Hay Derr\u00e1s de Esta Campa\u00f1a Bautizada Como<i> Todos odian a Elon<\/i> (TODO EL MUNDO ODIA A ELON) SE Hacen Llamar People vs. Elon (El Pueblo Contra Elon), Y Llevan Recaudadas M\u00e1s de 31.000 Libras (Casi 37,000 euros) A Trav\u00e9s de la P\u00e1gina Web GoFundMe. Su Objetivo Es Llegar A Los 60,000 euros. \u201cNo hay podemos que permita que el hombre m\u00e1s rico del mundo envenene nuestra pol\u00edtica. Mientras Nuestras Enfermeras no Llegan A Fin de Mes, La Fortuna [de Musk] Crecio Solo El A\u00f1o Pasado en Unos 200.000 Millones de D\u00f3lares \u201d, Dicen en Su Manifiesto.<\/p>\n<figure class=\"a_m a_m-h \"><span class=\"_db a_m_w _pr lb_btn\"><img alt=\"Carteles de Guerrilla Urbana en una marquesina de Autobuses de Londres donde se Lee: &quot;PILLO AUTOM\u00c1TO PARA TU COCHE, AUT\u00d3CRATA PARA TU PA\u00cdS. Tesla, El Coche de la Esv\u00e1stica&quot;. \" decoding=\"auto\" class=\"_re lazyload a_m-h\" height=\"277\" srcset=\"https:\/\/imagenes.elpais.com\/resizer\/v2\/PM5JGLAAZNFFVAQM3RMXCINDEM.jpg?auth=7aa9701f354f6022ff4e6c44335bfb0ade0ca00d7da1c8605439c1027dc8f7a6&amp;width=414 414w,https:\/\/imagenes.elpais.com\/resizer\/v2\/PM5JGLAAZNFFVAQM3RMXCINDEM.jpg?auth=7aa9701f354f6022ff4e6c44335bfb0ade0ca00d7da1c8605439c1027dc8f7a6&amp;width=828 640w,https:\/\/imagenes.elpais.com\/resizer\/v2\/PM5JGLAAZNFFVAQM3RMXCINDEM.jpg?auth=7aa9701f354f6022ff4e6c44335bfb0ade0ca00d7da1c8605439c1027dc8f7a6&amp;width=980 1000w,https:\/\/imagenes.elpais.com\/resizer\/v2\/PM5JGLAAZNFFVAQM3RMXCINDEM.jpg?auth=7aa9701f354f6022ff4e6c44335bfb0ade0ca00d7da1c8605439c1027dc8f7a6&amp;width=1960 1960w\" width=\"414\" sizes=\"auto, (min-width:1199px) 1155px,(min-width:1001px) calc(100vw - 44px),(min-width:768px) 767px, 100vw\" src=\"https:\/\/imagenes.elpais.com\/resizer\/v2\/PM5JGLAAZNFFVAQM3RMXCINDEM.jpg?auth=7aa9701f354f6022ff4e6c44335bfb0ade0ca00d7da1c8605439c1027dc8f7a6&amp;width=414\" loading=\"lazy\"\/><svg aria-hidden=\"true\" class=\"icon_multimedia_ampliar | _pa a_m_i a_m_i-a _dn\" viewbox=\"0 0 40 40\"><use xlink:href=\"#svg-ampliar\"\/><\/svg><\/span><figcaption class=\"a_m_p\"><span>Carteles de Guerrilla Urbana en una marquesina de Autobuses de Londres Donde Se Lee: \u00abPiloto Autico para tu Coche, aut\u00f3crata para tu pa\u00eds. Tesla, El Coche de la Esv\u00e9rica\u00bb. <\/span><span class=\"a_m_m\">Leon Neal (Getty Images)<\/span><\/figcaption><\/figure>\n<p class=\"\">La Primera Acci\u00f3n del Grupo Fue Colocar Un enorme Cartel, en una marquesina Londinense de Autob\u00fas, en la Que Musk, de Pie Sobre Un Tesla Blanco Con El Techo Descubierto, similar a Un Papamovil, de Nueva Saludaba Con el Gesto Fascista. \u00abAcelera de 0 a 1939 en Tres Segundos\u00bb, Dice El Anuncio, en Referencia Al A\u00f1o en que Hitler Desat\u00f3 la Segunda Guerra Mundial.<i> \u201cTesla. El swasticar \u00bb <\/i>(Tesla. El Coche Esv\u00e1stica), Remata El Cartel, Con Un Juego de Palabras.<\/p>\n<p class=\"\">Algunos Propietario Brit\u00e1nnicos del Autom\u00d3VIL El\u00e9ctrico Tambi\u00e9n Han Recurrido A Las Pegatinas para Expresar Su DeSgusto Con Musk: \u201cTesla Vintage. EDICI\u00d3N Pre-Locura \u00ab, Para Dejar Claro que el veh\u00edculo es anterior a la\u00bb locura \u00abdel propio musk.<\/p>\n<\/div>\n\n","protected":false},"excerpt":{"rendered":"<p>\u00abElon Musk es Ahora una persona nociva para la Sociedad, si Pudiera Vender\u00eda el Coche\u00bb, Dice \u00c1lvaro Guti\u00e9rrez, Informfico Alicantino, Sobre Su Tesla Model 3. Como, Alguno Usuarios de Tesla En Espiezan A Alzar Al\u00ed. Fundador de la Marca por Sus Saludos Nazis, Por Su Apoyo al Populista Donald Trump, As\u00ed Como a la Ultraderecha: &hellip;<\/p>\n","protected":false},"author":1,"featured_media":18812,"comment_status":"open","ping_status":"open","sticky":false,"template":"","format":"standard","meta":{"fifu_image_url":"https:\/\/imagenes.elpais.com\/resizer\/v2\/IUU4QV5E6VHKVMLDRJWSTKFKYM.jpg?auth=f6812c54653b5f5802db87ae18355213e033ab70a029c46df7cd30f6beb212d3&width=1200","fifu_image_alt":"","footnotes":""},"categories":[11],"tags":[],"class_list":["post-18811","post","type-post","status-publish","format-standard","has-post-thumbnail","","category-viaje"],"_links":{"self":[{"href":"https:\/\/noticiasveraces.com\/index.php?rest_route=\/wp\/v2\/posts\/18811","targetHints":{"allow":["GET"]}}],"collection":[{"href":"https:\/\/noticiasveraces.com\/index.php?rest_route=\/wp\/v2\/posts"}],"about":[{"href":"https:\/\/noticiasveraces.com\/index.php?rest_route=\/wp\/v2\/types\/post"}],"author":[{"embeddable":true,"href":"https:\/\/noticiasveraces.com\/index.php?rest_route=\/wp\/v2\/users\/1"}],"replies":[{"embeddable":true,"href":"https:\/\/noticiasveraces.com\/index.php?rest_route=%2Fwp%2Fv2%2Fcomments&post=18811"}],"version-history":[{"count":0,"href":"https:\/\/noticiasveraces.com\/index.php?rest_route=\/wp\/v2\/posts\/18811\/revisions"}],"wp:featuredmedia":[{"embeddable":true,"href":"https:\/\/noticiasveraces.com\/index.php?rest_route=\/wp\/v2\/media\/18812"}],"wp:attachment":[{"href":"https:\/\/noticiasveraces.com\/index.php?rest_route=%2Fwp%2Fv2%2Fmedia&parent=18811"}],"wp:term":[{"taxonomy":"category","embeddable":true,"href":"https:\/\/noticiasveraces.com\/index.php?rest_route=%2Fwp%2Fv2%2Fcategories&post=18811"},{"taxonomy":"post_tag","embeddable":true,"href":"https:\/\/noticiasveraces.com\/index.php?rest_route=%2Fwp%2Fv2%2Ftags&post=18811"}],"curies":[{"name":"wp","href":"https:\/\/api.w.org\/{rel}","templated":true}]}}