{"id":18776,"date":"2025-03-15T20:56:46","date_gmt":"2025-03-16T00:56:46","guid":{"rendered":"https:\/\/noticiasveraces.com\/?p=18776"},"modified":"2025-03-15T20:56:46","modified_gmt":"2025-03-16T00:56:46","slug":"dura-amenaza-del-real-madrid-y-ancelotti-por-el-poco-descanso-no-nos-presentaremos","status":"publish","type":"post","link":"https:\/\/noticiasveraces.com\/?p=18776","title":{"rendered":"Dura Amenaza del Real Madrid y Ancelotti por El Poco Descanso: \u00abNo nos Presentaremos &#8230;\u00bb"},"content":{"rendered":"<p> \n<\/p>\n<div id=\"intext\">\n<p>El Real Madrid <b>Tom\u00f3 la Cer\u00e1mica Este S\u00e1bado <\/b>(1-2) Tras un Doblete de Mbapp\u00e9, Pero Antes, El Club, A Trav\u00e9s de Su Televisi\u00f3n Oficial (RMTV) SE <b>quej\u00f3 <\/b>abiertamete <b>de no tener 72 Horas de Descanso<\/b> entre el <b>Euroderbi del Mi\u00e9rcoles<\/b> Y El Partido de Hoy Ante El Villarreal. Una Denuncia a la Que LUEGO LE PUSO CARA Y Forma <b>Carlo Ancelotti<\/b> En la Rueda de Prensa Postpartido.<\/p>\n<h2 class=\"title-h2\">\u00abNunca M\u00e1s Volveremos A Jugar Con Menos de 72 Horas, Nunca M\u00e1s &#8230;\u00bb<\/h2>\n<p>El Italiano no Pudo Ser M\u00e1s Claro: \u00abLa explicaci\u00f3n explicaci\u00f3n que elte el upugo tiene algo especial, Caracter, Compromiso, no siempre lo puede hacer, a veces me enfado conllos incluso &#8230; Debemos agradeCer a nos jugadores sufuerzo, descomunal, desede. M\u00e1s Hoy. <b>La \u00daltima Vez que Vamos A Jugar Antes de 72 Horas. Nunca m\u00e1s lo vamos un hacer<\/b>. Hemos pedido a laliga dos veces cambiar el horario y no ha pasado nada. Es la \u00daltima Vez \u00ab, Refend\u00f3 en Varias Ocasiones Carletto.<\/p>\n<h2 class=\"title-h2\">69 Horas y Media Entre Un Partido y Otro<\/h2>\n<p>Y es que, para ser m\u00e1s precisos, los blancos -al que el Atleti -terminaron el Euroderbi Sobre las 00h de la Noche (Mi\u00e9rcoles a Jueves) y Volvieron A Competir este S\u00e1bado A las 18:30 de la Tarde: apenas 67 Horas Entre Entre Final Deld Del Final Del Primerero Y Elgado Dele Del Sepunde Del SepoNo. PERO lo que Verdaderamete se tiene en cuenta hijo las horas entretre el inicio de uno y oTro: <b>69 Horas y Media<\/b>Un Poco por Debajo de Las 72 Que Recomienda la Fifa para Descansar de Un Partido a Otro, Pero que desgraciadamete <u>SE Incumple En Numerosas Ocasiones y con muchos OTROS EQUIPOS<\/u>SOBRE TODO LOS QUE JUEGAN COMPETIONES EUROPAS.<\/p>\n<p>Mismente, <b>Betis, verdadera sociedad y atl\u00e9tica<\/b> Disputar\u00e1n Ma\u00f1ana Domingos Sus Respetivos Partidos Ligueros, Y Todos Jugaron El Pasado Jueves A Las 21 Horas, excepto el Athletic de Bilbao. No obstante, <b>Ninguno Descansar\u00e1 Un M\u00ednimo de 72 Horas<\/b>.<\/p>\n<h2 class=\"title-h2\">\u00abNo Volver\u00e1 A Permitir un Atropello de Laliga de Tebas\u00bb<\/h2>\n<p>Desde el Club Merengue, SE Utilizaron Estas Palabras para Denunciar lo que ellos entrande -como una una \u00abinjusticia\u00bb y un \u00abatropello\u00bb: \u00abEl real madrid no va un permitir nunca m\u00c1s este aptopello de laliga de tebas <b>Contra La Salud de los Futbolistas<\/b> y si se Vuelve un repetir pedir\u00e1n amparo a la fifa \u00ab.<\/p>\n<p>En cuanto a lo puramete Futbol\u00edstico el Real Madrid Venci\u00f3 en la Cer\u00e1mica en Liga Por Primera Vez Desde 2017, Termin\u00f3 con una <u>Racha de Tres visitas consecutivas en liga sin ganar<\/u> (Espanyol, Osasuna y Betis) Y Dormir\u00e1 L\u00edder, Al Menos, Este S\u00e1bado a la Espera del resultado del Atl\u00e9tico-Barcelona del Domingo (21h). Buena forma de Cerrar la semana para Los de Ancelotti, que consiguieron el pase a cuartos de final de campeones el pasado mi\u00e9rcoles y de en tuver\u00e1n en las dos semanas de par\u00f3n de selecciones m\u00e1s que vivos que nunca en lasas comp\u00e9giones (Liga, Liga, Liga, Campeones de Del Del Del.<\/p>\n<p><i>S\u00edguenos en nuestro canal de whatsapp y no te Pierdas la \u00daLtima Hora y Toda la actualidad de antena3noticias.com<\/i><\/p>\n<div class=\"recirculation-video\" data-mod=\"a3mod_recirculation_video\">\n<div class=\"recirculation-video-wrapper\">\n<div>\n<div class=\"video-wrapper\">\n  <picture class=\"video-main-picture\"><source media=\"(min-width: 481px)\" srcset=\"https:\/\/fotografias.antena3.com\/clipping\/cmsimages02\/2025\/03\/13\/587447EB-94D4-4B52-9F18-682B1AF96B6A\/aficionados-aguaran-llegada-autobus-real-madrid_94.jpg?crop=5993,3371,x0,y0&amp;width=800&amp;height=450&amp;optimize=medium&amp;format=webply\" width=\"800\" height=\"450\"><source media=\"(min-width: 391px) and (max-width: 480px)\" srcset=\"https:\/\/fotografias.antena3.com\/clipping\/cmsimages02\/2025\/03\/13\/587447EB-94D4-4B52-9F18-682B1AF96B6A\/aficionados-aguaran-llegada-autobus-real-madrid_70.jpg?crop=5993,3371,x0,y0&amp;width=480&amp;height=270&amp;optimize=high&amp;format=webply\" width=\"480\" height=\"270\"><source media=\"(min-width: 321px) and (max-width: 390px)\" srcset=\"https:\/\/fotografias.antena3.com\/clipping\/cmsimages02\/2025\/03\/13\/587447EB-94D4-4B52-9F18-682B1AF96B6A\/aficionados-aguaran-llegada-autobus-real-madrid_92.jpg?crop=5993,3365,x0,y0&amp;width=390&amp;height=219&amp;optimize=high&amp;format=webply\" width=\"390\" height=\"219\"><source media=\"(max-width: 320px)\" srcset=\"https:\/\/fotografias.antena3.com\/clipping\/cmsimages02\/2025\/03\/13\/587447EB-94D4-4B52-9F18-682B1AF96B6A\/aficionados-aguaran-llegada-autobus-real-madrid_52.jpg?crop=5993,3371,x0,y0&amp;width=320&amp;height=180&amp;optimize=high&amp;format=webply\" width=\"320\" height=\"180\"><img decoding=\"async\" title=\"Aficionados Aguaran La Llegada del Autob\u00fas del Real Madrid\" alt=\"Aficionados Aguaran La Llegada del Autob\u00fas del Real Madrid\" width=\"480\" height=\"270\" src=\"https:\/\/fotografias.antena3.com\/clipping\/cmsimages02\/2025\/03\/13\/587447EB-94D4-4B52-9F18-682B1AF96B6A\/aficionados-aguaran-llegada-autobus-real-madrid_70.jpg?crop=5993,3371,x0,y0&amp;width=480&amp;height=270&amp;optimize=high&amp;format=webply\" loading=\"lazy\" class=\"lazy\"\/><br \/>\n  <\/source><\/source><\/source><\/source><\/picture>\n <\/div>\n<\/div><\/div>\n<\/p><\/div>\n<\/div>\n\n","protected":false},"excerpt":{"rendered":"<p>El Real Madrid Tom\u00f3 la Cer\u00e1mica Este S\u00e1bado (1-2) Tras un Doblete de Mbapp\u00e9, Pero Antes, El Club, A Trav\u00e9s de Su Televisi\u00f3n Oficial (RMTV) SE quej\u00f3 abiertamete de no tener 72 Horas de Descanso entre el Euroderbi del Mi\u00e9rcoles Y El Partido de Hoy Ante El Villarreal. Una Denuncia a la Que LUEGO LE &hellip;<\/p>\n","protected":false},"author":1,"featured_media":18778,"comment_status":"open","ping_status":"open","sticky":false,"template":"","format":"standard","meta":{"fifu_image_url":"https:\/\/fotografias.antena3.com\/clipping\/cmsimages01\/2025\/03\/15\/7D800EAB-2CE4-4DDA-8B25-AE1967A531E9\/ancelotti-villarreal-real-madrid-laliga-1-2_69.jpg?crop=3613,2032,x0,y0&width=1280&height=720&optimize=low&format=jpg","fifu_image_alt":"","footnotes":""},"categories":[6],"tags":[],"class_list":["post-18776","post","type-post","status-publish","format-standard","has-post-thumbnail","","category-deportes"],"_links":{"self":[{"href":"https:\/\/noticiasveraces.com\/index.php?rest_route=\/wp\/v2\/posts\/18776","targetHints":{"allow":["GET"]}}],"collection":[{"href":"https:\/\/noticiasveraces.com\/index.php?rest_route=\/wp\/v2\/posts"}],"about":[{"href":"https:\/\/noticiasveraces.com\/index.php?rest_route=\/wp\/v2\/types\/post"}],"author":[{"embeddable":true,"href":"https:\/\/noticiasveraces.com\/index.php?rest_route=\/wp\/v2\/users\/1"}],"replies":[{"embeddable":true,"href":"https:\/\/noticiasveraces.com\/index.php?rest_route=%2Fwp%2Fv2%2Fcomments&post=18776"}],"version-history":[{"count":0,"href":"https:\/\/noticiasveraces.com\/index.php?rest_route=\/wp\/v2\/posts\/18776\/revisions"}],"wp:featuredmedia":[{"embeddable":true,"href":"https:\/\/noticiasveraces.com\/index.php?rest_route=\/wp\/v2\/media\/18778"}],"wp:attachment":[{"href":"https:\/\/noticiasveraces.com\/index.php?rest_route=%2Fwp%2Fv2%2Fmedia&parent=18776"}],"wp:term":[{"taxonomy":"category","embeddable":true,"href":"https:\/\/noticiasveraces.com\/index.php?rest_route=%2Fwp%2Fv2%2Fcategories&post=18776"},{"taxonomy":"post_tag","embeddable":true,"href":"https:\/\/noticiasveraces.com\/index.php?rest_route=%2Fwp%2Fv2%2Ftags&post=18776"}],"curies":[{"name":"wp","href":"https:\/\/api.w.org\/{rel}","templated":true}]}}