{"id":18774,"date":"2025-03-15T20:52:10","date_gmt":"2025-03-16T00:52:10","guid":{"rendered":"https:\/\/noticiasveraces.com\/?p=18774"},"modified":"2025-03-15T20:52:10","modified_gmt":"2025-03-16T00:52:10","slug":"orban-promete-eliminar-de-hungria-a-sus-rivales-y-cryticos-dw-16-03-2025","status":"publish","type":"post","link":"https:\/\/noticiasveraces.com\/?p=18774","title":{"rendered":"Orb\u00e1n Promete Eliminar de Hungr\u00eda A Sus Rivales y Cryticos &#8211; DW &#8211; 16\/03\/2025"},"content":{"rendered":"<p> \n<\/p>\n<div>\n<p>El primer ministro h\u00fangaro Viktor Orb\u00e1n, en ofensiva antes de las elecciones legislativas de la primavera de 2026, prometi\u00f3 el s\u00e1bado (15.03.2025) eliminar a rivales pol\u00edticos, jueces, medios de comunicaci\u00f3n y ONGs, a quienes calific\u00f3 de \u00abchinches\u00bb alimentadas con Fondos Extranjeros \u00abCorruptos\u00bb.<\/p>\n<p>\u00abDispu\u00e9s de Nuestra Gran Concentraci\u00f3n Vendr\u00e1 la Gran Limpieza de Pascua, Porque Las Chinches Sobrevivier\u00f3n al Invierno\u00bb, Lanz\u00f3 Ante UNA Multitud de Seguidores Reunidos Frentes Al Museo Nacional en Budapest Con Motivo de la Fiesta de la Fiesta nacional.<\/p>\n<p>El ultranacionalista expres\u00f3 su des\u00e9seo de \u00abdesmantelar la M\u00e1cina financiera que, gracias a d\u00f3lares corruptos, compra pol\u00cdTICOS, JUECES, PERI\u00d3DICAS Y FALSAS ORGANIZACIONES CIVERES\u00bb.<\/p>\n<p>\u00abLiquidaremos a Este Ej\u00e9rcito de la Sombra, Los Protegidos de Bruselas que Trabajan Contra Su Patria\u00bb, A\u00f1adi\u00f3.<\/p>\n<p>El Acceso Al Evalo Hab\u00eda Sido Prohibido para la Mayor\u00eda de Los Medios de Comunicaci\u00f3n.<\/p>\n<p>Un Ra\u00edz de la Congelacia de la Ayuda Humanitaria Estadounidense Orb\u00e1n Anunci\u00f3 El Mes Pasado Su Intenci\u00f3n de \u00abBorrar del Mapa\u00bb Las Redes Internacionales Activas en El Pa\u00eds.<\/p>\n<h2>Discojos de Nacionalidad<\/h2>\n<p>El Gobierno Planea Modificar la Constituci\u00f3n para PODER DESSPOJAR Temporal de su Nacionalidad A Los binacionales que amenacen la Seguridad Nacional. Con la posible Mira PUESTA EL MULTIMILLONario Fil\u00e1ntropo George Soros, de 94 A\u00f1os, Nacido en Budapest y Naturalizado Estadounidense, Enemigo por Excelencia del Poder H\u00fangaro.<\/p>\n<p>Al Frente de Hungr\u00eda Desde 2010 Orb\u00e1n Ha Ido en alg\u00fan momento gradual de Los Constitucionales de Lostapesos, Reivindicando El Ejercio de Una \u00abDemocracia Iliberal\u00bb.<\/p>\n<p>Orb\u00e1n Tambi\u00e9n Arremeti\u00f3 Una Vez M\u00e1s Contra la Uni\u00f3n Europea (UE), Al Manifiesto Que El \u00abImperio de Bruselas\u00bb Abusa de Su Poder y Afirm\u00f3 que Las Fuerzas Ultraconservadoras en El Mundo hijo Cada Vez M\u00e1rtes.<\/p>\n<p>\u00abEl Imperio de Bruselas Abusa de Su Poder\u00bb, Dijo El Primer Ministro que no Osbtante afirm\u00f3 que no dar\u00e1 la espalda a la ue sino \u00abocuparla y Cambiarla\u00bb.<\/p>\n<p>Durante TODO El Discurso se oy\u00f3 el Abucheo de Sus cryticos y opositorios que se instalaron en una plaza Cercana.<\/p>\n<p>\u00abLlegar\u00e1 el Tiempo Cuando RECLAMOS NUUSESTROS DERECHOS QUE (Bruselas) Nos Ha Quitado\u00bb, afirm\u00f3 orb\u00e1n que siempre acusa a la ue de limonar las competencias nacionales.<\/p>\n<p><span data-slot-id=\"Article_InContent-1\" class=\"rich-text-ad\"\/><\/p>\n<h2>Constante y cryticas<\/h2>\n<p>El Discurso del Primer Ministro Gener\u00f3 CONTERNACI\u00d3N Y CR\u00cdTICAS EN EL PA\u00cdS.<\/p>\n<p>\u00abViktor orb\u00e1n ha utilizado Hoy una descarada ret\u00f3rica nazi para deshumanizar a Los Miembros de la Sociedad H\u00fanngara que tienen Opinyes Diferentes A las de \u00c9l\u00bb, Dijo la DiPutada del Partido verde y liberal P\u00e1rbesz\u00e9sd, T\u00edmea szab\u00f3.<\/p>\n<p>La Prensa Independiente Tambi\u00e9n Critic\u00f3 El Discurso de Orb\u00e1n y Destac\u00f3 Que Fue la Primera Vez que el Pol\u00edtico Ultranacionalista, Conocido como Pol\u00e9mico, ha deshumanizado a sus adversarios.<\/p>\n<p>El Analista B\u00e1lint Ruff Asegur\u00f3 en El Portal Independiente Partiz\u00e1n Que El Discurso de Orb\u00e1n Recuerda a \u00abLas Peores Tradiciones hist\u00f3ricas\u00bb de Hungr\u00eda.<\/p>\n<p>\u00abEs Vergonzoso que este pueda salir de la boca de una personala en 2025\u00bb, dijo ruff al registro que los reg\u00edmenes pronazis y comunistas de hungr\u00eda tambi\u00e9n tachaban de \u00abchinches\u00bb a sus adversarios.<\/p>\n<h2>Opositores Con Ventaja en Sondeos<\/h2>\n<p>EN MEDIO DE LA POL\u00cdMICA, EL L\u00cdDER OPOSITOR, P\u00c9TER MAGYAR, CRITIC\u00d3 DURIENTE AL REGIMEN DE ORB\u00c1N, AL QUE ACUS\u00d3 DE CRORRUPTO, Y PROMETIO CON RELACIONES DE LAS RELACIONES DE LAS DE HUNGRIA CON LA UE EN CASO DE GANAR EL A\u00f1o QUES LAS ELECCIONES DE LAS ELECCONISES Generales.<\/p>\n<p>\u00abHungr\u00eda Merece algo Mejor, Hungr\u00eda Quiere vivir de Nuevo. Lleg\u00f3 la Primavera y Terminaremos Junto el Invierno de Orb\u00e1n\u00bb, Dijo El L\u00edder del Partido tisza en un discurso Ante decenas de millas de las personas en el centro de budapest.<\/p>\n<p>Seg\u00fan Las \u00faltimas Encuestas, El Partido de Magyar cuenta con una intenci\u00f3n de Veto del 46 %, Frente al 37 % del Fidesz, El Partido Liderado por orb\u00e1n, Quien Gobierna Hungr\u00eda desde 2010 Con UNA Maldici\u00f3n de Dos Tercios en El Parlamamento.<\/p>\n<p>JC (AFP, Efe)<\/p>\n<\/p>\n<\/div>\n\n","protected":false},"excerpt":{"rendered":"<p>El primer ministro h\u00fangaro Viktor Orb\u00e1n, en ofensiva antes de las elecciones legislativas de la primavera de 2026, prometi\u00f3 el s\u00e1bado (15.03.2025) eliminar a rivales pol\u00edticos, jueces, medios de comunicaci\u00f3n y ONGs, a quienes calific\u00f3 de \u00abchinches\u00bb alimentadas con Fondos Extranjeros \u00abCorruptos\u00bb. \u00abDispu\u00e9s de Nuestra Gran Concentraci\u00f3n Vendr\u00e1 la Gran Limpieza de Pascua, Porque Las &hellip;<\/p>\n","protected":false},"author":1,"featured_media":18775,"comment_status":"open","ping_status":"open","sticky":false,"template":"","format":"standard","meta":{"fifu_image_url":"https:\/\/static.dw.com\/image\/71932071_6.jpg","fifu_image_alt":"","footnotes":""},"categories":[13],"tags":[],"class_list":["post-18774","post","type-post","status-publish","format-standard","has-post-thumbnail","","category-mundo"],"_links":{"self":[{"href":"https:\/\/noticiasveraces.com\/index.php?rest_route=\/wp\/v2\/posts\/18774","targetHints":{"allow":["GET"]}}],"collection":[{"href":"https:\/\/noticiasveraces.com\/index.php?rest_route=\/wp\/v2\/posts"}],"about":[{"href":"https:\/\/noticiasveraces.com\/index.php?rest_route=\/wp\/v2\/types\/post"}],"author":[{"embeddable":true,"href":"https:\/\/noticiasveraces.com\/index.php?rest_route=\/wp\/v2\/users\/1"}],"replies":[{"embeddable":true,"href":"https:\/\/noticiasveraces.com\/index.php?rest_route=%2Fwp%2Fv2%2Fcomments&post=18774"}],"version-history":[{"count":0,"href":"https:\/\/noticiasveraces.com\/index.php?rest_route=\/wp\/v2\/posts\/18774\/revisions"}],"wp:featuredmedia":[{"embeddable":true,"href":"https:\/\/noticiasveraces.com\/index.php?rest_route=\/wp\/v2\/media\/18775"}],"wp:attachment":[{"href":"https:\/\/noticiasveraces.com\/index.php?rest_route=%2Fwp%2Fv2%2Fmedia&parent=18774"}],"wp:term":[{"taxonomy":"category","embeddable":true,"href":"https:\/\/noticiasveraces.com\/index.php?rest_route=%2Fwp%2Fv2%2Fcategories&post=18774"},{"taxonomy":"post_tag","embeddable":true,"href":"https:\/\/noticiasveraces.com\/index.php?rest_route=%2Fwp%2Fv2%2Ftags&post=18774"}],"curies":[{"name":"wp","href":"https:\/\/api.w.org\/{rel}","templated":true}]}}