{"id":18768,"date":"2025-03-15T19:50:17","date_gmt":"2025-03-15T23:50:17","guid":{"rendered":"https:\/\/noticiasveraces.com\/?p=18768"},"modified":"2025-03-15T19:50:17","modified_gmt":"2025-03-15T23:50:17","slug":"el-papa-sigue-estable-pero-debe-seguir-hospitalizado-dw-15-03-2025","status":"publish","type":"post","link":"https:\/\/noticiasveraces.com\/?p=18768","title":{"rendered":"El Papa Sigue Estable, Pero Debe Seguir Hospitalizado &#8211; DW &#8211; 15\/03\/2025"},"content":{"rendered":"<p> \n<\/p>\n<div>\n<p>Las Condiciones Cl\u00ednicas del Papa Francisco, Ingresado Desde Hace 30 D\u00edas en el Hospital Gemelli de Roma Por Problemas Respiratorios, Se Mantienen establece y contin\u00faa y contin\u00faa su mejor\u00eda, pero a\u00fan necesitara seguir en el hospital por un tiempo indeterminado. As\u00ed Lo Sedala un Breve Comunicado Entregado Este S\u00e1bado (15.03.2025) Por El Vaticano.<\/p>\n<p>Despu\u00e9s de 72 HORAS SIN PARTE M\u00e9dico y S\u00f3lo Con Algunos Detalla Proporciones por Fuentes Vaticanas, El Vaticano Explic\u00f3 Que \u00abLas Condiciones cl\u00ednicas del Santo Padre Se Mantienen establece, confirmando la Evoluci\u00f3n Destacada en la \u00dama Semana\u00bb. Asimismo, se inform\u00f3 \u00abQue la Terapia de Ox\u00edsgeno de Alto fljo contin\u00faa, reducto Progresivamete la Necesidad de Ventilaci\u00f3n Mec\u00e1nica sin Invasiva Durante la Noche\u00bb.<\/p>\n<p>No Obstante, A\u00f1ade El Parte M\u00e9dico, \u00abEl Santo Padre A\u00fan Requiere Tratamiento M\u00e9dico Hospitalario, Fisioterapia MotorA y Respiratoria\u00bb, Pero, indicaron, \u00abeste tratamiento mudra mejoras adiciones y graduales\u00bb. El Pont\u00edfice Pas\u00f3 la Jornada Haciendo Fisioterapia MotorA y Respiratoria, Trabaj\u00f3 un poco y Dedic\u00f3 Momentos a la oraci\u00f3n, Seg\u00fan Fuentes Vaticanas.<\/p>\n<h2>No Habr\u00e1 Reportes Diarios<\/h2>\n<p>Ante la \u00abEstabilidad\u00bb de Las Condicatos del Papa, Los M\u00e9dicos del Gemelli Han decidido no Dar Partes diarios, por lo que no llegar\u00e1 otro informe M\u00e9dico antes del Martes o Mi\u00e9rcoles. Se Han Dado Muy Pocos Detless de Este de Hospitalizaci\u00f3n y S\u00f3lo se Conoce que puede pasar tiempo en un sill\u00f3n, acude a la capilla del aparato que ocupa en la planta 10 del hospital y alguna algunas tardas llama a la parroquia defica de gaza.<\/p>\n<p>Jorge Mario Bergoglio, de 88 A\u00f1os, SE Encuentra Hospitalizado Desde el Pasado 14 de febrero por una neumon\u00eda bilateral y otros problemas respiratorios y, trasar por varias crisis complemas, ma Maestra una mejor\u00eda y una buena respuesta a la terapia. Hasta Ahora, Por El D\u00eda Recib\u00eda Altos Flujos de Ox\u00edsgeno Con C\u00e1nulas Nasales Mientras que de Noche Utiliza la Ventilacio\u00f3n Mec\u00e1nica no Invasiva, Es Decir, La M\u00e1scara, Que, Como se explic\u00f3 Hoy, Se Est\u00e1 Reduciendo.<\/p>\n<p>Pese A Ello, Los M\u00e9dicos Todav\u00eda no se Han pronunciado Sobre una fecha de alta.<\/p>\n<p>DZC (EFE, AFP)<\/p>\n<\/div>\n\n","protected":false},"excerpt":{"rendered":"<p>Las Condiciones Cl\u00ednicas del Papa Francisco, Ingresado Desde Hace 30 D\u00edas en el Hospital Gemelli de Roma Por Problemas Respiratorios, Se Mantienen establece y contin\u00faa y contin\u00faa su mejor\u00eda, pero a\u00fan necesitara seguir en el hospital por un tiempo indeterminado. As\u00ed Lo Sedala un Breve Comunicado Entregado Este S\u00e1bado (15.03.2025) Por El Vaticano. Despu\u00e9s de &hellip;<\/p>\n","protected":false},"author":1,"featured_media":18769,"comment_status":"open","ping_status":"open","sticky":false,"template":"","format":"standard","meta":{"fifu_image_url":"https:\/\/static.dw.com\/image\/71882809_6.jpg","fifu_image_alt":"","footnotes":""},"categories":[13],"tags":[],"class_list":["post-18768","post","type-post","status-publish","format-standard","has-post-thumbnail","","category-mundo"],"_links":{"self":[{"href":"https:\/\/noticiasveraces.com\/index.php?rest_route=\/wp\/v2\/posts\/18768","targetHints":{"allow":["GET"]}}],"collection":[{"href":"https:\/\/noticiasveraces.com\/index.php?rest_route=\/wp\/v2\/posts"}],"about":[{"href":"https:\/\/noticiasveraces.com\/index.php?rest_route=\/wp\/v2\/types\/post"}],"author":[{"embeddable":true,"href":"https:\/\/noticiasveraces.com\/index.php?rest_route=\/wp\/v2\/users\/1"}],"replies":[{"embeddable":true,"href":"https:\/\/noticiasveraces.com\/index.php?rest_route=%2Fwp%2Fv2%2Fcomments&post=18768"}],"version-history":[{"count":0,"href":"https:\/\/noticiasveraces.com\/index.php?rest_route=\/wp\/v2\/posts\/18768\/revisions"}],"wp:featuredmedia":[{"embeddable":true,"href":"https:\/\/noticiasveraces.com\/index.php?rest_route=\/wp\/v2\/media\/18769"}],"wp:attachment":[{"href":"https:\/\/noticiasveraces.com\/index.php?rest_route=%2Fwp%2Fv2%2Fmedia&parent=18768"}],"wp:term":[{"taxonomy":"category","embeddable":true,"href":"https:\/\/noticiasveraces.com\/index.php?rest_route=%2Fwp%2Fv2%2Fcategories&post=18768"},{"taxonomy":"post_tag","embeddable":true,"href":"https:\/\/noticiasveraces.com\/index.php?rest_route=%2Fwp%2Fv2%2Ftags&post=18768"}],"curies":[{"name":"wp","href":"https:\/\/api.w.org\/{rel}","templated":true}]}}