{"id":18762,"date":"2025-03-15T18:47:40","date_gmt":"2025-03-15T22:47:40","guid":{"rendered":"https:\/\/noticiasveraces.com\/?p=18762"},"modified":"2025-03-15T18:47:40","modified_gmt":"2025-03-15T22:47:40","slug":"el-gobierno-de-groenlandia-llama-a-las-conversaciones-de-adquisicion-de-trump-inaceptables","status":"publish","type":"post","link":"https:\/\/noticiasveraces.com\/?p=18762","title":{"rendered":"El gobierno de Groenlandia llama a las conversaciones de adquisici\u00f3n de Trump \u00abinaceptables\u00bb"},"content":{"rendered":"<p> \n<\/p>\n<div>\n<div class=\"article-gating gated-overlay show-gate\">\n<div class=\"article-gating-wrapper\">\n<p>\u00danase a Fox News para acceder a este contenido<\/p>\n<p>Has alcanzado su n\u00famero m\u00e1ximo de art\u00edculos. Inicie sesi\u00f3n o cree una cuenta de forma gratuita para continuar leyendo.<\/p>\n<div class=\"article-gating-legal tablet-desktop\">Al ingresar su correo electr\u00f3nico y presionar continuar, usted acepta los t\u00e9rminos de uso y la pol\u00edtica de privacidad de Fox News, que incluye nuestro aviso de incentivo financiero.\n    <\/div>\n<p><span>Por favor, introduce una direcci\u00f3n de correo electr\u00f3nico v\u00e1lida.<\/span><\/p>\n<footer class=\"article-gating-footer\">\u00bfTiene problemas? Haga clic aqu\u00ed.<\/footer>\n<\/div>\n<\/div>\n<p class=\"speakable\">El Gobierno de Groenlandia calific\u00f3 los comentarios del presidente Donald Trump sobre tomar el control del pa\u00eds \u00abinaceptable\u00bb en un comunicado el viernes.<\/p>\n<p class=\"speakable\">Las autoridades se\u00f1alaron que la declaraci\u00f3n fue impulsada por la reuni\u00f3n de Trump con el Secretario General de la OTAN el jueves, cuando, seg\u00fan los informes, \u00abreiter\u00f3 su deseo de anexi\u00f3n y control de Groenlandia\u00bb.<\/p>\n<p>En respuesta, los l\u00edderes de todos los partidos pol\u00edticos eligieron a Inatsisartut, el Parlamento de Groenlandia que incluye los partidos Demokraatit, Naleraq, Inuit Ataqatigiit, Siumut y Atassut, emiti\u00f3 la declaraci\u00f3n sobre X.<\/p>\n<div class=\"image-ct inline\">\n<div class=\"m\"><picture><source media=\"(max-width: 767px)\" srcset=\"https:\/\/a57.foxnews.com\/static.foxnews.com\/foxnews.com\/content\/uploads\/2025\/03\/343\/192\/greenland-election-2.jpg?ve=1&amp;tl=1, https:\/\/a57.foxnews.com\/static.foxnews.com\/foxnews.com\/content\/uploads\/2025\/03\/686\/384\/greenland-election-2.jpg?ve=1&amp;tl=1 2x\" height=\"192\" width=\"343\"><source media=\"(min-width: 768px) and (max-width: 1023px)\" srcset=\"https:\/\/a57.foxnews.com\/static.foxnews.com\/foxnews.com\/content\/uploads\/2025\/03\/672\/378\/greenland-election-2.jpg?ve=1&amp;tl=1, https:\/\/a57.foxnews.com\/static.foxnews.com\/foxnews.com\/content\/uploads\/2025\/03\/1344\/756\/greenland-election-2.jpg?ve=1&amp;tl=1 2x\" height=\"378\" width=\"672\"><source media=\"(min-width: 1024px) and (max-width: 1279px)\" srcset=\"https:\/\/a57.foxnews.com\/static.foxnews.com\/foxnews.com\/content\/uploads\/2025\/03\/931\/523\/greenland-election-2.jpg?ve=1&amp;tl=1, https:\/\/a57.foxnews.com\/static.foxnews.com\/foxnews.com\/content\/uploads\/2025\/03\/1862\/1046\/greenland-election-2.jpg?ve=1&amp;tl=1 2x\" height=\"523\" width=\"931\"><source media=\"(min-width: 1280px)\" srcset=\"https:\/\/a57.foxnews.com\/static.foxnews.com\/foxnews.com\/content\/uploads\/2025\/03\/720\/405\/greenland-election-2.jpg?ve=1&amp;tl=1, https:\/\/a57.foxnews.com\/static.foxnews.com\/foxnews.com\/content\/uploads\/2025\/03\/1440\/810\/greenland-election-2.jpg?ve=1&amp;tl=1 2x\" height=\"405\" width=\"720\"><img loading=\"lazy\" decoding=\"async\" src=\"https:\/\/a57.foxnews.com\/static.foxnews.com\/foxnews.com\/content\/uploads\/2025\/03\/1200\/675\/greenland-election-2.jpg?ve=1&amp;tl=1\" alt=\"protesta en Groenlandia\" width=\"1200\" height=\"675\"\/><\/source><\/source><\/source><\/source><\/picture><\/div>\n<div class=\"info\">\n<div class=\"caption\">\n<p><span>La gente tiene un cartel de campa\u00f1a en Nuuk, Groenlandia.<\/span> <span>(Mads Claus Rasmussen\/Ritzau ScanPix a trav\u00e9s de AP)<\/span><\/p>\n<\/div>\n<\/div>\n<\/div>\n<p><strong><u>El primer ministro de Groenlandia busca la independencia despu\u00e9s de los comentarios de la adquisici\u00f3n de Trump<\/u><\/strong><\/p>\n<p>\u00abNosotros, todos los l\u00edderes del partido, no podemos aceptar las declaraciones repetidas sobre la anexi\u00f3n y el control de Groenlandia\u00bb, escribi\u00f3 l\u00edderes. \u00abEncontramos este comportamiento para amigos y aliados en una alianza de defensa inaceptable\u00bb.<\/p>\n<p>Agregaron que \u00abdeben subrayar que Groenlandia continuar\u00e1 sirviendo a su gente a trav\u00e9s de relaciones diplom\u00e1ticas, de acuerdo con el derecho internacional\u00bb.<\/p>\n<div class=\"image-ct inline\">\n<div class=\"m\"><picture><source media=\"(max-width: 767px)\" srcset=\"https:\/\/a57.foxnews.com\/static.foxnews.com\/foxnews.com\/content\/uploads\/2025\/03\/343\/192\/green-electiosn.jpg?ve=1&amp;tl=1, https:\/\/a57.foxnews.com\/static.foxnews.com\/foxnews.com\/content\/uploads\/2025\/03\/686\/384\/green-electiosn.jpg?ve=1&amp;tl=1 2x\" height=\"192\" width=\"343\"><source media=\"(min-width: 768px) and (max-width: 1023px)\" srcset=\"https:\/\/a57.foxnews.com\/static.foxnews.com\/foxnews.com\/content\/uploads\/2025\/03\/672\/378\/green-electiosn.jpg?ve=1&amp;tl=1, https:\/\/a57.foxnews.com\/static.foxnews.com\/foxnews.com\/content\/uploads\/2025\/03\/1344\/756\/green-electiosn.jpg?ve=1&amp;tl=1 2x\" height=\"378\" width=\"672\"><source media=\"(min-width: 1024px) and (max-width: 1279px)\" srcset=\"https:\/\/a57.foxnews.com\/static.foxnews.com\/foxnews.com\/content\/uploads\/2025\/03\/931\/523\/green-electiosn.jpg?ve=1&amp;tl=1, https:\/\/a57.foxnews.com\/static.foxnews.com\/foxnews.com\/content\/uploads\/2025\/03\/1862\/1046\/green-electiosn.jpg?ve=1&amp;tl=1 2x\" height=\"523\" width=\"931\"><source media=\"(min-width: 1280px)\" srcset=\"https:\/\/a57.foxnews.com\/static.foxnews.com\/foxnews.com\/content\/uploads\/2025\/03\/720\/405\/green-electiosn.jpg?ve=1&amp;tl=1, https:\/\/a57.foxnews.com\/static.foxnews.com\/foxnews.com\/content\/uploads\/2025\/03\/1440\/810\/green-electiosn.jpg?ve=1&amp;tl=1 2x\" height=\"405\" width=\"720\"><img loading=\"lazy\" decoding=\"async\" src=\"https:\/\/a57.foxnews.com\/static.foxnews.com\/foxnews.com\/content\/uploads\/2025\/03\/1200\/675\/green-electiosn.jpg?ve=1&amp;tl=1\" alt=\"Groenlandia se prepara para las elecciones generales\" width=\"1200\" height=\"675\"\/><\/source><\/source><\/source><\/source><\/picture><\/div>\n<div class=\"info\">\n<div class=\"caption\">\n<p><span>Anthon Frederiksen, del Partido Naleraq, colg\u00f3 carteles de campa\u00f1a antes de las elecciones generales el 10 de marzo en Ilulissat, Groenlandia.<\/span> <span>(Joe Raedle\/Getty Images)<\/span><\/p>\n<\/div>\n<\/div>\n<\/div>\n<p><strong><u>Ambiente Carla Sands: el enfoque de la administraci\u00f3n Trump en Groenlandia: por qu\u00e9 esperamos fortalecer nuestra relaci\u00f3n<\/u><\/strong><\/p>\n<p>El documento fue firmado por los pol\u00edticos de Groenlandia Jens Frederik Nielsen del Partido Demokraatit, Pel\u00e9 Broberg de Naleraq, M\u00fate B. Egede del inuit ataqatigiit, Vivian Motzfeldt de Siumut y Aqqalu C. Jerimiassen del atasto.<\/p>\n<p>\u00abTodos apoyamos esto de todo coraz\u00f3n y fuertemente nos distanciamos de los intentos de crear discordia. Groenlandia pertenece al pueblo Groenlandia, y nosotros (como l\u00edderes) estamos al un\u00edsono\u00bb, escribieron.<\/p>\n<div class=\"image-ct inline\">\n<div class=\"m\"><picture><source media=\"(max-width: 767px)\" srcset=\"https:\/\/a57.foxnews.com\/static.foxnews.com\/foxnews.com\/content\/uploads\/2025\/03\/343\/192\/greenland-election-1.jpg?ve=1&amp;tl=1, https:\/\/a57.foxnews.com\/static.foxnews.com\/foxnews.com\/content\/uploads\/2025\/03\/686\/384\/greenland-election-1.jpg?ve=1&amp;tl=1 2x\" height=\"192\" width=\"343\"><source media=\"(min-width: 768px) and (max-width: 1023px)\" srcset=\"https:\/\/a57.foxnews.com\/static.foxnews.com\/foxnews.com\/content\/uploads\/2025\/03\/672\/378\/greenland-election-1.jpg?ve=1&amp;tl=1, https:\/\/a57.foxnews.com\/static.foxnews.com\/foxnews.com\/content\/uploads\/2025\/03\/1344\/756\/greenland-election-1.jpg?ve=1&amp;tl=1 2x\" height=\"378\" width=\"672\"><source media=\"(min-width: 1024px) and (max-width: 1279px)\" srcset=\"https:\/\/a57.foxnews.com\/static.foxnews.com\/foxnews.com\/content\/uploads\/2025\/03\/931\/523\/greenland-election-1.jpg?ve=1&amp;tl=1, https:\/\/a57.foxnews.com\/static.foxnews.com\/foxnews.com\/content\/uploads\/2025\/03\/1862\/1046\/greenland-election-1.jpg?ve=1&amp;tl=1 2x\" height=\"523\" width=\"931\"><source media=\"(min-width: 1280px)\" srcset=\"https:\/\/a57.foxnews.com\/static.foxnews.com\/foxnews.com\/content\/uploads\/2025\/03\/720\/405\/greenland-election-1.jpg?ve=1&amp;tl=1, https:\/\/a57.foxnews.com\/static.foxnews.com\/foxnews.com\/content\/uploads\/2025\/03\/1440\/810\/greenland-election-1.jpg?ve=1&amp;tl=1 2x\" height=\"405\" width=\"720\"><img loading=\"lazy\" decoding=\"async\" src=\"https:\/\/a57.foxnews.com\/static.foxnews.com\/foxnews.com\/content\/uploads\/2025\/03\/1200\/675\/greenland-election-1.jpg?ve=1&amp;tl=1\" alt=\"L\u00edder del Partido Demokraatit de Groenlandia, Jens-Frederik Nielsen\" width=\"1200\" height=\"675\"\/><\/source><\/source><\/source><\/source><\/picture><\/div>\n<div class=\"info\">\n<div class=\"caption\">\n<p><span>Jens-Frederik Nielsen, l\u00edder del Partido Demokraatit, reacciona durante un partido electoral en Nuuk, Groenlandia, 12 de marzo. <\/span> <span>(Ritzau Scanpix\/Mads Claus Rasmussen a trav\u00e9s de Reuters)<\/span><\/p>\n<\/div>\n<\/div>\n<\/div>\n<p>En las recientes elecciones parlamentarias del pa\u00eds, el Partido Demokraatit derrot\u00f3 al partido del primer ministro de Groenlandia, M\u00fate Egede, Inuit Ataqatigiit.<\/p>\n<p>La independencia de Dinamarca se convirti\u00f3 en un tema electoral central en los continuos comentarios de Trump sobre la adquisici\u00f3n estadounidense de Groenlandia.<\/p>\n<p>Trump intent\u00f3 en su primer mandato comprar el territorio geogr\u00e1fico clave rico en minerales en lo que llam\u00f3 un \u00abgran acuerdo inmobiliario\u00bb.<\/p>\n<div class=\"image-ct inline\">\n<div class=\"m\"><picture><source media=\"(max-width: 767px)\" srcset=\"https:\/\/a57.foxnews.com\/static.foxnews.com\/foxnews.com\/content\/uploads\/2025\/01\/343\/192\/rubio.jpg?ve=1&amp;tl=1, https:\/\/a57.foxnews.com\/static.foxnews.com\/foxnews.com\/content\/uploads\/2025\/01\/686\/384\/rubio.jpg?ve=1&amp;tl=1 2x\" height=\"192\" width=\"343\"><source media=\"(min-width: 768px) and (max-width: 1023px)\" srcset=\"https:\/\/a57.foxnews.com\/static.foxnews.com\/foxnews.com\/content\/uploads\/2025\/01\/672\/378\/rubio.jpg?ve=1&amp;tl=1, https:\/\/a57.foxnews.com\/static.foxnews.com\/foxnews.com\/content\/uploads\/2025\/01\/1344\/756\/rubio.jpg?ve=1&amp;tl=1 2x\" height=\"378\" width=\"672\"><source media=\"(min-width: 1024px) and (max-width: 1279px)\" srcset=\"https:\/\/a57.foxnews.com\/static.foxnews.com\/foxnews.com\/content\/uploads\/2025\/01\/931\/523\/rubio.jpg?ve=1&amp;tl=1, https:\/\/a57.foxnews.com\/static.foxnews.com\/foxnews.com\/content\/uploads\/2025\/01\/1862\/1046\/rubio.jpg?ve=1&amp;tl=1 2x\" height=\"523\" width=\"931\"><source media=\"(min-width: 1280px)\" srcset=\"https:\/\/a57.foxnews.com\/static.foxnews.com\/foxnews.com\/content\/uploads\/2025\/01\/720\/405\/rubio.jpg?ve=1&amp;tl=1, https:\/\/a57.foxnews.com\/static.foxnews.com\/foxnews.com\/content\/uploads\/2025\/01\/1440\/810\/rubio.jpg?ve=1&amp;tl=1 2x\" height=\"405\" width=\"720\"><img loading=\"lazy\" decoding=\"async\" src=\"https:\/\/a57.foxnews.com\/static.foxnews.com\/foxnews.com\/content\/uploads\/2025\/01\/1200\/675\/rubio.jpg?ve=1&amp;tl=1\" alt=\"Marco Rubio\" width=\"1200\" height=\"675\"\/><\/source><\/source><\/source><\/source><\/picture><\/div>\n<div class=\"info\">\n<div class=\"caption\">\n<p><span>El secretario de Estado, Marco Rubio, enfrenta preguntas sobre los planes del presidente Trump para Groenlandia.<\/span> <span>(Kevin Dietsch\/Getty Images)<\/span><\/p>\n<\/div>\n<\/div>\n<\/div>\n<p><strong><u>Trump: Estados Unidos considerando posiblemente comprar Groenlandia <\/u><\/strong><\/p>\n<p>El primer ministro de Groenlandia, M\u00fate Egede, dijo en enero que el pa\u00eds \u00abno estaba a la venta y nunca estar\u00e1 a la venta\u00bb.<\/p>\n<p><u>Inter\u00e9s estadounidense en Groenlandia<\/u> Se remonta a los a\u00f1os 1800. <\/p>\n<p>En 1867, el Departamento de Estado busc\u00f3 comprar Groenlandia e Islandia, pero despu\u00e9s <u>Segunda Guerra Mundial<\/u>Dinamarca rechaz\u00f3 un acuerdo propuesto de $ 100 millones del presidente Harry Truman.<\/p>\n<p><strong><u>Haga clic aqu\u00ed para obtener la aplicaci\u00f3n Fox News<\/u><\/strong><\/p>\n<p><u>Adquiriendo la tierra<\/u> Marcar\u00eda la mayor expansi\u00f3n del territorio estadounidense en la historia, superando la compra de Louisiana.<\/p>\n<p>La Casa Blanca no respondi\u00f3 de inmediato a la solicitud de comentarios de Fox News Digital.<\/p>\n<p><i>Rachel Wolf de Fox News Digital contribuy\u00f3 a esta historia.<\/i><\/p>\n<\/div>\n\n","protected":false},"excerpt":{"rendered":"<p>\u00danase a Fox News para acceder a este contenido Has alcanzado su n\u00famero m\u00e1ximo de art\u00edculos. Inicie sesi\u00f3n o cree una cuenta de forma gratuita para continuar leyendo. Al ingresar su correo electr\u00f3nico y presionar continuar, usted acepta los t\u00e9rminos de uso y la pol\u00edtica de privacidad de Fox News, que incluye nuestro aviso de &hellip;<\/p>\n","protected":false},"author":1,"featured_media":18764,"comment_status":"open","ping_status":"open","sticky":false,"template":"","format":"standard","meta":{"fifu_image_url":"https:\/\/static.foxnews.com\/foxnews.com\/content\/uploads\/2025\/01\/thumbnail-2.png","fifu_image_alt":"","footnotes":""},"categories":[13],"tags":[],"class_list":["post-18762","post","type-post","status-publish","format-standard","has-post-thumbnail","","category-mundo"],"_links":{"self":[{"href":"https:\/\/noticiasveraces.com\/index.php?rest_route=\/wp\/v2\/posts\/18762","targetHints":{"allow":["GET"]}}],"collection":[{"href":"https:\/\/noticiasveraces.com\/index.php?rest_route=\/wp\/v2\/posts"}],"about":[{"href":"https:\/\/noticiasveraces.com\/index.php?rest_route=\/wp\/v2\/types\/post"}],"author":[{"embeddable":true,"href":"https:\/\/noticiasveraces.com\/index.php?rest_route=\/wp\/v2\/users\/1"}],"replies":[{"embeddable":true,"href":"https:\/\/noticiasveraces.com\/index.php?rest_route=%2Fwp%2Fv2%2Fcomments&post=18762"}],"version-history":[{"count":0,"href":"https:\/\/noticiasveraces.com\/index.php?rest_route=\/wp\/v2\/posts\/18762\/revisions"}],"wp:featuredmedia":[{"embeddable":true,"href":"https:\/\/noticiasveraces.com\/index.php?rest_route=\/wp\/v2\/media\/18764"}],"wp:attachment":[{"href":"https:\/\/noticiasveraces.com\/index.php?rest_route=%2Fwp%2Fv2%2Fmedia&parent=18762"}],"wp:term":[{"taxonomy":"category","embeddable":true,"href":"https:\/\/noticiasveraces.com\/index.php?rest_route=%2Fwp%2Fv2%2Fcategories&post=18762"},{"taxonomy":"post_tag","embeddable":true,"href":"https:\/\/noticiasveraces.com\/index.php?rest_route=%2Fwp%2Fv2%2Ftags&post=18762"}],"curies":[{"name":"wp","href":"https:\/\/api.w.org\/{rel}","templated":true}]}}