{"id":18759,"date":"2025-03-15T17:45:10","date_gmt":"2025-03-15T21:45:10","guid":{"rendered":"https:\/\/noticiasveraces.com\/?p=18759"},"modified":"2025-03-15T17:45:10","modified_gmt":"2025-03-15T21:45:10","slug":"el-papa-francisco-permanece-estable-despues-del-mes-en-el-hospital-mientras-continua-la-recuperacion","status":"publish","type":"post","link":"https:\/\/noticiasveraces.com\/?p=18759","title":{"rendered":"El Papa Francisco permanece estable despu\u00e9s del mes en el hospital mientras contin\u00faa la recuperaci\u00f3n"},"content":{"rendered":"<p> \n<\/p>\n<div>\n<p class=\"speakable\">El Papa Francisco permanece estable mientras contin\u00faa su recuperaci\u00f3n un mes despu\u00e9s de ser hospitalizado por un episodio de bronquitis que se convirti\u00f3 en neumon\u00eda. <\/p>\n<p class=\"speakable\">\u00abLas condiciones cl\u00ednicas del Santo Padre se han mantenido estables, confirmando el progreso destacado en la \u00faltima semana\u00bb, dijo un bolet\u00edn m\u00e9dico de la Oficina de Prensa de Santa Sede del Vaticano en una actualizaci\u00f3n el s\u00e1bado. <\/p>\n<p>Fue la primera actualizaci\u00f3n m\u00e9dica en tres d\u00edas. <\/p>\n<p>Mientras trabajaba desde el Hospital Gemelli, el Papa pudo firmar un proyecto de reforma de tres a\u00f1os que tiene como objetivo hacer de la iglesia un lugar m\u00e1s acogedor. <\/p>\n<p><strong>El Papa Francisco ahora &#8216;fuera del peligro de la muerte&#8217; a medida que la condici\u00f3n de salud contin\u00faa mejorando<\/strong><\/p>\n<div class=\"image-ct inline\">\n<div class=\"m\"><picture><source media=\"(max-width: 767px)\" srcset=\"https:\/\/a57.foxnews.com\/static.foxnews.com\/foxnews.com\/content\/uploads\/2025\/03\/343\/192\/26a4074d-pope-francis.jpg?ve=1&amp;tl=1, https:\/\/a57.foxnews.com\/static.foxnews.com\/foxnews.com\/content\/uploads\/2025\/03\/686\/384\/26a4074d-pope-francis.jpg?ve=1&amp;tl=1 2x\" height=\"192\" width=\"343\"><source media=\"(min-width: 768px) and (max-width: 1023px)\" srcset=\"https:\/\/a57.foxnews.com\/static.foxnews.com\/foxnews.com\/content\/uploads\/2025\/03\/672\/378\/26a4074d-pope-francis.jpg?ve=1&amp;tl=1, https:\/\/a57.foxnews.com\/static.foxnews.com\/foxnews.com\/content\/uploads\/2025\/03\/1344\/756\/26a4074d-pope-francis.jpg?ve=1&amp;tl=1 2x\" height=\"378\" width=\"672\"><source media=\"(min-width: 1024px) and (max-width: 1279px)\" srcset=\"https:\/\/a57.foxnews.com\/static.foxnews.com\/foxnews.com\/content\/uploads\/2025\/03\/931\/523\/26a4074d-pope-francis.jpg?ve=1&amp;tl=1, https:\/\/a57.foxnews.com\/static.foxnews.com\/foxnews.com\/content\/uploads\/2025\/03\/1862\/1046\/26a4074d-pope-francis.jpg?ve=1&amp;tl=1 2x\" height=\"523\" width=\"931\"><source media=\"(min-width: 1280px)\" srcset=\"https:\/\/a57.foxnews.com\/static.foxnews.com\/foxnews.com\/content\/uploads\/2025\/03\/720\/405\/26a4074d-pope-francis.jpg?ve=1&amp;tl=1, https:\/\/a57.foxnews.com\/static.foxnews.com\/foxnews.com\/content\/uploads\/2025\/03\/1440\/810\/26a4074d-pope-francis.jpg?ve=1&amp;tl=1 2x\" height=\"405\" width=\"720\"><img loading=\"lazy\" decoding=\"async\" src=\"https:\/\/a57.foxnews.com\/static.foxnews.com\/foxnews.com\/content\/uploads\/2025\/03\/1200\/675\/26a4074d-pope-francis.jpg?ve=1&amp;tl=1\" alt=\"Papa Francis ondeando\" width=\"1200\" height=\"675\"\/><\/source><\/source><\/source><\/source><\/picture><\/div>\n<div class=\"info\">\n<div class=\"caption\">\n<p><span>El Papa Francisco permanece estable mientras contin\u00faa su recuperaci\u00f3n un mes despu\u00e9s de ser hospitalizado por un episodio de bronquitis que se convirti\u00f3 en neumon\u00eda. <\/span> <span>(Buda Mendes\/Getty Images)<\/span><\/p>\n<\/div>\n<\/div>\n<\/div>\n<p>Tambi\u00e9n pas\u00f3 el d\u00eda rezando y descansando. <\/p>\n<p>El Vaticano agreg\u00f3 que la oxigenerapia de alto flujo del Papa contin\u00faa, lo que est\u00e1 reduciendo progresivamente su necesidad de ventilaci\u00f3n mec\u00e1nica no invasiva por la noche y ayudar\u00e1 a sus pulmones a funcionar m\u00e1s. <\/p>\n<p>\u00abEl Santo Padre todav\u00eda necesita terapia m\u00e9dica hospitalaria, fisioterapia motora y respiratoria\u00bb, agreg\u00f3 el bolet\u00edn, se\u00f1alando que estas terapias muestran \u00abmejoras graduales\u00bb.<\/p>\n<p>Francis fue ingresado por primera vez en el hospital el 14 de febrero, despu\u00e9s de una lucha de una semana contra la bronquitis empeor\u00f3 gradualmente, convirti\u00e9ndose en neumon\u00eda doble. <\/p>\n<p>Esta semana, su salud mejor\u00f3 significativamente, y el Vaticano dijo que ahora estaba \u00abfuera del peligro de la muerte\u00bb.<\/p>\n<p>El jugador de 88 a\u00f1os pas\u00f3 tiempo el mi\u00e9rcoles despu\u00e9s de ejercicios espirituales en el Vaticano, recibiendo la Eucarist\u00eda, rezando y completando fisioterapia. <\/p>\n<p><strong>El Papa Francisco ahora come alimentos s\u00f3lidos, &#8216;mostrando ligeras mejoras graduales&#8217;, dice el Vaticano<\/strong><\/p>\n<p>Esta semana marc\u00f3 el 12 aniversario de las elecciones del Papa para dirigir la Iglesia Cat\u00f3lica Romana.<\/p>\n<p>La condici\u00f3n del Papa ha sido complicada, porque le quitaron parte de su pulm\u00f3n cuando era ni\u00f1o despu\u00e9s de una infecci\u00f3n pulmonar.  <\/p>\n<p>Una radiograf\u00eda de t\u00f3rax confirm\u00f3 el martes mejoras observadas por el personal m\u00e9dico en los d\u00edas anteriores, pero su situaci\u00f3n sigue siendo \u00abcompleja\u00bb, lo que significa que tendr\u00e1 que pasar m\u00e1s tiempo en el hospital. <\/p>\n<div class=\"image-ct inline\">\n<div class=\"m\"><picture><source media=\"(max-width: 767px)\" srcset=\"https:\/\/a57.foxnews.com\/static.foxnews.com\/foxnews.com\/content\/uploads\/2025\/03\/343\/192\/pope-francis-memorial.jpg?ve=1&amp;tl=1, https:\/\/a57.foxnews.com\/static.foxnews.com\/foxnews.com\/content\/uploads\/2025\/03\/686\/384\/pope-francis-memorial.jpg?ve=1&amp;tl=1 2x\" height=\"192\" width=\"343\"><source media=\"(min-width: 768px) and (max-width: 1023px)\" srcset=\"https:\/\/a57.foxnews.com\/static.foxnews.com\/foxnews.com\/content\/uploads\/2025\/03\/672\/378\/pope-francis-memorial.jpg?ve=1&amp;tl=1, https:\/\/a57.foxnews.com\/static.foxnews.com\/foxnews.com\/content\/uploads\/2025\/03\/1344\/756\/pope-francis-memorial.jpg?ve=1&amp;tl=1 2x\" height=\"378\" width=\"672\"><source media=\"(min-width: 1024px) and (max-width: 1279px)\" srcset=\"https:\/\/a57.foxnews.com\/static.foxnews.com\/foxnews.com\/content\/uploads\/2025\/03\/931\/523\/pope-francis-memorial.jpg?ve=1&amp;tl=1, https:\/\/a57.foxnews.com\/static.foxnews.com\/foxnews.com\/content\/uploads\/2025\/03\/1862\/1046\/pope-francis-memorial.jpg?ve=1&amp;tl=1 2x\" height=\"523\" width=\"931\"><source media=\"(min-width: 1280px)\" srcset=\"https:\/\/a57.foxnews.com\/static.foxnews.com\/foxnews.com\/content\/uploads\/2025\/03\/720\/405\/pope-francis-memorial.jpg?ve=1&amp;tl=1, https:\/\/a57.foxnews.com\/static.foxnews.com\/foxnews.com\/content\/uploads\/2025\/03\/1440\/810\/pope-francis-memorial.jpg?ve=1&amp;tl=1 2x\" height=\"405\" width=\"720\"><img loading=\"lazy\" decoding=\"async\" src=\"https:\/\/a57.foxnews.com\/static.foxnews.com\/foxnews.com\/content\/uploads\/2025\/03\/1200\/675\/pope-francis-memorial.jpg?ve=1&amp;tl=1\" alt=\"Mensajes que quedan para el Papa Francisco\" width=\"1200\" height=\"675\"\/><\/source><\/source><\/source><\/source><\/picture><\/div>\n<div class=\"info\">\n<div class=\"caption\">\n<p><span>Un mensaje para el Papa Francisco frente al Agostino Gemelli Polyclinic en Roma el s\u00e1bado. <\/span> <span>(AP Photo\/Andrew Medichini)<\/span><\/p>\n<\/div>\n<\/div>\n<\/div>\n<p>Una radiograf\u00eda esta semana confirm\u00f3 que su infecci\u00f3n se estaba limpiando. <\/p>\n<p>El Vaticano dijo que la condici\u00f3n del Papa ha mejorado hasta el punto en que las actualizaciones solo se dar\u00e1n cuando haya nueva informaci\u00f3n. <\/p>\n<p>La pr\u00f3xima actualizaci\u00f3n ser\u00e1 a mediados de la pr\u00f3xima semana, dijo el Vaticano. <\/p>\n<p>El Papa lanz\u00f3 un mensaje de audio a principios de este mes, agradeciendo a las personas por sus buenos deseos, que se reproduc\u00eda en St. Peter&#8217;s Square. <\/p>\n<p>Pero durante los \u00faltimos cuatro domingos, la bendici\u00f3n que da el Papa de una ventana con vistas a la Plaza de San Pedro se ha entregado solo en forma de texto. <\/p>\n<div class=\"image-ct inline\">\n<div class=\"m\"><picture><source media=\"(max-width: 767px)\" srcset=\"https:\/\/a57.foxnews.com\/static.foxnews.com\/foxnews.com\/content\/uploads\/2025\/03\/343\/192\/pope-in-chair.jpg?ve=1&amp;tl=1, https:\/\/a57.foxnews.com\/static.foxnews.com\/foxnews.com\/content\/uploads\/2025\/03\/686\/384\/pope-in-chair.jpg?ve=1&amp;tl=1 2x\" height=\"192\" width=\"343\"><source media=\"(min-width: 768px) and (max-width: 1023px)\" srcset=\"https:\/\/a57.foxnews.com\/static.foxnews.com\/foxnews.com\/content\/uploads\/2025\/03\/672\/378\/pope-in-chair.jpg?ve=1&amp;tl=1, https:\/\/a57.foxnews.com\/static.foxnews.com\/foxnews.com\/content\/uploads\/2025\/03\/1344\/756\/pope-in-chair.jpg?ve=1&amp;tl=1 2x\" height=\"378\" width=\"672\"><source media=\"(min-width: 1024px) and (max-width: 1279px)\" srcset=\"https:\/\/a57.foxnews.com\/static.foxnews.com\/foxnews.com\/content\/uploads\/2025\/03\/931\/523\/pope-in-chair.jpg?ve=1&amp;tl=1, https:\/\/a57.foxnews.com\/static.foxnews.com\/foxnews.com\/content\/uploads\/2025\/03\/1862\/1046\/pope-in-chair.jpg?ve=1&amp;tl=1 2x\" height=\"523\" width=\"931\"><source media=\"(min-width: 1280px)\" srcset=\"https:\/\/a57.foxnews.com\/static.foxnews.com\/foxnews.com\/content\/uploads\/2025\/03\/720\/405\/pope-in-chair.jpg?ve=1&amp;tl=1, https:\/\/a57.foxnews.com\/static.foxnews.com\/foxnews.com\/content\/uploads\/2025\/03\/1440\/810\/pope-in-chair.jpg?ve=1&amp;tl=1 2x\" height=\"405\" width=\"720\"><img loading=\"lazy\" decoding=\"async\" src=\"https:\/\/a57.foxnews.com\/static.foxnews.com\/foxnews.com\/content\/uploads\/2025\/03\/1200\/675\/pope-in-chair.jpg?ve=1&amp;tl=1\" alt=\"Papa sentado en una silla\" width=\"1200\" height=\"675\"\/><\/source><\/source><\/source><\/source><\/picture><\/div>\n<div class=\"info\">\n<div class=\"caption\">\n<p><span>El Papa Francisco asisti\u00f3 a la audiencia general semanal el 12 de febrero, poco antes de ser ingresado en el hospital. <\/span> <span>(Filippo Monteforte\/AFP a trav\u00e9s de Getty Images)<\/span><\/p>\n<\/div>\n<\/div>\n<\/div>\n<p>El pont\u00edfice particip\u00f3 en ejercicios espirituales de Cuaresma del hospital esta semana y recibi\u00f3 tarjetas de get-well y un pastel para celebrar su 12 aniversario como Papa. <\/p>\n<p>Mientras tanto, mientras el Papa contin\u00faa sus tratamientos, las monjas que trabajan en la centralita del Vaticano est\u00e1n recibiendo llamadas de los interesados \u200b\u200bsobre su salud. <\/p>\n<p><strong>Haga clic aqu\u00ed para obtener la aplicaci\u00f3n Fox News<\/strong><\/p>\n<p>\u00abSe sienten como ni\u00f1os que esperan saber sobre su padre\u00bb, dijo a Associated Press la hermana Anthony, quien dirige la operaci\u00f3n en una oficina cerca de la Bas\u00edlica de San Pedro. \u00abLes decimos que rezen por \u00e9l\u00bb.<\/p>\n<p><i>Elizabeth Pritchett y The Associated Press de Fox News contribuyeron a este informe.<\/i><\/p>\n<p> <!----> <\/div>\n\n","protected":false},"excerpt":{"rendered":"<p>El Papa Francisco permanece estable mientras contin\u00faa su recuperaci\u00f3n un mes despu\u00e9s de ser hospitalizado por un episodio de bronquitis que se convirti\u00f3 en neumon\u00eda. \u00abLas condiciones cl\u00ednicas del Santo Padre se han mantenido estables, confirmando el progreso destacado en la \u00faltima semana\u00bb, dijo un bolet\u00edn m\u00e9dico de la Oficina de Prensa de Santa Sede &hellip;<\/p>\n","protected":false},"author":1,"featured_media":18761,"comment_status":"open","ping_status":"open","sticky":false,"template":"","format":"standard","meta":{"fifu_image_url":"https:\/\/static.foxnews.com\/foxnews.com\/content\/uploads\/2025\/03\/26a4074d-pope-francis.jpg","fifu_image_alt":"","footnotes":""},"categories":[13],"tags":[],"class_list":["post-18759","post","type-post","status-publish","format-standard","has-post-thumbnail","","category-mundo"],"_links":{"self":[{"href":"https:\/\/noticiasveraces.com\/index.php?rest_route=\/wp\/v2\/posts\/18759","targetHints":{"allow":["GET"]}}],"collection":[{"href":"https:\/\/noticiasveraces.com\/index.php?rest_route=\/wp\/v2\/posts"}],"about":[{"href":"https:\/\/noticiasveraces.com\/index.php?rest_route=\/wp\/v2\/types\/post"}],"author":[{"embeddable":true,"href":"https:\/\/noticiasveraces.com\/index.php?rest_route=\/wp\/v2\/users\/1"}],"replies":[{"embeddable":true,"href":"https:\/\/noticiasveraces.com\/index.php?rest_route=%2Fwp%2Fv2%2Fcomments&post=18759"}],"version-history":[{"count":0,"href":"https:\/\/noticiasveraces.com\/index.php?rest_route=\/wp\/v2\/posts\/18759\/revisions"}],"wp:featuredmedia":[{"embeddable":true,"href":"https:\/\/noticiasveraces.com\/index.php?rest_route=\/wp\/v2\/media\/18761"}],"wp:attachment":[{"href":"https:\/\/noticiasveraces.com\/index.php?rest_route=%2Fwp%2Fv2%2Fmedia&parent=18759"}],"wp:term":[{"taxonomy":"category","embeddable":true,"href":"https:\/\/noticiasveraces.com\/index.php?rest_route=%2Fwp%2Fv2%2Fcategories&post=18759"},{"taxonomy":"post_tag","embeddable":true,"href":"https:\/\/noticiasveraces.com\/index.php?rest_route=%2Fwp%2Fv2%2Ftags&post=18759"}],"curies":[{"name":"wp","href":"https:\/\/api.w.org\/{rel}","templated":true}]}}