{"id":18756,"date":"2025-03-15T16:43:52","date_gmt":"2025-03-15T20:43:52","guid":{"rendered":"https:\/\/noticiasveraces.com\/?p=18756"},"modified":"2025-03-15T16:43:52","modified_gmt":"2025-03-15T20:43:52","slug":"cuba-todavia-en-gran-parte-sin-poder-despues-del-colapso-de-la-red-en-todo-el-pais","status":"publish","type":"post","link":"https:\/\/noticiasveraces.com\/?p=18756","title":{"rendered":"Cuba todav\u00eda en gran parte sin poder despu\u00e9s del colapso de la red en todo el pa\u00eds"},"content":{"rendered":"<p> \n<\/p>\n<div>\n<p class=\"speakable\">Cuba permaneci\u00f3 en gran medida sin energ\u00eda el s\u00e1bado por la ma\u00f1ana, despu\u00e9s de que la red de la naci\u00f3n de la isla se derrumb\u00f3 la noche anterior, eliminando la electricidad para 10 millones de personas y planteando nuevas preguntas sobre la viabilidad de su anticuado sistema generador.<\/p>\n<p class=\"speakable\">En Sunrise, el operador de la red de la isla, Une, dijo que estaba generando solo un goteo de electricidad: alrededor de 225 MW, o menos del 10% de la demanda total, suficiente para cubrir algunos servicios vitales como hospitales, suministro de agua y centros de producci\u00f3n de alimentos.<\/p>\n<p><strong>Cuba que trabaja para restablecer el servicio el\u00e9ctrico despu\u00e9s del colapso de la segunda cuadr\u00edcula<\/strong><\/p>\n<p>Las autoridades dijeron que hab\u00edan comenzado el proceso de activar las plantas de generaci\u00f3n de d\u00e9cadas del pa\u00eds, pero que no dieron un cronograma para restaurar el servicio.<\/p>\n<p>La cuadr\u00edcula de Cuba fall\u00f3 el viernes por la noche alrededor de las 8:15 p.m. (0015 GMT) despu\u00e9s de un componente de envejecimiento de una l\u00ednea de transmisi\u00f3n en una subestaci\u00f3n en La Habana en corto, comenzando una reacci\u00f3n en cadena que cerr\u00f3 por completo la generaci\u00f3n de energ\u00eda en la isla, dijeron funcionarios de la UNE.<\/p>\n<div class=\"image-ct inline\">\n<div class=\"m\"><picture><source media=\"(max-width: 767px)\" srcset=\"https:\/\/a57.foxnews.com\/static.foxnews.com\/foxnews.com\/content\/uploads\/2025\/03\/343\/192\/cuba-blackout.jpg?ve=1&amp;tl=1, https:\/\/a57.foxnews.com\/static.foxnews.com\/foxnews.com\/content\/uploads\/2025\/03\/686\/384\/cuba-blackout.jpg?ve=1&amp;tl=1 2x\" height=\"192\" width=\"343\"><source media=\"(min-width: 768px) and (max-width: 1023px)\" srcset=\"https:\/\/a57.foxnews.com\/static.foxnews.com\/foxnews.com\/content\/uploads\/2025\/03\/672\/378\/cuba-blackout.jpg?ve=1&amp;tl=1, https:\/\/a57.foxnews.com\/static.foxnews.com\/foxnews.com\/content\/uploads\/2025\/03\/1344\/756\/cuba-blackout.jpg?ve=1&amp;tl=1 2x\" height=\"378\" width=\"672\"><source media=\"(min-width: 1024px) and (max-width: 1279px)\" srcset=\"https:\/\/a57.foxnews.com\/static.foxnews.com\/foxnews.com\/content\/uploads\/2025\/03\/931\/523\/cuba-blackout.jpg?ve=1&amp;tl=1, https:\/\/a57.foxnews.com\/static.foxnews.com\/foxnews.com\/content\/uploads\/2025\/03\/1862\/1046\/cuba-blackout.jpg?ve=1&amp;tl=1 2x\" height=\"523\" width=\"931\"><source media=\"(min-width: 1280px)\" srcset=\"https:\/\/a57.foxnews.com\/static.foxnews.com\/foxnews.com\/content\/uploads\/2025\/03\/720\/405\/cuba-blackout.jpg?ve=1&amp;tl=1, https:\/\/a57.foxnews.com\/static.foxnews.com\/foxnews.com\/content\/uploads\/2025\/03\/1440\/810\/cuba-blackout.jpg?ve=1&amp;tl=1 2x\" height=\"405\" width=\"720\"><img loading=\"lazy\" decoding=\"async\" src=\"https:\/\/a57.foxnews.com\/static.foxnews.com\/foxnews.com\/content\/uploads\/2025\/03\/1200\/675\/cuba-blackout.jpg?ve=1&amp;tl=1\" alt=\"La red el\u00e9ctrica de Cuba colapsa, millones sin energ\u00eda\" width=\"1200\" height=\"675\"\/><\/source><\/source><\/source><\/source><\/picture><\/div>\n<div class=\"info\">\n<div class=\"caption\">\n<p><span>La gente camina por la calle durante un colapso de la red el\u00e9ctrica nacional, en La Habana, Cuba, el 14 de marzo de 2025. <\/span> <span>(Reuters\/Norlys P\u00e9rez)<\/span><\/p>\n<\/div>\n<\/div>\n<\/div>\n<p>El colapso de la cuadr\u00edcula sigue una serie de apagones a nivel nacional a fines del a\u00f1o pasado que hundi\u00f3 el sistema de generaci\u00f3n de energ\u00eda de Cuba en un desorden casi total, estresado por la escasez de combustible, el desastre natural y la crisis econ\u00f3mica.<\/p>\n<p>La mayor\u00eda de los cubanos fuera de la capital del pa\u00eds de La Habana ya han estado viviendo durante meses con apagones que alcanzaron su punto m\u00e1ximo a las 20 horas al d\u00eda en las \u00faltimas semanas.<\/p>\n<p>La Habana todav\u00eda estaba en gran parte sin electricidad el s\u00e1bado por la ma\u00f1ana. El tr\u00e1fico ligero naveg\u00f3 en intersecciones sin sem\u00e1foros en funcionamiento e Internet celular era d\u00e9bil o inexistente en algunas \u00e1reas.<\/p>\n<p>Abel Bonne convers\u00f3 con amigos en el Boulevard de Malecon Waterfront de La Habana la madrugada del s\u00e1bado, tomando la brisa fresca del mar despu\u00e9s de una noche cargada sin energ\u00eda.<\/p>\n<p>\u00abEn este momento, nadie sabe cu\u00e1ndo volver\u00e1 el poder\u00bb, dijo. \u00abEsta es la primera vez que esto sucedi\u00f3 este a\u00f1o, pero el a\u00f1o pasado sucedi\u00f3 tres veces\u00bb.<\/p>\n<p>La grave escasez de alimentos, medicina y agua ha hecho que la vida sea cada vez m\u00e1s insoportable para muchos cubanos, y las personas han estado huyendo de la isla en los \u00faltimos a\u00f1os en n\u00fameros r\u00e9cord.<\/p>\n<p>Cuba culpa a sus problemas econ\u00f3micos de un embargo comercial de la era de la Guerra Fr\u00eda, una red de leyes y regulaciones que complican las transacciones financieras y la adquisici\u00f3n de elementos esenciales como combustible y repuestos.<\/p>\n<p>Un funcionario de la cuadr\u00edcula el s\u00e1bado por la ma\u00f1ana dijo que Cuba no hab\u00eda podido actualizar los componentes de transmisi\u00f3n y generaci\u00f3n anticuados debido a las restricciones.<\/p>\n<p>El presidente de los Estados Unidos, Donald Trump, retorci\u00f3 las sanciones al gobierno comunista de la isla, prometiendo restaurar una pol\u00edtica \u00abdura\u00bb hacia el enemigo estadounidense de mucho tiempo.<\/p>\n<p><strong><u>Haga clic aqu\u00ed para obtener la aplicaci\u00f3n Fox News<\/u><\/strong><\/p>\n<p>El residente de La Habana, Yunior Reyes, un taxista para bicicletas, regres\u00f3 al trabajo el s\u00e1bado por la ma\u00f1ana a pesar del apag\u00f3n, preocupado de que sus reservas de alimentos pudieran estropear en el calor del d\u00eda.<\/p>\n<p>\u00abTodos estamos en la misma situaci\u00f3n\u00bb, dijo. \u00abEs mucho trabajo\u00bb.<\/p>\n<p> <!----> <!----><\/div>\n\n","protected":false},"excerpt":{"rendered":"<p>Cuba permaneci\u00f3 en gran medida sin energ\u00eda el s\u00e1bado por la ma\u00f1ana, despu\u00e9s de que la red de la naci\u00f3n de la isla se derrumb\u00f3 la noche anterior, eliminando la electricidad para 10 millones de personas y planteando nuevas preguntas sobre la viabilidad de su anticuado sistema generador. En Sunrise, el operador de la red &hellip;<\/p>\n","protected":false},"author":1,"featured_media":18758,"comment_status":"open","ping_status":"open","sticky":false,"template":"","format":"standard","meta":{"fifu_image_url":"https:\/\/static.foxnews.com\/foxnews.com\/content\/uploads\/2025\/03\/cuba-blackout.jpg","fifu_image_alt":"","footnotes":""},"categories":[13],"tags":[],"class_list":["post-18756","post","type-post","status-publish","format-standard","has-post-thumbnail","","category-mundo"],"_links":{"self":[{"href":"https:\/\/noticiasveraces.com\/index.php?rest_route=\/wp\/v2\/posts\/18756","targetHints":{"allow":["GET"]}}],"collection":[{"href":"https:\/\/noticiasveraces.com\/index.php?rest_route=\/wp\/v2\/posts"}],"about":[{"href":"https:\/\/noticiasveraces.com\/index.php?rest_route=\/wp\/v2\/types\/post"}],"author":[{"embeddable":true,"href":"https:\/\/noticiasveraces.com\/index.php?rest_route=\/wp\/v2\/users\/1"}],"replies":[{"embeddable":true,"href":"https:\/\/noticiasveraces.com\/index.php?rest_route=%2Fwp%2Fv2%2Fcomments&post=18756"}],"version-history":[{"count":0,"href":"https:\/\/noticiasveraces.com\/index.php?rest_route=\/wp\/v2\/posts\/18756\/revisions"}],"wp:featuredmedia":[{"embeddable":true,"href":"https:\/\/noticiasveraces.com\/index.php?rest_route=\/wp\/v2\/media\/18758"}],"wp:attachment":[{"href":"https:\/\/noticiasveraces.com\/index.php?rest_route=%2Fwp%2Fv2%2Fmedia&parent=18756"}],"wp:term":[{"taxonomy":"category","embeddable":true,"href":"https:\/\/noticiasveraces.com\/index.php?rest_route=%2Fwp%2Fv2%2Fcategories&post=18756"},{"taxonomy":"post_tag","embeddable":true,"href":"https:\/\/noticiasveraces.com\/index.php?rest_route=%2Fwp%2Fv2%2Ftags&post=18756"}],"curies":[{"name":"wp","href":"https:\/\/api.w.org\/{rel}","templated":true}]}}