{"id":18729,"date":"2025-03-15T13:45:13","date_gmt":"2025-03-15T17:45:13","guid":{"rendered":"https:\/\/noticiasveraces.com\/?p=18729"},"modified":"2025-03-15T13:45:13","modified_gmt":"2025-03-15T17:45:13","slug":"la-inteligencia-avanza-artificial-desigual-en-latinoamerica-buscan-llevarla-al-sector-productivo","status":"publish","type":"post","link":"https:\/\/noticiasveraces.com\/?p=18729","title":{"rendered":"La Inteligencia Avanza artificial Desigual en Latinoam\u00e9rica, Buscan Llevarla Al Sector Productivo"},"content":{"rendered":"<p> \n<br \/><img decoding=\"async\" src=\"https:\/\/gdb.voanews.com\/279d60bf-0dc3-40a2-3599-08dd5c897904_cx15_cy9_cw71_w800_h450.jpg\" \/><\/p>\n<div>\n<span class=\"dateline\">Washington &#8211; <\/span><\/p>\n<p>El <em><strong>Uso de Inteligencia Artificial<\/strong><\/em>M\u00e1s All\u00e1 de las Comunicaciones, es un Reto por delante para Toda am\u00e9rica latina, donde los avances van a paso lento, sin marcos normacros, poca infraestructura y d\u00e9bil impulso en la creoci\u00f3n de recurso humano paragestionarlo.<\/p>\n<p>La directora del programa de ciencia e innovaci\u00f3n del centro de Woodrow Wilson, en Washington, Kellee Wicker, Dijo al Abrir Un foro en la Universidad Cat\u00f3lica de Uruguay (UCU) QUE URSE \u00abCERRAR BRECHAS ENTRE LOS GENERADORES DE NUEVAS TECNOTOLOAS Y LOS FORMULADORES DE POL\u00cdSTICAS\u00bb, PUES ELANDORES ELANDORES DE NUEVAS TECNOLOTOLAS Y LOS FORMULADORES DE POL\u00cdTICAS \u00ab, PUES ELANDORES ELANDORES DE NUEVAS TECNOLOM \u00abRetRaso\u00bb en la alcalde parte de Pa\u00edses de la Regi\u00f3n para <em><strong>Encaminarse por Estas Sendas Tecnol\u00f3gicas.<\/strong><\/em><\/p>\n<p>Unos Cuantos Pa\u00edses de la Regi\u00f3n Como Uruguay, Chile y Brasil Encabezan Las Mejores Mediciones de Adaptabilidad A la InteLigencia Artificial.<\/p>\n<p>El Decano de Posgrados de la Ucu, Juan Bogliaccini, Opina Que en la Regi\u00f3n se presenta \u00abMuchos desaf\u00edos Asociados a la Inteligencia Artificial\u00bb, Pero que los Pa\u00edses no Pueden Dilatar la disco porque no seudar que se\u00f1ir que \u00abHay muchas oportunidades\u00bb.<\/p>\n<p>SOBRE TODO, URSE COMENZAR UNA TRANSICO ORDENADA DE \u00abDATOS ESTRAT\u00c9GICOS\u00bb, UNA CARRERA DONDE EL PA\u00cd SUDAMERICANO HA SORTAEADO BUENA PARTE DEL CAMINO LO LO HA LLEVADO A UBICARSE COMO PITERO EN DESARROLO DE TECNOLO, Peros aDav\u00eda Lejos de los elementos.<\/p>\n<h3 class=\"wsw__h3\">Con Miras al sector productivo<\/h3>\n<p>Incluir la Inteligencia Artificial en el sector productivo en un pa\u00eds como uruguay representa dolles desafinos, SOBRE TODO ES Sectores Tradicionales Explic\u00f3 Carmen Porteiro, Presidente de la Uni\u00f3n de Exportadores DeliMos 10, Que El Crecimiento PromeDIO de Las de las Exportaciones de la Exportaci\u00f3n. Sido del 2,7 %, Donde Han Notado que el Sector Sectors que incl\u00faye las industrias tecnol\u00f3gicas ha tenido un mejor crecimiento con el 4,5 %.<\/p>\n<p>Porteiro Opin\u00f3 que \u00abCadada proceso Podr\u00eda ser mejorado con Inteligencia artificial\u00bb, y enfatiz\u00f3 Que sectores Tradicionales como en la agricultura, Las Tecnolog\u00edas M\u00e1s Tradicionarses se Han \u00eddo implement Plantea como \u00abalgo m\u00e1s complejo\u00bb.<\/p>\n<p>\u201cEntre los desafinos para el sector exportador, lo primero es capacitacia y conocimiento, Estamos trabajando en este 2025 para empezar a sensibilizar sobre las herramientas que est\u00e1n en el mercado, Hay douso que est\u00e1 pastidos Laboratorios Tecnol\u00f3gicos, Creemos que acercares con clave de conocimiento \u00ab, Opin\u00f3 porteiro que considere vital para la industria sumarse a Esos Avances.<\/p>\n<h3 class=\"wsw__h3\">La falta de regulacia<\/h3>\n<p>Desde El Gigante Tecnol\u00f3gico Google, Tamara Colodenco, Gerente de Pol\u00edticas P\u00fablicas para el Cono Sur, Dijo que el Mayor Rezago Est\u00e1 en La Falta de Infraestructuras para Centros de Datos, Pasando Por Hasta la Falta de Aceso a la Nube.<\/p>\n<p>Colodenco Agreg\u00f3 que tampoco se puede pasar de lado el tema de la <em><strong>regulacia para las tecnolog\u00eda<\/strong><\/em> <em><strong>de Inteligencia artificia<\/strong><\/em><em><strong>l<\/strong><\/em>  Generaci\u00f3n. \u201cVengo Escuchando el Tema de las Regulaciones en la regi\u00f3n y Creo que Estamos en un Momento \u00danico para Pensar La Regulaci\u00f3n Sobre TODO EN LATINOAM\u00c9RICA, porque los \u00daltimos Cinco o 10 A\u00f1os Fueron de ActiviDad Regulatoria Muy intensa en Algunas, SOBRE, SOBRE TOBRE TOBRE TOBRE TOBRE TOBRE. Europa \u201d, Opin\u00f3.<\/p>\n<p>Pero que esas Mismas Han Llevado un momento de reflexi\u00f3n global, con lo que regi\u00f3n Atr\u00e1s fue un beneficio para latinoam\u00e9rica \u201d, Porque ha dejado un espacio para tomar decisiones con m\u00e1s conocimiento, agreg\u00f3 colodenco.<\/p>\n<p>Bajo Esa L\u00ednea, Ra\u00fal Echeverr\u00eda, Director de la Asoci\u00f3n Latinoamericana de Empresas de Internet, Dijo Que en Este Momento la Velocidad Con la que corren las Tecn\u00f3logos Pol\u00edic\u00edas de Inteligencia Artificial Esas Mayor Qe El Tiempo Quer Generar\u00e1 Sin Duda Retrasos.<\/p>\n<p>\u00abHay Proyectos de Ley de Inteligencia Artificial en Brasil, El M\u00e1s Avanzado y Otro en Chile\u00bb, El del Congreso Chileno, a\u00fan no salido de la c\u00e1mara de DiPutados<\/p>\n<h3 class=\"wsw__h3\">Pa\u00edses de la Regi\u00f3n a la Vanguardia<\/h3>\n<p>Uruguay, Chile y Brasil Encabezan Los Avances en Uso de Inteligencia Latinoam\u00e9rica <em><strong>Seg\u00fan un Estudio <\/strong><\/em>de la comisi\u00f3n Econ\u00f3mica para am\u00e9rica latina y el caribe (cepal), que durante dos a\u00f1os ha medido la penetraci\u00f3n de este tecnolog\u00eda en 19 pa\u00edses de la regi\u00f3n.<\/p>\n<p>Chile Encabeza El \u00cdndice Seguido de Sus Vecinos, Pero el Organismo Regional Considera que a\u00dan Est\u00e1n Lejos de Los Avances Logrados en Estados Unidos y Europa.<\/p>\n<p>En el Caso Chileno, El Centro Nacional de Inteligencia Artificial (Cenia) Con Apoyo de la Cepal y la Uni\u00f3n Europea Hace Desde 2023 Un SeguiMiento al Uso de la ia en Diferentes \u00c1mbitos incluyendo las inclinaciones al sector privado y las universidadas.<\/p>\n<p>El Seguimiento A Los Pa\u00edses para Medir El Avance en Investigaci\u00f3n, Innovaci\u00f3n y Adopci\u00f3n de la Inteligencia Tambi\u00e9n Mide Su Aplicaci\u00f3n Para El Desarrollo de Infraestructura, Acoplamiento de Datos y El Fomento Talento Humano Para Desarrollarla.<\/p>\n<p>Chile Mantiene un Punteje de 73,07 en una escala de MediciON de 100; Brasil Le Sigue Con 69,3 y Uruguay se Posiciona en 64,98 Puntos del Ranking.<\/p>\n<p>OTROS PA\u00cdSES COMO M\u00e9xico presente un buen desempe\u00f1o en investigaci\u00f3n, desarrollo y adopci\u00f3n de ia, pero tienen limitantes de gobernanza; OTROS como per\u00fa y rep\u00fablica dominicana tienen mejor gesti\u00f3n, pero falta innovaci\u00f3n.<\/p>\n<p>La <em><strong>Investigaci\u00f3n de Cepal<\/strong><\/em>  Destac\u00f3 que en Estos Tres Pa\u00edses \u00abSe Destacan Sussfuerzos en Cear Infraestructura Tecnol\u00f3gica, Desarrollar Talento Especializado,\u00bb Productividad Cient\u00edfica y Capacidad de Innovaci\u00f3n \u00ab.<\/p>\n<p>Por su parte El Cenia consider\u00f3 que los Tres Pa\u00edses a la Vanguardia en Am\u00e9rica Latina \u201cNo hay solo Han Avanzado en la Implementaci\u00f3n de Tecnolog\u00edas Basadas en la ia, Sino Tambi\u00e9n Est\u00e1n Orientando SUS Estrategias Nacionalses Hacia la Consolidaci\u00f3n y Expansi\u00f3n de Expansi\u00f3n de Expansi\u00f3n de ESTOLOMA TODOLOG\u00cdA TODOLOT Sectores de Su Econom\u00eda y Sociedad \u00ab.<\/p>\n<p>El Secretario Ejecutivo de la Cepal, Javier Medina, Consider\u00f3 que la Inteligencia Puede Artificial Contribuir de Manera Significativa A Mejorar Los Procesos Administrativos de Toma de Decises de los Gobiernos de la Regi\u00f3n, por lo que Insta a Adopttar Tha tecnolog\u00ed.<\/p>\n<p>\u201cLa Nueva revoluci\u00f3n tecnol\u00f3gica, Marcada por la Inteligencia Artificial, Tiene el Potencial de Transformarse en Un Motor Clave para Superar Las Trampas del Desarrollo en la Que Est\u00e1 Sumida Am\u00e9rica Latina y El Caribe. La ia puede impulsar la innovaci\u00f3n y abordar desaf\u00edos Clave en salud, educaci\u00f3n y medioambiente \u201d, dijo al presentar los resultantes a finales de 2024.<\/p>\n<p>Los Expertos Creen que Tambi\u00e9n la Inteligencia Artificial Puede contribuya un \u00abProfundizar Las Brechas Socioecon\u00f3micas Preexistentes\u00bb Sino se Act\u00faa A Tiempo, Sobre todo en \u00e1mbitas como la material de la materia, Educaci\u00f3n, Capacitica y Regulal y Regulaciones.<\/p>\n<p>La Experta de la Divisi\u00f3n de Educaci\u00f3n en el Banco Interamericano de Desarrollo (Bid) Elena Arias, <em><strong>Explic\u00f3 a la Voz de Am\u00e9rica<\/strong><\/em>  Que el el Uso de Inteligencia Artificial en la Educaci\u00f3n se Encuentra en niveles se desprecia en la regi\u00f3n.<\/p>\n<p>Por un lago pa\u00edses como uruguay avanzan en una gran apuesta para incluir esta tecnolog\u00eda Niveles de la Educaci\u00f3n formal.<\/p>\n<p><em><strong>\u00a1Con9Cate Con la Voz de Am\u00e9rica! Suscr\u00edbete un canales de nuestros de <\/strong><\/em><em><strong>YouTube<\/strong><\/em><em><strong>, <\/strong><\/em><em><strong>Whatsapp<\/strong><\/em><em><strong>  Y al <\/strong><\/em><em><strong>hoja informativa<\/strong><\/em><em><strong>. Activa las Notificaciones y s\u00edguenos en <\/strong><\/em><em><strong>Facebook<\/strong><\/em><em><strong>, <\/strong><\/em><a class=\"wsw__a\" href=\"https:\/\/nam10.safelinks.protection.outlook.com\/?url=https%3A%2F%2Ftwitter.com%2FVozdeAmerica&amp;data=05%7C02%7Cwserrano%40voanews.com%7C0b9cfda59f52447b0ed708dc07d64451%7Cba99e87c673541c2b1c1354eee3a8659%7C0%7C0%7C638393864063639904%7CUnknown%7CTWFpbGZsb3d8eyJWIjoiMC4wLjAwMDAiLCJQIjoiV2luMzIiLCJBTiI6Ik1haWwiLCJXVCI6Mn0%3D%7C3000%7C%7C%7C&amp;sdata=unLJDFixL8cjTiSip1dC8ViP8otjrQyzq1ziP2g1PMo%3D&amp;reserved=0\"><em><strong>inc\u00f3gnita<\/strong><\/em><\/a><em><strong>  mi <\/strong><\/em><em><strong>Instagram<\/strong><\/em><em><strong>.<\/strong><\/em><\/p>\n<\/div>\n<p><script async src=\"https:\/\/platform.twitter.com\/widgets.js\" charset=\"utf-8\"><\/script><script async src=\"\/\/www.instagram.com\/embed.js\"><\/script><br \/>\n<br \/>\n","protected":false},"excerpt":{"rendered":"<p>Washington &#8211; El Uso de Inteligencia ArtificialM\u00e1s All\u00e1 de las Comunicaciones, es un Reto por delante para Toda am\u00e9rica latina, donde los avances van a paso lento, sin marcos normacros, poca infraestructura y d\u00e9bil impulso en la creoci\u00f3n de recurso humano paragestionarlo. La directora del programa de ciencia e innovaci\u00f3n del centro de Woodrow Wilson, &hellip;<\/p>\n","protected":false},"author":1,"featured_media":18731,"comment_status":"open","ping_status":"open","sticky":false,"template":"","format":"standard","meta":{"fifu_image_url":"https:\/\/gdb.voanews.com\/279d60bf-0dc3-40a2-3599-08dd5c897904_cx15_cy9_cw71_w800_h450.jpg","fifu_image_alt":"","footnotes":""},"categories":[8],"tags":[],"class_list":["post-18729","post","type-post","status-publish","format-standard","has-post-thumbnail","","category-salud"],"_links":{"self":[{"href":"https:\/\/noticiasveraces.com\/index.php?rest_route=\/wp\/v2\/posts\/18729","targetHints":{"allow":["GET"]}}],"collection":[{"href":"https:\/\/noticiasveraces.com\/index.php?rest_route=\/wp\/v2\/posts"}],"about":[{"href":"https:\/\/noticiasveraces.com\/index.php?rest_route=\/wp\/v2\/types\/post"}],"author":[{"embeddable":true,"href":"https:\/\/noticiasveraces.com\/index.php?rest_route=\/wp\/v2\/users\/1"}],"replies":[{"embeddable":true,"href":"https:\/\/noticiasveraces.com\/index.php?rest_route=%2Fwp%2Fv2%2Fcomments&post=18729"}],"version-history":[{"count":0,"href":"https:\/\/noticiasveraces.com\/index.php?rest_route=\/wp\/v2\/posts\/18729\/revisions"}],"wp:featuredmedia":[{"embeddable":true,"href":"https:\/\/noticiasveraces.com\/index.php?rest_route=\/wp\/v2\/media\/18731"}],"wp:attachment":[{"href":"https:\/\/noticiasveraces.com\/index.php?rest_route=%2Fwp%2Fv2%2Fmedia&parent=18729"}],"wp:term":[{"taxonomy":"category","embeddable":true,"href":"https:\/\/noticiasveraces.com\/index.php?rest_route=%2Fwp%2Fv2%2Fcategories&post=18729"},{"taxonomy":"post_tag","embeddable":true,"href":"https:\/\/noticiasveraces.com\/index.php?rest_route=%2Fwp%2Fv2%2Ftags&post=18729"}],"curies":[{"name":"wp","href":"https:\/\/api.w.org\/{rel}","templated":true}]}}