{"id":18713,"date":"2025-03-15T10:35:16","date_gmt":"2025-03-15T14:35:16","guid":{"rendered":"https:\/\/noticiasveraces.com\/?p=18713"},"modified":"2025-03-15T10:35:16","modified_gmt":"2025-03-15T14:35:16","slug":"el-nuevo-primer-ministro-canadiense-mark-carney-acusado-de-estar-fuera-de-contacto-por-los-criticos","status":"publish","type":"post","link":"https:\/\/noticiasveraces.com\/?p=18713","title":{"rendered":"El nuevo primer ministro canadiense Mark Carney acusado de estar fuera de contacto por los cr\u00edticos"},"content":{"rendered":"<p> \n<\/p>\n<div>\n<p class=\"speakable\">El nuevo primer ministro &#8216;globalista&#8217; de Ottawa-Canad\u00e1, Mark Carney, inmediatamente apunt\u00f3 a fuego al presidente Donald Trump al ganar el concurso de liderazgo de su partido la semana pasada. <\/p>\n<p class=\"speakable\">Carney critic\u00f3 al presidente Trump durante su discurso de aceptaci\u00f3n cuando gan\u00f3 el liderazgo liberal el domingo pasado, diciendo que los aranceles de Canad\u00e1 contra Estados Unidos permanecer\u00e1n hasta que los estadounidenses \u00abnos muestren respeto\u00bb y agreg\u00f3 que los canadienses \u00absiempre est\u00e1n listos cuando alguien m\u00e1s deja los guantes\u00bb.<\/p>\n<p>Tambi\u00e9n trat\u00f3 de vincular a Trump con su principal retador. \u00abDonald Trump cree que puede debilitarnos con su plan de dividir y conquistar\u00bb, mientras que \u00abel plan de Pierre Poilievre nos dejar\u00e1 divididos y listos para ser conquistados\u00bb.<\/p>\n<p>\u00abPorque una persona que adora al altar de Donald Trump se arrodillar\u00e1 ante \u00e9l, no se enfrentar\u00e1 a \u00e9l\u00bb. <\/p>\n<p><strong>El nuevo primer ministro canadiense explota la idea del estado 51 de Trump: &#8216;Crazy&#8217;<\/strong><\/p>\n<div class=\"image-ct inline\">\n<div class=\"m\"><picture><source media=\"(max-width: 767px)\" srcset=\"https:\/\/a57.foxnews.com\/static.foxnews.com\/foxnews.com\/content\/uploads\/2025\/01\/343\/192\/mark-carney.jpg?ve=1&amp;tl=1, https:\/\/a57.foxnews.com\/static.foxnews.com\/foxnews.com\/content\/uploads\/2025\/01\/686\/384\/mark-carney.jpg?ve=1&amp;tl=1 2x\" height=\"192\" width=\"343\"><source media=\"(min-width: 768px) and (max-width: 1023px)\" srcset=\"https:\/\/a57.foxnews.com\/static.foxnews.com\/foxnews.com\/content\/uploads\/2025\/01\/672\/378\/mark-carney.jpg?ve=1&amp;tl=1, https:\/\/a57.foxnews.com\/static.foxnews.com\/foxnews.com\/content\/uploads\/2025\/01\/1344\/756\/mark-carney.jpg?ve=1&amp;tl=1 2x\" height=\"378\" width=\"672\"><source media=\"(min-width: 1024px) and (max-width: 1279px)\" srcset=\"https:\/\/a57.foxnews.com\/static.foxnews.com\/foxnews.com\/content\/uploads\/2025\/01\/931\/523\/mark-carney.jpg?ve=1&amp;tl=1, https:\/\/a57.foxnews.com\/static.foxnews.com\/foxnews.com\/content\/uploads\/2025\/01\/1862\/1046\/mark-carney.jpg?ve=1&amp;tl=1 2x\" height=\"523\" width=\"931\"><source media=\"(min-width: 1280px)\" srcset=\"https:\/\/a57.foxnews.com\/static.foxnews.com\/foxnews.com\/content\/uploads\/2025\/01\/720\/405\/mark-carney.jpg?ve=1&amp;tl=1, https:\/\/a57.foxnews.com\/static.foxnews.com\/foxnews.com\/content\/uploads\/2025\/01\/1440\/810\/mark-carney.jpg?ve=1&amp;tl=1 2x\" height=\"405\" width=\"720\"><img loading=\"lazy\" decoding=\"async\" src=\"https:\/\/a57.foxnews.com\/static.foxnews.com\/foxnews.com\/content\/uploads\/2025\/01\/1200\/675\/mark-carney.jpg?ve=1&amp;tl=1\" alt=\"Archivo: Mark Carney, quien se desempe\u00f1\u00f3 como gobernador del Banco de Canad\u00e1 y el Banco de Inglaterra, habla en la Conferencia Sostenible de Finanzas, 28 de noviembre de 2024. \" width=\"1200\" height=\"675\"\/><\/source><\/source><\/source><\/source><\/picture><\/div>\n<div class=\"info\">\n<div class=\"caption\">\n<p><span>Archivo: Mark Carney, quien se desempe\u00f1\u00f3 como gobernador del Banco de Canad\u00e1 y el Banco de Inglaterra, habla en la Conferencia Sostenible de Finanzas, 28 de noviembre de 2024. <\/span> <span>(Adrian Wyld\/The Canadian Press a trav\u00e9s de AP, archivo)<\/span><\/p>\n<\/div>\n<\/div>\n<\/div>\n<p>Despu\u00e9s de haber servido como gobernador de dos bancos centrales, de Canad\u00e1 y el Reino Unido, tambi\u00e9n fue ejecutivo de Goldman Sachs y se desempe\u00f1\u00f3 como enviado especial de las Naciones Unidas para la Acci\u00f3n y Finanzas del Clima. Nunca antes hab\u00eda elegido ning\u00fan cargo, Carney jur\u00f3 el viernes para convertirse en el 24\u00ba Primer Ministro de Canad\u00e1. <\/p>\n<p>Se espera que llame a una elecci\u00f3n esta semana en un intento por mantener a los liberales en el poder, y para \u00e9l, para ganar un asiento en la C\u00e1mara de los Comunes.<\/p>\n<p>Cuenta con los conservadores oficiales de la oposici\u00f3n, en un calor muerto con los liberales con el 37% seg\u00fan una encuesta reciente de Leger, para retratar a Carney como alguien \u00abno conectado con el hombre com\u00fan\u00bb y que ha pasado bastante tiempo fuera de Canad\u00e1, dijo Laura Kurkimaki a Fox News Digital. Kurkimaki se desempe\u00f1\u00f3 como gerente de campa\u00f1a nacional adjunta para el Partido Conservador durante las \u00faltimas elecciones federales en 2021.<\/p>\n<p>\u00abEn los \u00faltimos cinco a\u00f1os, mientras que los canadienses se han alineado en Foodbanks y experimentando un aumento significativo del costo de vida, no ha estado en Canad\u00e1\u00bb, dijo Kurkimaki.<\/p>\n<p>Visto por los detractores como fuera de contacto, Carney, durante un debate de liderazgo reciente, no proporcion\u00f3 una respuesta cuando el moderador pregunt\u00f3 a los candidatos si conoc\u00edan el costo promedio de una semana de comestibles. <\/p>\n<p>En una aparici\u00f3n en el podcast \u00abThe Rest Is Politics\u00bb el mes pasado con Alastair Campbell, el ex secretario de prensa del ex primer ministro brit\u00e1nico, Tony Blair, y el ex ejecutivo de Goldman Sachs Anthony Scaramucci, Carney dijo que su \u00abdebilidad es que la gente me cobrar\u00e1 como elitista o globalista\u00bb.<\/p>\n<p><strong>Mark Carney gana la nominaci\u00f3n del Partido Liberal para reemplazar a Trudeau como el pr\u00f3ximo PM de Canad\u00e1<\/strong><\/p>\n<div class=\"image-ct inline\">\n<div class=\"m\"><picture><source media=\"(max-width: 767px)\" srcset=\"https:\/\/a57.foxnews.com\/static.foxnews.com\/foxnews.com\/content\/uploads\/2025\/03\/343\/192\/mark-carney-un-envoy-scaled.jpg?ve=1&amp;tl=1, https:\/\/a57.foxnews.com\/static.foxnews.com\/foxnews.com\/content\/uploads\/2025\/03\/686\/384\/mark-carney-un-envoy-scaled.jpg?ve=1&amp;tl=1 2x\" height=\"192\" width=\"343\"><source media=\"(min-width: 768px) and (max-width: 1023px)\" srcset=\"https:\/\/a57.foxnews.com\/static.foxnews.com\/foxnews.com\/content\/uploads\/2025\/03\/672\/378\/mark-carney-un-envoy-scaled.jpg?ve=1&amp;tl=1, https:\/\/a57.foxnews.com\/static.foxnews.com\/foxnews.com\/content\/uploads\/2025\/03\/1344\/756\/mark-carney-un-envoy-scaled.jpg?ve=1&amp;tl=1 2x\" height=\"378\" width=\"672\"><source media=\"(min-width: 1024px) and (max-width: 1279px)\" srcset=\"https:\/\/a57.foxnews.com\/static.foxnews.com\/foxnews.com\/content\/uploads\/2025\/03\/931\/523\/mark-carney-un-envoy-scaled.jpg?ve=1&amp;tl=1, https:\/\/a57.foxnews.com\/static.foxnews.com\/foxnews.com\/content\/uploads\/2025\/03\/1862\/1046\/mark-carney-un-envoy-scaled.jpg?ve=1&amp;tl=1 2x\" height=\"523\" width=\"931\"><source media=\"(min-width: 1280px)\" srcset=\"https:\/\/a57.foxnews.com\/static.foxnews.com\/foxnews.com\/content\/uploads\/2025\/03\/720\/405\/mark-carney-un-envoy-scaled.jpg?ve=1&amp;tl=1, https:\/\/a57.foxnews.com\/static.foxnews.com\/foxnews.com\/content\/uploads\/2025\/03\/1440\/810\/mark-carney-un-envoy-scaled.jpg?ve=1&amp;tl=1 2x\" height=\"405\" width=\"720\"><img loading=\"lazy\" decoding=\"async\" src=\"https:\/\/a57.foxnews.com\/static.foxnews.com\/foxnews.com\/content\/uploads\/2025\/03\/1200\/675\/mark-carney-un-envoy-scaled.jpg?ve=1&amp;tl=1\" alt=\"Mark Carney, entonces vicepresidente y jefe de inversi\u00f3n de transici\u00f3n para Brookfield Asset Management Inc., habla durante la acci\u00f3n clim\u00e1tica de las Naciones Unidas: Foro de carrera a cero y resiliencia en Nueva York, EE. UU., El mi\u00e9rcoles 21 de septiembre de 2022. \" width=\"1200\" height=\"675\"\/><\/source><\/source><\/source><\/source><\/picture><\/div>\n<div class=\"info\">\n<div class=\"caption\">\n<p><span>Mark Carney, entonces vicepresidente y jefe de inversi\u00f3n de transici\u00f3n para Brookfield Asset Management Inc., habla durante la acci\u00f3n clim\u00e1tica de las Naciones Unidas: Foro de carrera a cero y resiliencia en Nueva York, EE. UU., El mi\u00e9rcoles 21 de septiembre de 2022. <\/span> <span>(Michael Nagle\/Bloomberg a trav\u00e9s de Getty Images)<\/span><\/p>\n<\/div>\n<\/div>\n<\/div>\n<p>\u00abBueno, eso es exactamente lo que necesitamos\u00bb, dijo, y agreg\u00f3 que tambi\u00e9n es \u00abun pragm\u00e1tico\u00bb y \u00abun l\u00edder en crisis\u00bb.<\/p>\n<p>Cuando Scaramucci le pregunt\u00f3 a Carney c\u00f3mo responder\u00eda a los ataques que est\u00e1 \u00abfuera de contacto con el ciudadano com\u00fan y com\u00fan en Canad\u00e1\u00bb, el nuevo primer ministro dijo que la mayor parte de su vida en Canad\u00e1 \u00abha estado al servicio de los canadienses\u00bb.<\/p>\n<p>El l\u00edder conservador Pierre Poilievre tambi\u00e9n se dirigi\u00f3 a Carney, quien jug\u00f3 hockey en Harvard y Oxford, despu\u00e9s de que fue fotografiado jugando al portero, seg\u00fan los informes, con zapatillas de alta gama.<\/p>\n<div class=\"image-ct inline\">\n<div class=\"m\"><picture><source media=\"(max-width: 767px)\" srcset=\"https:\/\/a57.foxnews.com\/static.foxnews.com\/foxnews.com\/content\/uploads\/2024\/10\/343\/192\/gettyimages-2122774737.jpg?ve=1&amp;tl=1, https:\/\/a57.foxnews.com\/static.foxnews.com\/foxnews.com\/content\/uploads\/2024\/10\/686\/384\/gettyimages-2122774737.jpg?ve=1&amp;tl=1 2x\" height=\"192\" width=\"343\"><source media=\"(min-width: 768px) and (max-width: 1023px)\" srcset=\"https:\/\/a57.foxnews.com\/static.foxnews.com\/foxnews.com\/content\/uploads\/2024\/10\/672\/378\/gettyimages-2122774737.jpg?ve=1&amp;tl=1, https:\/\/a57.foxnews.com\/static.foxnews.com\/foxnews.com\/content\/uploads\/2024\/10\/1344\/756\/gettyimages-2122774737.jpg?ve=1&amp;tl=1 2x\" height=\"378\" width=\"672\"><source media=\"(min-width: 1024px) and (max-width: 1279px)\" srcset=\"https:\/\/a57.foxnews.com\/static.foxnews.com\/foxnews.com\/content\/uploads\/2024\/10\/931\/523\/gettyimages-2122774737.jpg?ve=1&amp;tl=1, https:\/\/a57.foxnews.com\/static.foxnews.com\/foxnews.com\/content\/uploads\/2024\/10\/1862\/1046\/gettyimages-2122774737.jpg?ve=1&amp;tl=1 2x\" height=\"523\" width=\"931\"><source media=\"(min-width: 1280px)\" srcset=\"https:\/\/a57.foxnews.com\/static.foxnews.com\/foxnews.com\/content\/uploads\/2024\/10\/720\/405\/gettyimages-2122774737.jpg?ve=1&amp;tl=1, https:\/\/a57.foxnews.com\/static.foxnews.com\/foxnews.com\/content\/uploads\/2024\/10\/1440\/810\/gettyimages-2122774737.jpg?ve=1&amp;tl=1 2x\" height=\"405\" width=\"720\"><img loading=\"lazy\" decoding=\"async\" src=\"https:\/\/a57.foxnews.com\/static.foxnews.com\/foxnews.com\/content\/uploads\/2024\/10\/1200\/675\/gettyimages-2122774737.jpg?ve=1&amp;tl=1\" alt=\"El l\u00edder del Partido Conservador de Canad\u00e1, Pierre Poilievre, habla durante una rally 'Spike the Hike - Ax the Tax' en Edmonton, el 27 de marzo de 2024, en Edmonton, Alberta, Canad\u00e1. El 1 de abril, los precios del combustible aumentar\u00e1n debido al aumento federal del impuesto al carbono. Los canadienses anticipan pagar m\u00e1s por gasolina, diesel y propano a partir del 1 de abril. Todos los primeros ministros provinciales est\u00e1n preocupados por el impacto en aquellos que ya lidian con el costo de vida. \" width=\"1200\" height=\"675\"\/><\/source><\/source><\/source><\/source><\/picture><\/div>\n<div class=\"info\">\n<div class=\"caption\">\n<p><span>El l\u00edder del Partido Conservador de Canad\u00e1, Pierre Poilievre, habla durante una rally &#8216;Spike the Hike &#8211; Ax the Tax&#8217; en Edmonton, el 27 de marzo de 2024, en Edmonton, Alberta, Canad\u00e1. El 1 de abril, los precios del combustible aumentar\u00e1n debido al aumento federal del impuesto al carbono. Los canadienses anticipan pagar m\u00e1s por gasolina, diesel y propano a partir del 1 de abril. Todos los primeros ministros provinciales est\u00e1n preocupados por el impacto en aquellos que ya lidian con el costo de vida. <\/span> <span>(Artur Widak\/Nurphoto a trav\u00e9s de Getty Images)<\/span><\/p>\n<\/div>\n<\/div>\n<\/div>\n<p>\u00abTratando de ser un tipo normal que juega hockey en zapatos de $ 2000\u00bb, public\u00f3 Poilievre en X.<\/p>\n<p>Kurkimaki dijo que la pr\u00f3xima campa\u00f1a federal electoral con Carney al tim\u00f3n liberal podr\u00eda ser una repetici\u00f3n de la de 2011 cuando otro l\u00edder liberal \u00abfuera de contacto\u00bb, el historiador Michael Ignatieff, que vino del mundo de la academia, perdi\u00f3 el asiento de su casa y su partido registr\u00f3 su peor resultado en una elecci\u00f3n general que los conservadores ganaron.<\/p>\n<p>El nuevo primer ministro de Canad\u00e1 obtuvo una licenciatura en econom\u00eda en la Universidad de Harvard y recibi\u00f3 t\u00edtulos de maestr\u00eda y doctorado en econom\u00eda en la Universidad de Oxford.<\/p>\n<p><strong><u>\u00bfQui\u00e9n es Pierre Poilievre? El l\u00edder conservador de Canad\u00e1 que busca convertirse en el pr\u00f3ximo primer ministro despu\u00e9s de la salida de Trudeau<\/u><\/strong><\/p>\n<div class=\"image-ct inline\">\n<div class=\"m\"><picture><source media=\"(max-width: 767px)\" srcset=\"https:\/\/a57.foxnews.com\/static.foxnews.com\/foxnews.com\/content\/uploads\/2025\/02\/343\/192\/mark-carney-scaled.jpg?ve=1&amp;tl=1, https:\/\/a57.foxnews.com\/static.foxnews.com\/foxnews.com\/content\/uploads\/2025\/02\/686\/384\/mark-carney-scaled.jpg?ve=1&amp;tl=1 2x\" height=\"192\" width=\"343\"><source media=\"(min-width: 768px) and (max-width: 1023px)\" srcset=\"https:\/\/a57.foxnews.com\/static.foxnews.com\/foxnews.com\/content\/uploads\/2025\/02\/672\/378\/mark-carney-scaled.jpg?ve=1&amp;tl=1, https:\/\/a57.foxnews.com\/static.foxnews.com\/foxnews.com\/content\/uploads\/2025\/02\/1344\/756\/mark-carney-scaled.jpg?ve=1&amp;tl=1 2x\" height=\"378\" width=\"672\"><source media=\"(min-width: 1024px) and (max-width: 1279px)\" srcset=\"https:\/\/a57.foxnews.com\/static.foxnews.com\/foxnews.com\/content\/uploads\/2025\/02\/931\/523\/mark-carney-scaled.jpg?ve=1&amp;tl=1, https:\/\/a57.foxnews.com\/static.foxnews.com\/foxnews.com\/content\/uploads\/2025\/02\/1862\/1046\/mark-carney-scaled.jpg?ve=1&amp;tl=1 2x\" height=\"523\" width=\"931\"><source media=\"(min-width: 1280px)\" srcset=\"https:\/\/a57.foxnews.com\/static.foxnews.com\/foxnews.com\/content\/uploads\/2025\/02\/720\/405\/mark-carney-scaled.jpg?ve=1&amp;tl=1, https:\/\/a57.foxnews.com\/static.foxnews.com\/foxnews.com\/content\/uploads\/2025\/02\/1440\/810\/mark-carney-scaled.jpg?ve=1&amp;tl=1 2x\" height=\"405\" width=\"720\"><img loading=\"lazy\" decoding=\"async\" src=\"https:\/\/a57.foxnews.com\/static.foxnews.com\/foxnews.com\/content\/uploads\/2025\/02\/1200\/675\/mark-carney-scaled.jpg?ve=1&amp;tl=1\" alt=\"Mark Carney lanza la campa\u00f1a para el liderazgo liberal federal\" width=\"1200\" height=\"675\"\/><\/source><\/source><\/source><\/source><\/picture><\/div>\n<div class=\"info\">\n<div class=\"caption\">\n<p><span>Mark Carney, el ex gobernador del Banco de Canad\u00e1, anunci\u00f3 oficialmente su oferta por el liderazgo federal del Partido Liberal en Laurier Heights Community League en Edmonton, Canad\u00e1, el 16 de enero de 2025. <\/span> <span>(Artur Widak\/Nurphoto a trav\u00e9s de Getty Images)<\/span><\/p>\n<\/div>\n<\/div>\n<\/div>\n<p>Carney, que viv\u00eda en el barrio de Tony Ottawa del Parque Rockcliffe antes de convertirse en primer ministro, tambi\u00e9n tiene la ciudadan\u00eda brit\u00e1nica e irlandesa. A principios de este mes, dijo que hab\u00eda comenzado el proceso de renunciar a ambos.<\/p>\n<p>En el camino, el hombre cuyo aspecto se compar\u00f3 una vez con el del actor George Clooney hizo una fortuna solo en el banco central de Inglaterra. Carney gan\u00f3 $ 1.3 millones, incluidos salarios, asignaciones y costos de vivienda, los m\u00e1s altos para el jefe de cualquier Reserva Federal en ese momento.<\/p>\n<p><strong>Haga clic aqu\u00ed para obtener la aplicaci\u00f3n Fox News<\/strong><\/p>\n<p>Sin embargo, su patrimonio neto actual podr\u00eda no revelarse en el corto plazo. Antes de convertirse en Primer Ministro, Carney desinalt\u00f3 sus activos, \u00abaparte de sus bienes ra\u00edces personales, en un fideicomiso ciego\u00bb, dijo un miembro de su equipo a CBC News. Seg\u00fan la ley canadiense, los titulares de la oficina p\u00fablica deben deshacerse de sus activos, como las opciones de acciones, ya sea vendi\u00e9ndolos o que un administrador los administre o venda sin, en este caso, consultar a Carney.<\/p>\n<p>El portavoz de Carney no devolvi\u00f3 la solicitud de comentarios de Fox News Digital.<\/p>\n<p> <!----> <\/p>\n<div class=\"article-meta\">\n<div class=\"author-bio\">\n<p>Christopher Guly es un periodista con sede en Ottawa y miembro de la galer\u00eda de prensa parlamentaria canadiense. Ha informado desde Canad\u00e1 para varios medios de comunicaci\u00f3n en los Estados Unidos y el Reino Unido que puede ser seguido en X @christopherguly<\/p>\n<\/div>\n<\/div>\n<\/div>\n\n","protected":false},"excerpt":{"rendered":"<p>El nuevo primer ministro &#8216;globalista&#8217; de Ottawa-Canad\u00e1, Mark Carney, inmediatamente apunt\u00f3 a fuego al presidente Donald Trump al ganar el concurso de liderazgo de su partido la semana pasada. Carney critic\u00f3 al presidente Trump durante su discurso de aceptaci\u00f3n cuando gan\u00f3 el liderazgo liberal el domingo pasado, diciendo que los aranceles de Canad\u00e1 contra Estados &hellip;<\/p>\n","protected":false},"author":1,"featured_media":18715,"comment_status":"open","ping_status":"open","sticky":false,"template":"","format":"standard","meta":{"fifu_image_url":"https:\/\/static.foxnews.com\/foxnews.com\/content\/uploads\/2025\/03\/mark-carney-un-envoy-scaled.jpg","fifu_image_alt":"","footnotes":""},"categories":[13],"tags":[],"class_list":["post-18713","post","type-post","status-publish","format-standard","has-post-thumbnail","","category-mundo"],"_links":{"self":[{"href":"https:\/\/noticiasveraces.com\/index.php?rest_route=\/wp\/v2\/posts\/18713","targetHints":{"allow":["GET"]}}],"collection":[{"href":"https:\/\/noticiasveraces.com\/index.php?rest_route=\/wp\/v2\/posts"}],"about":[{"href":"https:\/\/noticiasveraces.com\/index.php?rest_route=\/wp\/v2\/types\/post"}],"author":[{"embeddable":true,"href":"https:\/\/noticiasveraces.com\/index.php?rest_route=\/wp\/v2\/users\/1"}],"replies":[{"embeddable":true,"href":"https:\/\/noticiasveraces.com\/index.php?rest_route=%2Fwp%2Fv2%2Fcomments&post=18713"}],"version-history":[{"count":0,"href":"https:\/\/noticiasveraces.com\/index.php?rest_route=\/wp\/v2\/posts\/18713\/revisions"}],"wp:featuredmedia":[{"embeddable":true,"href":"https:\/\/noticiasveraces.com\/index.php?rest_route=\/wp\/v2\/media\/18715"}],"wp:attachment":[{"href":"https:\/\/noticiasveraces.com\/index.php?rest_route=%2Fwp%2Fv2%2Fmedia&parent=18713"}],"wp:term":[{"taxonomy":"category","embeddable":true,"href":"https:\/\/noticiasveraces.com\/index.php?rest_route=%2Fwp%2Fv2%2Fcategories&post=18713"},{"taxonomy":"post_tag","embeddable":true,"href":"https:\/\/noticiasveraces.com\/index.php?rest_route=%2Fwp%2Fv2%2Ftags&post=18713"}],"curies":[{"name":"wp","href":"https:\/\/api.w.org\/{rel}","templated":true}]}}