{"id":18711,"date":"2025-03-15T09:34:16","date_gmt":"2025-03-15T13:34:16","guid":{"rendered":"https:\/\/noticiasveraces.com\/?p=18711"},"modified":"2025-03-15T09:34:16","modified_gmt":"2025-03-15T13:34:16","slug":"expulsiones-de-su-embajador-en-eeuu-es-lamentable-dw-15-03-2025","status":"publish","type":"post","link":"https:\/\/noticiasveraces.com\/?p=18711","title":{"rendered":"expulsiones de su embajador en eeuu es \u00ablamentable\u00bb &#8211; dw &#8211; 15\/03\/2025"},"content":{"rendered":"<p> \n<\/p>\n<div>\n<p>La Presidencia Surafricana Rembraz\u00f3 Este S\u00e1bado (15.03.2025) La expulsi\u00f3n de su embajador en Estados Unidos, un quien el secretario de estado estadounidense marco rubio declar\u00f3 <em>persona non grata<\/em>Al Acusarlo de \u00abOdiar\u00bb A Donald Trump.<\/p>\n<p>\u00abLa Presidencia Tom\u00f3 Nota de la Lamentable Expulsiones del Embajador de Sur\u00e1frica en Estados Unidos, El Se\u00f1or Ebrahim Rasool\u00bb, Reza Un Comunicado de Pretoria. Sur\u00e1frica Est\u00e1 \u00abDetetinada A Reconstruir una relaci\u00f3n mutuamamento ben\u00e9fica\u00bb Con Washington, Agrega.<\/p>\n<p>ESTA expulsiones es el episodio m\u00e1s reciente en medio de la creciente tensi\u00f3n entre washington y pretoria.<\/p>\n<blockquote class=\"tweet embed\" data-id=\"1900655283380146267\"\/>\n<h2><strong>Tensiones entre Sur\u00e1frica y Estados Unidos<\/strong><\/h2>\n<p>\u00abEl Embajador de Sur\u00e1frica en Estados unidos ya no es Bienvenido en nuestro gran pa\u00eds\u00bb, public\u00f3 rubio en la rojo social X. \u00abNo tenemos nada que discutir Con \u00e9l, por lo que se considera personala personal no grata\u00bb.<\/p>\n<p>Rubio Republic\u00f3 un art\u00edculo del sitio web de derecha breitbart que citaba a rasool, quien afirm\u00f3 el viernes que trump lideraba un movimiento de \u00absupremac\u00eda\u00bb Blanca.<\/p>\n<p>En febrero, Trump Congel\u00f3 la Ayuda Estadounidense A Sur\u00e1frica, en Reclamo por Una Ley de ESe Pa\u00eds que, Seg\u00fan \u00c9l, Permite Confiscar Tierras a Agricultores Blancos.<\/p>\n<p>RR (AFP\/Reuters\/DPA)<\/p>\n<\/div>\n\n","protected":false},"excerpt":{"rendered":"<p>La Presidencia Surafricana Rembraz\u00f3 Este S\u00e1bado (15.03.2025) La expulsi\u00f3n de su embajador en Estados Unidos, un quien el secretario de estado estadounidense marco rubio declar\u00f3 persona non grataAl Acusarlo de \u00abOdiar\u00bb A Donald Trump. \u00abLa Presidencia Tom\u00f3 Nota de la Lamentable Expulsiones del Embajador de Sur\u00e1frica en Estados Unidos, El Se\u00f1or Ebrahim Rasool\u00bb, Reza Un &hellip;<\/p>\n","protected":false},"author":1,"featured_media":18712,"comment_status":"open","ping_status":"open","sticky":false,"template":"","format":"standard","meta":{"fifu_image_url":"https:\/\/static.dw.com\/image\/71929784_6.jpg","fifu_image_alt":"","footnotes":""},"categories":[13],"tags":[],"class_list":["post-18711","post","type-post","status-publish","format-standard","has-post-thumbnail","","category-mundo"],"_links":{"self":[{"href":"https:\/\/noticiasveraces.com\/index.php?rest_route=\/wp\/v2\/posts\/18711","targetHints":{"allow":["GET"]}}],"collection":[{"href":"https:\/\/noticiasveraces.com\/index.php?rest_route=\/wp\/v2\/posts"}],"about":[{"href":"https:\/\/noticiasveraces.com\/index.php?rest_route=\/wp\/v2\/types\/post"}],"author":[{"embeddable":true,"href":"https:\/\/noticiasveraces.com\/index.php?rest_route=\/wp\/v2\/users\/1"}],"replies":[{"embeddable":true,"href":"https:\/\/noticiasveraces.com\/index.php?rest_route=%2Fwp%2Fv2%2Fcomments&post=18711"}],"version-history":[{"count":0,"href":"https:\/\/noticiasveraces.com\/index.php?rest_route=\/wp\/v2\/posts\/18711\/revisions"}],"wp:featuredmedia":[{"embeddable":true,"href":"https:\/\/noticiasveraces.com\/index.php?rest_route=\/wp\/v2\/media\/18712"}],"wp:attachment":[{"href":"https:\/\/noticiasveraces.com\/index.php?rest_route=%2Fwp%2Fv2%2Fmedia&parent=18711"}],"wp:term":[{"taxonomy":"category","embeddable":true,"href":"https:\/\/noticiasveraces.com\/index.php?rest_route=%2Fwp%2Fv2%2Fcategories&post=18711"},{"taxonomy":"post_tag","embeddable":true,"href":"https:\/\/noticiasveraces.com\/index.php?rest_route=%2Fwp%2Fv2%2Ftags&post=18711"}],"curies":[{"name":"wp","href":"https:\/\/api.w.org\/{rel}","templated":true}]}}