{"id":18705,"date":"2025-03-15T08:32:13","date_gmt":"2025-03-15T12:32:13","guid":{"rendered":"https:\/\/noticiasveraces.com\/?p=18705"},"modified":"2025-03-15T08:32:13","modified_gmt":"2025-03-15T12:32:13","slug":"hamas-insiste-en-que-el-rehen-americano-israeli-solo-se-liberara-si-se-implementa-el-alto-el-fuego","status":"publish","type":"post","link":"https:\/\/noticiasveraces.com\/?p=18705","title":{"rendered":"Hamas insiste en que el reh\u00e9n americano-israel\u00ed solo se liberar\u00e1 si se implementa el alto el fuego"},"content":{"rendered":"<p> \n<\/p>\n<div>\n<p class=\"speakable\">El grupo terrorista de Hamas dijo el s\u00e1bado que solo liberar\u00e1 el reh\u00e9n israel\u00ed estadounidense Edan Alexander si Israel implementa el acuerdo de alto el fuego existente en la Franja de Gaza.<\/p>\n<p class=\"speakable\">Alexander, de 21 a\u00f1os, es el \u00faltimo reh\u00e9n estadounidense vivo en <u>cautiverio en la tira de Gaza.<\/u><\/p>\n<p>Un alto funcionario de Hamas le dijo a The Associated Press que las conversaciones de larga data sobre la segunda fase del alto el fuego necesitar\u00edan comenzar el d\u00eda del lanzamiento y durar no m\u00e1s de 50 d\u00edas. Israel tambi\u00e9n necesitar\u00eda dejar de prohibir la entrada de ayuda humanitaria y retirarse de un corredor estrat\u00e9gico a lo largo de la frontera de Gaza con Egipto.<\/p>\n<p>Hamas lo llam\u00f3 un \u00abacuerdo excepcional\u00bb destinado a volver a encaminar la tregua, seg\u00fan el funcionario, que habl\u00f3 con la AP bajo condici\u00f3n de anonimato.<\/p>\n<div class=\"image-ct inline\">\n<div class=\"m\"><picture><source media=\"(max-width: 767px)\" srcset=\"https:\/\/a57.foxnews.com\/static.foxnews.com\/foxnews.com\/content\/uploads\/2023\/12\/343\/192\/edan-alexander.jpg?ve=1&amp;tl=1, https:\/\/a57.foxnews.com\/static.foxnews.com\/foxnews.com\/content\/uploads\/2023\/12\/686\/384\/edan-alexander.jpg?ve=1&amp;tl=1 2x\" height=\"192\" width=\"343\"><source media=\"(min-width: 768px) and (max-width: 1023px)\" srcset=\"https:\/\/a57.foxnews.com\/static.foxnews.com\/foxnews.com\/content\/uploads\/2023\/12\/672\/378\/edan-alexander.jpg?ve=1&amp;tl=1, https:\/\/a57.foxnews.com\/static.foxnews.com\/foxnews.com\/content\/uploads\/2023\/12\/1344\/756\/edan-alexander.jpg?ve=1&amp;tl=1 2x\" height=\"378\" width=\"672\"><source media=\"(min-width: 1024px) and (max-width: 1279px)\" srcset=\"https:\/\/a57.foxnews.com\/static.foxnews.com\/foxnews.com\/content\/uploads\/2023\/12\/931\/523\/edan-alexander.jpg?ve=1&amp;tl=1, https:\/\/a57.foxnews.com\/static.foxnews.com\/foxnews.com\/content\/uploads\/2023\/12\/1862\/1046\/edan-alexander.jpg?ve=1&amp;tl=1 2x\" height=\"523\" width=\"931\"><source media=\"(min-width: 1280px)\" srcset=\"https:\/\/a57.foxnews.com\/static.foxnews.com\/foxnews.com\/content\/uploads\/2023\/12\/720\/405\/edan-alexander.jpg?ve=1&amp;tl=1, https:\/\/a57.foxnews.com\/static.foxnews.com\/foxnews.com\/content\/uploads\/2023\/12\/1440\/810\/edan-alexander.jpg?ve=1&amp;tl=1 2x\" height=\"405\" width=\"720\"><img loading=\"lazy\" decoding=\"async\" src=\"https:\/\/a57.foxnews.com\/static.foxnews.com\/foxnews.com\/content\/uploads\/2023\/12\/1200\/675\/edan-alexander.jpg?ve=1&amp;tl=1\" alt=\"Foto de reh\u00e9n\" width=\"1200\" height=\"675\"\/><\/source><\/source><\/source><\/source><\/picture><\/div>\n<div class=\"info\">\n<div class=\"caption\">\n<p><span>Una mujer sostiene una imagen del reh\u00e9n Edan Alexander durante el d\u00eda global de la unidad y la oraci\u00f3n con los rehenes de Israel y Familias Missing Forum, que representa a los familiares de los tomados cautivos por los militantes palestinos de Hamas durante el ataque del 7 de octubre.<\/span> <span>(Foto de Yuri Cortez\/AFP a trav\u00e9s de Getty Images)<\/span><\/p>\n<\/div>\n<\/div>\n<\/div>\n<p><strong>Despu\u00e9s de la amenaza de Trump, Hamas se niega a liberar a m\u00e1s rehenes sin el acuerdo de alto el fuego de la Fase 2<\/strong><\/p>\n<p>Hamas tambi\u00e9n exige la liberaci\u00f3n de m\u00e1s prisioneros palestinos a cambio de rehenes, dijo el funcionario. <\/p>\n<p>Hamas acord\u00f3 el viernes liberar a Alexander junto con los cuerpos de otros cuatro rehenes despu\u00e9s de un acuerdo ofrecido por los mediadores. Ahora se ha mantenido cautivo durante 526 d\u00edas hasta el s\u00e1bado, dijeron los rehenes y el foro de familias desaparecidas.<\/p>\n<p>Se produce cuando las conversaciones est\u00e1n en curso en Qatar para establecer la siguiente fase del alto el fuego de Israel-Hamas, cuya primera fase termin\u00f3 el 1 de marzo.<\/p>\n<p>La oficina de Steve Witkoff, enviado especial del Medio Oriente, y el Consejo de Seguridad Nacional dijo en una declaraci\u00f3n conjunta que \u00abel presidente Trump ha dejado en claro que Hamas liberar\u00e1 a los rehenes de inmediato o pagar\u00e1 un precio severo\u00bb.<\/p>\n<p>Witkoff y Eric Trager, director senior del Consejo de Seguridad Nacional para Medio Oriente y \u00c1frica del Norte, presentaron una propuesta de \u00abpuente\u00bb para extender el alto el fuego m\u00e1s all\u00e1 del Ramad\u00e1n y la Pascua y dar tiempo para negociar un marco para un alto el fuego permanente.<\/p>\n<p>Se espera que el primer ministro israel\u00ed, Benjamin Netanyahu, convoque a su equipo ministerial el s\u00e1bado para recibir un informe detallado de los negociadores y decida los pr\u00f3ximos pasos para la liberaci\u00f3n de los rehenes.<\/p>\n<div class=\"image-ct inline\">\n<div class=\"m\"><picture><source media=\"(max-width: 767px)\" srcset=\"https:\/\/a57.foxnews.com\/static.foxnews.com\/foxnews.com\/content\/uploads\/2025\/03\/343\/192\/yael-aelxander-trump-2.jpg?ve=1&amp;tl=1, https:\/\/a57.foxnews.com\/static.foxnews.com\/foxnews.com\/content\/uploads\/2025\/03\/686\/384\/yael-aelxander-trump-2.jpg?ve=1&amp;tl=1 2x\" height=\"192\" width=\"343\"><source media=\"(min-width: 768px) and (max-width: 1023px)\" srcset=\"https:\/\/a57.foxnews.com\/static.foxnews.com\/foxnews.com\/content\/uploads\/2025\/03\/672\/378\/yael-aelxander-trump-2.jpg?ve=1&amp;tl=1, https:\/\/a57.foxnews.com\/static.foxnews.com\/foxnews.com\/content\/uploads\/2025\/03\/1344\/756\/yael-aelxander-trump-2.jpg?ve=1&amp;tl=1 2x\" height=\"378\" width=\"672\"><source media=\"(min-width: 1024px) and (max-width: 1279px)\" srcset=\"https:\/\/a57.foxnews.com\/static.foxnews.com\/foxnews.com\/content\/uploads\/2025\/03\/931\/523\/yael-aelxander-trump-2.jpg?ve=1&amp;tl=1, https:\/\/a57.foxnews.com\/static.foxnews.com\/foxnews.com\/content\/uploads\/2025\/03\/1862\/1046\/yael-aelxander-trump-2.jpg?ve=1&amp;tl=1 2x\" height=\"523\" width=\"931\"><source media=\"(min-width: 1280px)\" srcset=\"https:\/\/a57.foxnews.com\/static.foxnews.com\/foxnews.com\/content\/uploads\/2025\/03\/720\/405\/yael-aelxander-trump-2.jpg?ve=1&amp;tl=1, https:\/\/a57.foxnews.com\/static.foxnews.com\/foxnews.com\/content\/uploads\/2025\/03\/1440\/810\/yael-aelxander-trump-2.jpg?ve=1&amp;tl=1 2x\" height=\"405\" width=\"720\"><img loading=\"lazy\" decoding=\"async\" src=\"https:\/\/a57.foxnews.com\/static.foxnews.com\/foxnews.com\/content\/uploads\/2025\/03\/1200\/675\/yael-aelxander-trump-2.jpg?ve=1&amp;tl=1\" alt=\"Donald Trump sosteniendo la foto de Edan Alexander\" width=\"1200\" height=\"675\"\/><\/source><\/source><\/source><\/source><\/picture><\/div>\n<div class=\"info\">\n<div class=\"caption\">\n<p><span>El presidente Donald Trump es visto posando con una foto de Edan Alexander el 7 de octubre de 2024 en la ciudad de Nueva York.<\/span> <span>(Michael M. Santiago\/Getty Images)<\/span><\/p>\n<\/div>\n<\/div>\n<\/div>\n<p>Mientras tanto, se espera que se realicen varias manifestaciones en todo Israel el s\u00e1bado para exigir que todos los 59 rehenes restantes sean liberados, dijeron los rehenes y el foro de familias desaparecidas. Las principales manifestaciones tendr\u00e1n lugar en Tel Aviv, Sha&#8217;ar Hanegev Junction, Carmei Gat y Jerusal\u00e9n.<\/p>\n<p>Aunque pas\u00f3 la mayor parte de su vida en Nueva Jersey, Alexander naci\u00f3 en Israel unos meses antes de que sus padres se mudaran a los Estados Unidos, seg\u00fan el Comit\u00e9 Jud\u00edo Americano (AJC).<\/p>\n<p>Despu\u00e9s de graduarse de la escuela secundaria, Alexander decidi\u00f3 que se alistar\u00eda en las Fuerzas de Defensa de Israel (FDI) en lugar de inscribirse en la universidad.<\/p>\n<p>El 7 de octubre, Alexander, que estaba sirviendo en la Brigada Golani de las FDI, una unidad de infanter\u00eda, patrullaba cerca de Gaza cuando comenzaron los ataques de Hamas contra Israel. Los ataques terminaron con 1.200 israel\u00edes muertos y 251 rehenes tomados, incluido Alexander.<\/p>\n<div class=\"image-ct inline\">\n<div class=\"m\"><picture><source media=\"(max-width: 767px)\" srcset=\"https:\/\/a57.foxnews.com\/static.foxnews.com\/foxnews.com\/content\/uploads\/2025\/02\/343\/192\/hamas.png?ve=1&amp;tl=1, https:\/\/a57.foxnews.com\/static.foxnews.com\/foxnews.com\/content\/uploads\/2025\/02\/686\/384\/hamas.png?ve=1&amp;tl=1 2x\" height=\"192\" width=\"343\"><source media=\"(min-width: 768px) and (max-width: 1023px)\" srcset=\"https:\/\/a57.foxnews.com\/static.foxnews.com\/foxnews.com\/content\/uploads\/2025\/02\/672\/378\/hamas.png?ve=1&amp;tl=1, https:\/\/a57.foxnews.com\/static.foxnews.com\/foxnews.com\/content\/uploads\/2025\/02\/1344\/756\/hamas.png?ve=1&amp;tl=1 2x\" height=\"378\" width=\"672\"><source media=\"(min-width: 1024px) and (max-width: 1279px)\" srcset=\"https:\/\/a57.foxnews.com\/static.foxnews.com\/foxnews.com\/content\/uploads\/2025\/02\/931\/523\/hamas.png?ve=1&amp;tl=1, https:\/\/a57.foxnews.com\/static.foxnews.com\/foxnews.com\/content\/uploads\/2025\/02\/1862\/1046\/hamas.png?ve=1&amp;tl=1 2x\" height=\"523\" width=\"931\"><source media=\"(min-width: 1280px)\" srcset=\"https:\/\/a57.foxnews.com\/static.foxnews.com\/foxnews.com\/content\/uploads\/2025\/02\/720\/405\/hamas.png?ve=1&amp;tl=1, https:\/\/a57.foxnews.com\/static.foxnews.com\/foxnews.com\/content\/uploads\/2025\/02\/1440\/810\/hamas.png?ve=1&amp;tl=1 2x\" height=\"405\" width=\"720\"><img loading=\"lazy\" decoding=\"async\" src=\"https:\/\/a57.foxnews.com\/static.foxnews.com\/foxnews.com\/content\/uploads\/2025\/02\/1200\/675\/hamas.png?ve=1&amp;tl=1\" alt=\"Terroristas de Hamas\" width=\"1200\" height=\"675\"\/><\/source><\/source><\/source><\/source><\/picture><\/div>\n<div class=\"info\">\n<div class=\"caption\">\n<p><span>Los terroristas de Hamas toman posiciones antes de un lanzamiento de rehenes en Deir al-Balah, Central Gaza Strip, s\u00e1bado 8 de febrero de 2025.<\/span> <span>(AP)<\/span><\/p>\n<\/div>\n<\/div>\n<\/div>\n<p><strong>Haga clic aqu\u00ed para obtener la aplicaci\u00f3n Fox News<\/strong><\/p>\n<p>Yael Alexander, la madre de Edan, relat\u00f3 el d\u00eda en que fue tomado como reh\u00e9n en una entrevista reciente con \u00abPeople of the Pod\u00bb de AJC. Yael estaba en Israel a principios de octubre de 2023, visitando a su familia y esperando ver a Edan. En la ma\u00f1ana del 7 de octubre, ella habl\u00f3 con Edan, quien dijo que estaba viendo \u00abcosas terribles\u00bb, pero \u00e9l le asegur\u00f3 que estaba a salvo. Luego fue tomado como reh\u00e9n.<\/p>\n<p>El 30 de noviembre de 2024, m\u00e1s de un a\u00f1o despu\u00e9s de que Alexander fuera capturado, Hamas lanz\u00f3 un video de Alexander hablando en hebreo y \u00e1rabe. Alexander, como otros rehenes obligados a hacer videos de propaganda, entreg\u00f3 mensajes sobre Netanyahu y el entonces presidente electo Donald Trump.<\/p>\n<p><i>Yael Rotem-Kuriel de Fox News, Trey Yingst, Rachel Wolf y Stephen Sorace, as\u00ed como Associated Press, contribuyeron a este informe.<\/i><\/p>\n<p> <!----> <\/p>\n<div class=\"article-meta\">\n<div class=\"author-bio\">\n<p>Michael Dorgan es escritor de Fox News Digital y Fox Business.<\/p>\n<p>Puede enviar consejos a Michael.dorgan@fox.com y seguirlo en Twitter @M_Dorgan.<\/p>\n<\/div>\n<\/div>\n<\/div>\n\n","protected":false},"excerpt":{"rendered":"<p>El grupo terrorista de Hamas dijo el s\u00e1bado que solo liberar\u00e1 el reh\u00e9n israel\u00ed estadounidense Edan Alexander si Israel implementa el acuerdo de alto el fuego existente en la Franja de Gaza. Alexander, de 21 a\u00f1os, es el \u00faltimo reh\u00e9n estadounidense vivo en cautiverio en la tira de Gaza. Un alto funcionario de Hamas le &hellip;<\/p>\n","protected":false},"author":1,"featured_media":18707,"comment_status":"open","ping_status":"open","sticky":false,"template":"","format":"standard","meta":{"fifu_image_url":"https:\/\/static.foxnews.com\/foxnews.com\/content\/uploads\/2023\/12\/edan-alexander.jpg","fifu_image_alt":"","footnotes":""},"categories":[13],"tags":[],"class_list":["post-18705","post","type-post","status-publish","format-standard","has-post-thumbnail","","category-mundo"],"_links":{"self":[{"href":"https:\/\/noticiasveraces.com\/index.php?rest_route=\/wp\/v2\/posts\/18705","targetHints":{"allow":["GET"]}}],"collection":[{"href":"https:\/\/noticiasveraces.com\/index.php?rest_route=\/wp\/v2\/posts"}],"about":[{"href":"https:\/\/noticiasveraces.com\/index.php?rest_route=\/wp\/v2\/types\/post"}],"author":[{"embeddable":true,"href":"https:\/\/noticiasveraces.com\/index.php?rest_route=\/wp\/v2\/users\/1"}],"replies":[{"embeddable":true,"href":"https:\/\/noticiasveraces.com\/index.php?rest_route=%2Fwp%2Fv2%2Fcomments&post=18705"}],"version-history":[{"count":0,"href":"https:\/\/noticiasveraces.com\/index.php?rest_route=\/wp\/v2\/posts\/18705\/revisions"}],"wp:featuredmedia":[{"embeddable":true,"href":"https:\/\/noticiasveraces.com\/index.php?rest_route=\/wp\/v2\/media\/18707"}],"wp:attachment":[{"href":"https:\/\/noticiasveraces.com\/index.php?rest_route=%2Fwp%2Fv2%2Fmedia&parent=18705"}],"wp:term":[{"taxonomy":"category","embeddable":true,"href":"https:\/\/noticiasveraces.com\/index.php?rest_route=%2Fwp%2Fv2%2Fcategories&post=18705"},{"taxonomy":"post_tag","embeddable":true,"href":"https:\/\/noticiasveraces.com\/index.php?rest_route=%2Fwp%2Fv2%2Ftags&post=18705"}],"curies":[{"name":"wp","href":"https:\/\/api.w.org\/{rel}","templated":true}]}}