{"id":18699,"date":"2025-03-15T07:31:07","date_gmt":"2025-03-15T11:31:07","guid":{"rendered":"https:\/\/noticiasveraces.com\/?p=18699"},"modified":"2025-03-15T07:31:07","modified_gmt":"2025-03-15T11:31:07","slug":"merz-defiende-sus-planes-de-aenter-el-gasto-en-defensa-dw-13-03-2025","status":"publish","type":"post","link":"https:\/\/noticiasveraces.com\/?p=18699","title":{"rendered":"Merz Defiende Sus Planes de Aenter El Gasto en Defensa &#8211; DW &#8211; 13\/03\/2025"},"content":{"rendered":"<p> \n<\/p>\n<div>\n<p>El Posible Futuro Canciller de Alemania, Friedrich Merz, Defendi\u00f3 El Jueves (13.3.2025) Ante El Parlamento Sus Planses de Aumentar Fuerto los Los Gastos en Defensa e Infraestructura, en un Momento en el Giro de la Pol\u00cdTICA Estadounden Seguridad.<\/p>\n<p>Merz Se Ha Comprometido A Impulsar Sus Planes Con El Apoyo de Su Bloque de Centroderecha, Cdu\/CSU, Y del Partido Socialdem\u00f3crata Spd, En Conversaciones para conformar una Coalici\u00f3n de Gobierno Tras las eleciones de febrero.<\/p>\n<p>Alemania Tiene que Actuar \u00abParaaumar Considerable (SUS) Capacidades de Defensa, y Hacerlo R\u00e1pido\u00bb, Dijo Enf\u00e9ro El L\u00edder Conservador, Al Defensor Su Programa de Inversi\u00f3n. \u00abCualquier retraso adicional ser\u00eda una irresponsable\u00bb, Apostill\u00f3.<\/p>\n<h2>Corti\u00f3n Clave: El \u00abFreno a la Deuda\u00bb<\/h2>\n<p>En tono dram\u00c1TICO, El Ganador de las Eleciones Legislativas del 23 de febrero alert\u00f3 a los diputados de que \u00ab, a la vista de la situaci\u00f3n alarmante de la seguridad en europa, y de los criates desaf\u00edos Econ\u00f3micos en nuestrosa pa\u00edses, no pueden postere mas dostereseSeSeSeSeSeSeSeSeSeS Deckees Deckees DeckeSeS Decketes DeckeSeSeSeSeDes Alcance \u00ab. <\/p>\n<p>El Plan de Merz Prev\u00e9 Excluir El Gasto Militar de Las Normas Fiscales del Pa\u00eds cuando Supere El 1 Por Ciento del Pib, y Cear un fondo de 500.000 Millones de Euros A Diez A\u00f1os, para invertir en infraestructuras.  La Medida implica un Cambio en el Llamado \u00abFreno a la Deuda\u00bb, Consagrado en la Constituci\u00f3n para Limitar El Endeudamiento del Gobierno, por lo requiere el voto de dos tercios del parlamento.<\/p>\n<p>MS (DPA\/AFP\/EFE)<\/p>\n<\/p>\n<\/p>\n<\/p>\n<\/div>\n\n","protected":false},"excerpt":{"rendered":"<p>El Posible Futuro Canciller de Alemania, Friedrich Merz, Defendi\u00f3 El Jueves (13.3.2025) Ante El Parlamento Sus Planses de Aumentar Fuerto los Los Gastos en Defensa e Infraestructura, en un Momento en el Giro de la Pol\u00cdTICA Estadounden Seguridad. Merz Se Ha Comprometido A Impulsar Sus Planes Con El Apoyo de Su Bloque de Centroderecha, Cdu\/CSU, &hellip;<\/p>\n","protected":false},"author":1,"featured_media":18700,"comment_status":"open","ping_status":"open","sticky":false,"template":"","format":"standard","meta":{"fifu_image_url":"https:\/\/static.dw.com\/image\/71912841_6.jpg","fifu_image_alt":"","footnotes":""},"categories":[13],"tags":[],"class_list":["post-18699","post","type-post","status-publish","format-standard","has-post-thumbnail","","category-mundo"],"_links":{"self":[{"href":"https:\/\/noticiasveraces.com\/index.php?rest_route=\/wp\/v2\/posts\/18699","targetHints":{"allow":["GET"]}}],"collection":[{"href":"https:\/\/noticiasveraces.com\/index.php?rest_route=\/wp\/v2\/posts"}],"about":[{"href":"https:\/\/noticiasveraces.com\/index.php?rest_route=\/wp\/v2\/types\/post"}],"author":[{"embeddable":true,"href":"https:\/\/noticiasveraces.com\/index.php?rest_route=\/wp\/v2\/users\/1"}],"replies":[{"embeddable":true,"href":"https:\/\/noticiasveraces.com\/index.php?rest_route=%2Fwp%2Fv2%2Fcomments&post=18699"}],"version-history":[{"count":0,"href":"https:\/\/noticiasveraces.com\/index.php?rest_route=\/wp\/v2\/posts\/18699\/revisions"}],"wp:featuredmedia":[{"embeddable":true,"href":"https:\/\/noticiasveraces.com\/index.php?rest_route=\/wp\/v2\/media\/18700"}],"wp:attachment":[{"href":"https:\/\/noticiasveraces.com\/index.php?rest_route=%2Fwp%2Fv2%2Fmedia&parent=18699"}],"wp:term":[{"taxonomy":"category","embeddable":true,"href":"https:\/\/noticiasveraces.com\/index.php?rest_route=%2Fwp%2Fv2%2Fcategories&post=18699"},{"taxonomy":"post_tag","embeddable":true,"href":"https:\/\/noticiasveraces.com\/index.php?rest_route=%2Fwp%2Fv2%2Ftags&post=18699"}],"curies":[{"name":"wp","href":"https:\/\/api.w.org\/{rel}","templated":true}]}}