{"id":18673,"date":"2025-03-15T04:25:15","date_gmt":"2025-03-15T08:25:15","guid":{"rendered":"https:\/\/noticiasveraces.com\/?p=18673"},"modified":"2025-03-15T04:25:15","modified_gmt":"2025-03-15T08:25:15","slug":"duterte-comparece-ante-la-cpi-y-denuncia-que-fue-secuestrado-dw-14-03-2025","status":"publish","type":"post","link":"https:\/\/noticiasveraces.com\/?p=18673","title":{"rendered":"Duterte Comparece Ante la CPI y Denuncia Que Fue Secuestrado &#8211; DW &#8211; 14\/03\/2025"},"content":{"rendered":"<p> \n<\/p>\n<div>\n<p>El expresidente filipino Rodrigo Duterte Comparecio Este Viernes (14.03.2025), por videoconferencia, una su primera audiencia ante la Corte Penal Penal Internacional (CPI) de la Haya por Presuntos Cr\u00edgenes contra la humanidad en su Guerrer Alarcotr\u00e1fico. El Exmandatario, de 79 A\u00f1os, Que est\u00e1 Semana Fue detenido y enviado a Pa\u00edses Bajos, apareci\u00f3 en una breve audiencia, en la que se le inform\u00f3 de los Cr\u00edmenos que se le lee ins derechos cousado.<\/p>\n<p>De Aspecto Fr\u00e1gil y Vestido Con Traje y Corbata Azules, Hobr\u00f3 brevemento para confirmar su nombre y fecha de nacimiento. El Presidente del Tribunal le Permiti\u00f3 Seguir la Audiencia A Distancia desde el Centro de Detenci\u00f3n de la CPI, Que Est\u00e1 A POCO M\u00c1S DE DOS KIL\u00d3METROS DE LA CORTE, Porque Acaba de \u00abRealizar un Largo Vije\u00bb. Duterte es Acusado por la cpi de \u00abCrimen la HumaniDad Durante Durante Durante\u00bb Contra El Tr\u00e1fico de Drogas, Que Dej\u00f3 Decenas de Miles de Muertos, en su alcalor\u00eda Hombres Pobres, Muchas veces Sin Pruebas de Que Estuvieron Relacionados con el Narcotr\u00e1fico.<\/p>\n<p>Su Abogado, Salvador MediaDea, Declar\u00f3 Ante la Corte que su Cliente Fue \u00abSecuestrado de Su Pa\u00eds\u00bb. \u00abFue Trasladado SumariMemento a la Haya. Para Los Los Abogados, SE Trata de Una extradici\u00f3nica extrajudicial. Para Lass Menta Menos Jur\u00eddicas, es un Secuestro Puro y simple\u00bb, Dijo Mediadea. El letrado A\u00f1adio que defendido sufre \u00abProblema M\u00e9dicos debilitantes y que\u00bb aparte de identificidad, no est\u00e1 en las Condiciones de contribuci\u00f3n a esta audiencia \u00ab.<\/p>\n<p><span data-slot-id=\"Article_InContent-1\" class=\"rich-text-ad\"\/><\/p>\n<h2>Plenamete conciente<\/h2>\n<p>El abogado tambi\u00e9n consider\u00f3 que la extradici\u00f3nica se realiz\u00f3 \u00abde forma coordinada por adelantado\u00bb, Como parte de lo de Llam\u00f3 un \u00abAjuste de Cuentas pol\u00cdticas\u00bb en filipinas. Asimismo, asegur\u00f3 que despu\u00e9s de su aterrizaje en Pa\u00edses Bajos el pasado mi\u00e9rcoles, Duterte fue trasladado a un hospital, y denunci\u00f3 que no fue hasta este viernes por la ma\u00f1ana, horas antes de la audiencia, cuando se le permiti\u00f3 reunirse con \u00e9l \u00abmenos de una Hora \u00ab, por lo que no\u00bb tuvo tiempo de sentarse \u00abcon su cliente para explicar el contenido de la orden de arresto.<\/p>\n<p>Durante La Audios, El Hombre que dirigi\u00f3 Filipinas Entre 2016 y 2022 Parec\u00eda Dormir en Algunos Momentos. La Corte le Record\u00f3 que el M\u00e9dico del Tribunal Opina Que \u00abEs Plenamete Conciente y apto mental\u00bb. La jueza fij\u00f3 el 22 de septiembre como fecha para la la siguente fase del proceso, una vista en la que se confirmar\u00e1n los Cargos.<\/p>\n<p>En la orden de arresto emitida el 7 de Marzo, Los Jueces Sostienen que \u00abExisten Motivos Razonables\u00bb Para Vincular, Duterte, Crimen de Lesa Humanidad de Asesinato, Presuntute Cometido en Filipinas Entr. como sistem\u00edfico \u00ab. Seg\u00fan Estad\u00ednsticas Oficiales de la Polic\u00eda, M\u00e1s de 6.000 Filipinos Fueron Asesinados en la \u00abGuerra contra Las Drogas\u00bb de Duterte. Grupos de Derechos Humanos en Filipinas Sostienen que la Cifra Real SuperA las 30,000 V\u00edcimos, y muchos Ni\u00f1os Estuvieron Entre los Asesinados.<\/p>\n<p>DZC (EFE, AFP)<\/p>\n<\/div>\n\n","protected":false},"excerpt":{"rendered":"<p>El expresidente filipino Rodrigo Duterte Comparecio Este Viernes (14.03.2025), por videoconferencia, una su primera audiencia ante la Corte Penal Penal Internacional (CPI) de la Haya por Presuntos Cr\u00edgenes contra la humanidad en su Guerrer Alarcotr\u00e1fico. El Exmandatario, de 79 A\u00f1os, Que est\u00e1 Semana Fue detenido y enviado a Pa\u00edses Bajos, apareci\u00f3 en una breve audiencia, &hellip;<\/p>\n","protected":false},"author":1,"featured_media":18674,"comment_status":"open","ping_status":"open","sticky":false,"template":"","format":"standard","meta":{"fifu_image_url":"https:\/\/static.dw.com\/image\/71925601_6.jpg","fifu_image_alt":"","footnotes":""},"categories":[13],"tags":[],"class_list":["post-18673","post","type-post","status-publish","format-standard","has-post-thumbnail","","category-mundo"],"_links":{"self":[{"href":"https:\/\/noticiasveraces.com\/index.php?rest_route=\/wp\/v2\/posts\/18673","targetHints":{"allow":["GET"]}}],"collection":[{"href":"https:\/\/noticiasveraces.com\/index.php?rest_route=\/wp\/v2\/posts"}],"about":[{"href":"https:\/\/noticiasveraces.com\/index.php?rest_route=\/wp\/v2\/types\/post"}],"author":[{"embeddable":true,"href":"https:\/\/noticiasveraces.com\/index.php?rest_route=\/wp\/v2\/users\/1"}],"replies":[{"embeddable":true,"href":"https:\/\/noticiasveraces.com\/index.php?rest_route=%2Fwp%2Fv2%2Fcomments&post=18673"}],"version-history":[{"count":0,"href":"https:\/\/noticiasveraces.com\/index.php?rest_route=\/wp\/v2\/posts\/18673\/revisions"}],"wp:featuredmedia":[{"embeddable":true,"href":"https:\/\/noticiasveraces.com\/index.php?rest_route=\/wp\/v2\/media\/18674"}],"wp:attachment":[{"href":"https:\/\/noticiasveraces.com\/index.php?rest_route=%2Fwp%2Fv2%2Fmedia&parent=18673"}],"wp:term":[{"taxonomy":"category","embeddable":true,"href":"https:\/\/noticiasveraces.com\/index.php?rest_route=%2Fwp%2Fv2%2Fcategories&post=18673"},{"taxonomy":"post_tag","embeddable":true,"href":"https:\/\/noticiasveraces.com\/index.php?rest_route=%2Fwp%2Fv2%2Ftags&post=18673"}],"curies":[{"name":"wp","href":"https:\/\/api.w.org\/{rel}","templated":true}]}}