{"id":18668,"date":"2025-03-15T02:52:19","date_gmt":"2025-03-15T06:52:19","guid":{"rendered":"https:\/\/noticiasveraces.com\/?p=18668"},"modified":"2025-03-15T02:52:19","modified_gmt":"2025-03-15T06:52:19","slug":"real-madrid-horario-posibles-alineaciones-y-donde-ver-el-partido-de-laliga-ea-sports-en-direto","status":"publish","type":"post","link":"https:\/\/noticiasveraces.com\/?p=18668","title":{"rendered":"Real Madrid: Horario, Posibles Alineaciones y D\u00f3nde ver El Partido de Laliga Ea Sports en Direto"},"content":{"rendered":"<p> \n<\/p>\n<div id=\"intext\">\n<p>Apenas Tres D\u00edas Despu\u00e9s de <b>Eliminar Al Atl\u00e9tico de Madrid<\/b> en la Liga de Campeones, El <b>Real Madrid<\/b> Retoma la Competici\u00f3n Liguera en una complada Visita a la Cer\u00e1mica, Donde Le Espera Un <b>Villarreal <\/b>Que es Quinto y Que, de Ganar A Los de Ancelotti, Puede Acechar la Cuarta Plaza de la Clasificaci\u00f3n. El duelo se presenta complicado para un verdadero madrid muy castigado f\u00edsicamme desespu\u00e9s de la enorme batalla del pasado mi\u00e9rcoles en el metropolitano, una eliminatoria que se extendi\u00f3 120 minutos y se resolv\u00f3 en <b>Una increiqu tanda de Penaltis<\/b>.<\/p>\n<p><b>Ferland Mendy<\/b>Baja entres y cuatro semanas de baja por una lesi\u00f3n en el bicheps femoral, no podr\u00e1 estar disponible para un ancelotti que <b>s\u00ed confirma <\/b>que vin\u00edcius estar\u00e1 listo para jugar ante el villarreal Tras ausenttarse del atrenamiento del viernes.<\/p>\n<p>\u00abLe Hemos Dado un D\u00eda M\u00e1s de Descanso Porque Sigue Estando Muy Cansado. Ma\u00f1ana Estar\u00e1 Disponible, un tope para Ayucarnos. Sin problemas de Tiene, S\u00f3lo Cansancio\u00bb, Reconoci\u00f3 ancelotti en la Rueda de Prensa del Viernes.<\/p>\n<p><b>Dani Carvajal, \u00c9der Militao, Jes\u00fas Vallejo y Dani Ceballos<\/b> Siguen Sido Baja por Lesi\u00f3n, Mientras que <b>Fede Valverde<\/b> Podr\u00eda Gozar de Descanso Tras el enorme Despliegue F\u00edsico Realizado Ante El Atl\u00e9tico de Madrid. El Real Madrid Se Ha DeJado Siete Puntos de Los \u00c1ltimos 15 en Juego en <b>Laliga EA Sports<\/b>. La Derrota Ante el Betis y Los Empates Ante Osasuna y Atl\u00e9tico Han Sido Aprovechados por Un Barcelona que Ha Neutralizado la desventaja para Volver A Ponerse L\u00edder de la Competici\u00f3n.<\/p>\n<p>La jornada se presente Clave de Cara al T\u00edtulo de Liga Teniendo en cuenta que el Atl\u00e9tico de Madrid, ToCado en lo f\u00edsico y lo an\u00edmico, recibe el domingo al barcelona en el metropolitano. El Equipo de Hansi Flick A\u00fan cuenta Con El Partido aplazado ante Osasuna por el Fallecimiento del Doctor Carles Mi\u00f1oRro.<\/p>\n<h2 class=\"title-h2\">Posibles Onces de Villarreal y Real Madrid<\/h2>\n<p>TODO INDICA QE CARLO ANCELOTTI CAMBIAR\u00c1 SUS DOS LESTRALES Para Jugar Ante El Villarreal: <b>Fran Garc\u00eda <\/b>Y<b> Lucas V\u00e1zquez<\/b> Por Fede Valverde y El Lesi\u00f3n Mendy. <b>Ra\u00fal asencio<\/b>Quien el Viernes <b>Fue Llamado por Luis de la Fuente<\/b>Tambi\u00e9n Gozar\u00eda de Descanso, Dejando Su PUESTO EN EL CENTRO DE LA ZAGA A ALABA. <b>Tchouameni, Camaviava y Bellingham <\/b>Formar\u00e1n el Centro del Campo; Mientras que <b>Vin\u00edcius, Mbapp\u00e9 y Rodrygo<\/b> SE Perfilan Como El Tridente de Ataque en la Cer\u00e1mica.<\/p>\n<p>Por su parte, el <b>Villarrea<\/b>L cuenta con los lesionados Gerard Moreno e ilias Akhomach. Marcelino Ha Contado Con Toda la Semana para Preparar El Duelo Ante El Real Madrid, El A\u00f1o Pasado El Partido Finaliz\u00f3 con Empate (4-4) y Un P\u00f3ker de Goles de Sorloth.<\/p>\n<p>El una vez, del Villarreal Puede ser El Siguiente: Conde; Cardona, Kambwala, Costa, Foyth; Baena, Parejo, Gueye, Pino; P\u00e9p\u00e9 y ayoz<\/p>\n<ul>\n<li><b>Villarreal<\/b>: Cond\u00e9; Cardona, Kambwala, Costa, Foyth; Baena, Parejo, Gueye, Pino; P\u00e9p\u00e9 y Ayoze.<\/li>\n<li><b>Real Madrid<\/b>: Courtois; Fran, R\u00fcdiger, Alaba, Lucas; Tchouameni, Camavinga, Bellingham; Vin\u00edcius, Mbapp\u00e9 y Rodrygo.<\/li>\n<\/ul>\n<h2 class=\"title-h2\">Horario y D\u00f3nde ver El Villarreal &#8211; Real Madrid<\/h2>\n<p>El <b>Villarreal &#8211; Real Madrid<\/b>Partido correspondiente a la <b>Jornada 28 de Laliga EA Sports<\/b>SE Jugar\u00e1 El <b>S\u00e1bado 15 de Marzo a Las 18:30 Horas<\/b> (Peninsular de Horario), en el Estadio de la Cer\u00e1mica. El Partido se PODR\u00c1 SEGUIR EN DIRECTO EN LA <b>P\u00e1gina Web de Antena 3 Deportes<\/b>Con la \u00daltima Hora del Villarreal &#8211; Real Madrid y Todos Los Goles.<\/p>\n<p><i>S\u00edguenos en nuestro canal de whatsapp y no te Pierdas la \u00daLtima Hora y Toda la actualidad de antena3noticias.com<\/i><\/p>\n<div class=\"recirculation-video\" data-mod=\"a3mod_recirculation_video\">\n<div class=\"recirculation-video-wrapper\">\n<div>\n<div class=\"video-wrapper\">\n  <picture class=\"video-main-picture\"><source media=\"(min-width: 481px)\" srcset=\"https:\/\/fotografias.antena3.com\/clipping\/cmsimages01\/2025\/03\/14\/A094B526-FCBC-4928-A061-5BC036B2DA40\/carlos-alcaraz-jack-draper-accion-indian-wells_94.jpg?crop=3191,1795,x43,y0&amp;width=800&amp;height=450&amp;optimize=medium&amp;format=webply\" width=\"800\" height=\"450\"><source media=\"(min-width: 391px) and (max-width: 480px)\" srcset=\"https:\/\/fotografias.antena3.com\/clipping\/cmsimages01\/2025\/03\/14\/A094B526-FCBC-4928-A061-5BC036B2DA40\/carlos-alcaraz-jack-draper-accion-indian-wells_70.jpg?crop=3191,1795,x43,y0&amp;width=480&amp;height=270&amp;optimize=high&amp;format=webply\" width=\"480\" height=\"270\"><source media=\"(min-width: 321px) and (max-width: 390px)\" srcset=\"https:\/\/fotografias.antena3.com\/clipping\/cmsimages01\/2025\/03\/14\/A094B526-FCBC-4928-A061-5BC036B2DA40\/carlos-alcaraz-jack-draper-accion-indian-wells_92.jpg?crop=3197,1795,x41,y0&amp;width=390&amp;height=219&amp;optimize=high&amp;format=webply\" width=\"390\" height=\"219\"><source media=\"(max-width: 320px)\" srcset=\"https:\/\/fotografias.antena3.com\/clipping\/cmsimages01\/2025\/03\/14\/A094B526-FCBC-4928-A061-5BC036B2DA40\/carlos-alcaraz-jack-draper-accion-indian-wells_52.jpg?crop=3191,1795,x43,y0&amp;width=320&amp;height=180&amp;optimize=high&amp;format=webply\" width=\"320\" height=\"180\"><img decoding=\"async\" title=\"Carlos Alcaraz y Jack Draper, en Acci\u00f3 en Indian Wells\" alt=\"Carlos Alcaraz y Jack Draper, en Acci\u00f3 en Indian Wells\" width=\"480\" height=\"270\" src=\"https:\/\/fotografias.antena3.com\/clipping\/cmsimages01\/2025\/03\/14\/A094B526-FCBC-4928-A061-5BC036B2DA40\/carlos-alcaraz-jack-draper-accion-indian-wells_70.jpg?crop=3191,1795,x43,y0&amp;width=480&amp;height=270&amp;optimize=high&amp;format=webply\" loading=\"lazy\" class=\"lazy\"\/><br \/>\n  <\/source><\/source><\/source><\/source><\/picture>\n <\/div>\n<\/div><\/div>\n<\/p><\/div>\n<\/div>\n\n","protected":false},"excerpt":{"rendered":"<p>Apenas Tres D\u00edas Despu\u00e9s de Eliminar Al Atl\u00e9tico de Madrid en la Liga de Campeones, El Real Madrid Retoma la Competici\u00f3n Liguera en una complada Visita a la Cer\u00e1mica, Donde Le Espera Un Villarreal Que es Quinto y Que, de Ganar A Los de Ancelotti, Puede Acechar la Cuarta Plaza de la Clasificaci\u00f3n. El duelo &hellip;<\/p>\n","protected":false},"author":1,"featured_media":18670,"comment_status":"open","ping_status":"open","sticky":false,"template":"","format":"standard","meta":{"fifu_image_url":"https:\/\/fotografias.antena3.com\/clipping\/cmsimages02\/2025\/01\/18\/CF8146CF-97E4-4399-B548-9C4DCB5F6CBC\/kylian-mbappe-real-madrid-celta-copa-rey_69.jpg?crop=5573,3135,x0,y0&width=1280&height=720&optimize=low&format=jpg","fifu_image_alt":"","footnotes":""},"categories":[6],"tags":[],"class_list":["post-18668","post","type-post","status-publish","format-standard","has-post-thumbnail","","category-deportes"],"_links":{"self":[{"href":"https:\/\/noticiasveraces.com\/index.php?rest_route=\/wp\/v2\/posts\/18668","targetHints":{"allow":["GET"]}}],"collection":[{"href":"https:\/\/noticiasveraces.com\/index.php?rest_route=\/wp\/v2\/posts"}],"about":[{"href":"https:\/\/noticiasveraces.com\/index.php?rest_route=\/wp\/v2\/types\/post"}],"author":[{"embeddable":true,"href":"https:\/\/noticiasveraces.com\/index.php?rest_route=\/wp\/v2\/users\/1"}],"replies":[{"embeddable":true,"href":"https:\/\/noticiasveraces.com\/index.php?rest_route=%2Fwp%2Fv2%2Fcomments&post=18668"}],"version-history":[{"count":0,"href":"https:\/\/noticiasveraces.com\/index.php?rest_route=\/wp\/v2\/posts\/18668\/revisions"}],"wp:featuredmedia":[{"embeddable":true,"href":"https:\/\/noticiasveraces.com\/index.php?rest_route=\/wp\/v2\/media\/18670"}],"wp:attachment":[{"href":"https:\/\/noticiasveraces.com\/index.php?rest_route=%2Fwp%2Fv2%2Fmedia&parent=18668"}],"wp:term":[{"taxonomy":"category","embeddable":true,"href":"https:\/\/noticiasveraces.com\/index.php?rest_route=%2Fwp%2Fv2%2Fcategories&post=18668"},{"taxonomy":"post_tag","embeddable":true,"href":"https:\/\/noticiasveraces.com\/index.php?rest_route=%2Fwp%2Fv2%2Ftags&post=18668"}],"curies":[{"name":"wp","href":"https:\/\/api.w.org\/{rel}","templated":true}]}}