{"id":18666,"date":"2025-03-15T02:38:52","date_gmt":"2025-03-15T06:38:52","guid":{"rendered":"https:\/\/noticiasveraces.com\/?p=18666"},"modified":"2025-03-15T02:38:52","modified_gmt":"2025-03-15T06:38:52","slug":"el-antes-y-el-dispues-de-los-embalses-catalanes-tras-la-lluvia-las-reservas-crecen-12-puntos-en-solo-una-semana-clima-y-medio-ambiente","status":"publish","type":"post","link":"https:\/\/noticiasveraces.com\/?p=18666","title":{"rendered":"El Antes y El Dispu\u00e9s de los Embalses Catalanes Tras la Lluvia: Las Reservas Crecen 12 Puntos en Solo una Semana | Clima y medio ambiente"},"content":{"rendered":"<p> \n<\/p>\n<div data-dtm-region=\"articulo_cuerpo\">\n<p class=\"\">Las Lluvias Que Trajo El Pasado Fin de Semana la Borrasca <i>Jana <\/i>y las que se ha sucedido a lo largo de esta semana ha -disparado las reservas de los embalses de las cuencas internas catalanas, que ha -ha pasado de un 31,3% el pasado viernes a un 43,5% de Hoy, un aumo de 12 porcentuals porcentuales a su capacido (total (total (5% de Hoyas, und\u00ede de 12 porcentuals con respetuos a su capacido (es un total de un 43,5% de siebre. Agua que Hab\u00eda Embalsada Ha Aumentado Casi un 40%), Seg\u00fan los datos de la Generalitat. Se Trata de la subida M\u00e1s pronunciada desde el temporal <i>Gloria <\/i>de 2020. Las cuencas internas acumulan a d\u00eda de Hoy 303 hect\u00f3manos c\u00fabicos, cuando la semana pasada ten\u00eda 218. La cifra, adem\u00e1s, ir\u00e1 <i>en crescendo<\/i> Estos d\u00edas porque los r\u00edos Siguen Bajando llenos y Las previsaciones Meteorol\u00f3gicas Apuntan A M\u00e1s Agua y Nieve A Lo Largo Del Fin de Semana en Las Cabeceras del Ter y Del Llobregat.<\/p>\n<figure id=\"ctnCompareImage\" class=\"a_m a_m-jx\"><span class=\"_db a_m_w _pr\"><\/p>\n<div class=\"compareImage-container\"><img alt=\"IMG-BORE\" decoding=\"auto\" class=\"compareImage-background _pa lazyload a_m-h\" height=\"276\" srcset=\"https:\/\/imagenes.elpais.com\/resizer\/v2\/ZDYJ5UAXDFEHNB3LT2K4C5X3JM.jpg?auth=1e719f7f663d90fd95c84dda3907269a0e12b0b1403b1f071658e97a4100fa2e&amp;width=414 414w,https:\/\/imagenes.elpais.com\/resizer\/v2\/ZDYJ5UAXDFEHNB3LT2K4C5X3JM.jpg?auth=1e719f7f663d90fd95c84dda3907269a0e12b0b1403b1f071658e97a4100fa2e&amp;width=828 828w\" width=\"414\" src=\"https:\/\/imagenes.elpais.com\/resizer\/v2\/ZDYJ5UAXDFEHNB3LT2K4C5X3JM.jpg?auth=1e719f7f663d90fd95c84dda3907269a0e12b0b1403b1f071658e97a4100fa2e&amp;width=414\" loading=\"lazy\"\/><img alt=\"IMG-despu\u00e9s\" decoding=\"auto\" class=\"compareImage-image _pa lazyload a_m-h\" height=\"276\" srcset=\"https:\/\/imagenes.elpais.com\/resizer\/v2\/TPWMU7JZLJDARNDZPBVNM745ZA.jpg?auth=4d0bbc874040c7c4282aefddba7eb970d57b59471cef8bbc408f57ee5075bece&amp;width=414 414w,https:\/\/imagenes.elpais.com\/resizer\/v2\/TPWMU7JZLJDARNDZPBVNM745ZA.jpg?auth=4d0bbc874040c7c4282aefddba7eb970d57b59471cef8bbc408f57ee5075bece&amp;width=828 828w\" width=\"414\" src=\"https:\/\/imagenes.elpais.com\/resizer\/v2\/TPWMU7JZLJDARNDZPBVNM745ZA.jpg?auth=4d0bbc874040c7c4282aefddba7eb970d57b59471cef8bbc408f57ee5075bece&amp;width=414\" loading=\"lazy\"\/><\/div>\n<p><\/span><figcaption class=\"a_m_p\">El Pantano de Sau, El 1 de Abril de 2024 y El 14 de Marzo de 2025. <!-- --> <span class=\"a_m_m\">Massimiliano Minocri <\/span><\/figcaption><\/figure>\n<p class=\"\">La situaci\u00f3n con el agua en catalu\u00f1a Difiere por por completo a la que se viv\u00eda hace ahora una\u00f1o, cuando las reservas tocaron su suelo hist\u00f3rico y se situaron en un exiguo 15% Ante la Sequ\u00eda M\u00e1s Extreme Que ha v\u00edvido la comunida desde. Siglo. El Gobierno SE Vio Forezado Entonces A Activar La Fase de Emergencia y aplicar Duras Restricciones dom\u00e9sticas, Industriales y Agr\u00edcolas. Incluso se Baraj\u00f3 la Posibilidad de Traer Agua en Barcos desde otros territorios para Garantizar El Abastecimiento de Barcelona. Un a\u00f1o desespu\u00e9s, la imagen del agua volviendo un cubrio, tras m\u00e1s de dos a\u00f1os al Descubierto, Las Ruinas de Sant Rom\u00e0 de Sau (Barcelona), Pueblo Engullido Tras la Construci\u00f3n de Un Pantano 19 1963, ilustra la Viva Imagen de La RecruCi\u00f3n.<\/p>\n<figure id=\"ctnCompareImage\" class=\"a_m a_m-jx\"><span class=\"_db a_m_w _pr\"><\/p>\n<div class=\"compareImage-container\"><img alt=\"IMG-BORE\" decoding=\"auto\" class=\"compareImage-background _pa lazyload a_m-h\" height=\"276\" srcset=\"https:\/\/imagenes.elpais.com\/resizer\/v2\/D6JTF5MYCRDGLJP3ZSEEJ4KZ4I.jpg?auth=a33c304f601decd45be0f5a2f304f7e0c4a0b725a4f3f9f0cd94d87d0ca3f493&amp;width=414 414w,https:\/\/imagenes.elpais.com\/resizer\/v2\/D6JTF5MYCRDGLJP3ZSEEJ4KZ4I.jpg?auth=a33c304f601decd45be0f5a2f304f7e0c4a0b725a4f3f9f0cd94d87d0ca3f493&amp;width=828 828w\" width=\"414\" src=\"https:\/\/imagenes.elpais.com\/resizer\/v2\/D6JTF5MYCRDGLJP3ZSEEJ4KZ4I.jpg?auth=a33c304f601decd45be0f5a2f304f7e0c4a0b725a4f3f9f0cd94d87d0ca3f493&amp;width=414\" loading=\"lazy\"\/><img alt=\"IMG-despu\u00e9s\" decoding=\"auto\" class=\"compareImage-image _pa lazyload a_m-h\" height=\"276\" srcset=\"https:\/\/imagenes.elpais.com\/resizer\/v2\/AZMWQY4CQBGHBCGJRN2WBVLUEE.jpg?auth=9332c84c62cd734d7fc94f08f0e1c2fea05d566698e9724d72e07a69613f5f41&amp;width=414 414w,https:\/\/imagenes.elpais.com\/resizer\/v2\/AZMWQY4CQBGHBCGJRN2WBVLUEE.jpg?auth=9332c84c62cd734d7fc94f08f0e1c2fea05d566698e9724d72e07a69613f5f41&amp;width=828 828w\" width=\"414\" src=\"https:\/\/imagenes.elpais.com\/resizer\/v2\/AZMWQY4CQBGHBCGJRN2WBVLUEE.jpg?auth=9332c84c62cd734d7fc94f08f0e1c2fea05d566698e9724d72e07a69613f5f41&amp;width=414\" loading=\"lazy\"\/><\/div>\n<p><\/span><figcaption class=\"a_m_p\">Otras Tomas del Pantano de Sau, en Las Mismas Fechas. <!-- --> <span class=\"a_m_m\">Massimiliano Minocri <\/span><\/figcaption><\/figure>\n<p class=\"\">El pantano de Sau, el segundo con mayor capacidad de la comunidad (165 hect\u00f3metros) y s\u00edmbolo de la crisis h\u00eddrica (en el peor momento de la sequ\u00eda, el pasado a\u00f1o, qued\u00f3 pr\u00e1cticamente seco), ha sido precisamente el m\u00e1s beneficiado durante esta semana de lluvias en Catalu\u00f1a. Ha Pasado de Un 7,3% de Hace una semana al 31,7% de Este Viernes. Susqueda (Barcelona), El de alcalde Capacidad, Ha Pasado de Un 38,1% A Un 41,4%; La Baells (Barcelona) Est\u00e1 Ya Al 72,6% (Frente al 53,9% de Hace una semana) y YA SUPERA LA MEDIO DE AGUA ACUMULADA EN 10 A\u00f1os. Sant Pon\u00e7 (Lleida) Est\u00e1 Al 60,5% (56,4% El Viernes de La Semana Pasada) y Llosa del Cavall (Lleida) Alcanza El 40,7% (34,3% Hace Una Semana).<\/p>\n<figure id=\"ctnCompareImage\" class=\"a_m a_m-jx\"><span class=\"_db a_m_w _pr\"><\/p>\n<div class=\"compareImage-container\"><img alt=\"IMG-BORE\" decoding=\"auto\" class=\"compareImage-background _pa lazyload a_m-h\" height=\"276\" srcset=\"https:\/\/imagenes.elpais.com\/resizer\/v2\/D3XFDJXZKVCMHKWNJ7PJNSV2P4.jpg?auth=197deb5d432b0b95436fc689034b940f7a5a39498f0a3f5bff51c340a1898c60&amp;width=414 414w,https:\/\/imagenes.elpais.com\/resizer\/v2\/D3XFDJXZKVCMHKWNJ7PJNSV2P4.jpg?auth=197deb5d432b0b95436fc689034b940f7a5a39498f0a3f5bff51c340a1898c60&amp;width=828 828w\" width=\"414\" src=\"https:\/\/imagenes.elpais.com\/resizer\/v2\/D3XFDJXZKVCMHKWNJ7PJNSV2P4.jpg?auth=197deb5d432b0b95436fc689034b940f7a5a39498f0a3f5bff51c340a1898c60&amp;width=414\" loading=\"lazy\"\/><img alt=\"IMG-despu\u00e9s\" decoding=\"auto\" class=\"compareImage-image _pa lazyload a_m-h\" height=\"276\" srcset=\"https:\/\/imagenes.elpais.com\/resizer\/v2\/ZZI2QL4QBNHULOZ4V7NO5LCJEM.jpg?auth=c4fc52e62ca30658cb37ad6f0abfd19e6d3741a71ec7cfddc984ae7f3c7bf832&amp;width=414 414w,https:\/\/imagenes.elpais.com\/resizer\/v2\/ZZI2QL4QBNHULOZ4V7NO5LCJEM.jpg?auth=c4fc52e62ca30658cb37ad6f0abfd19e6d3741a71ec7cfddc984ae7f3c7bf832&amp;width=828 828w\" width=\"414\" src=\"https:\/\/imagenes.elpais.com\/resizer\/v2\/ZZI2QL4QBNHULOZ4V7NO5LCJEM.jpg?auth=c4fc52e62ca30658cb37ad6f0abfd19e6d3741a71ec7cfddc984ae7f3c7bf832&amp;width=414\" loading=\"lazy\"\/><\/div>\n<p><\/span><figcaption class=\"a_m_p\">El Embalse de la Baells (Barcelona), El 17 de Noviembre de 2023 y El 14 de Marzo de 2025. <!-- --> <span class=\"a_m_m\">Massimiliano Minocri <\/span><\/figcaption><\/figure>\n<p class=\"\">La Comarca del Alt Empord\u00e0 (Girona), Que Parec\u00eda Maldecida Con Las Lluvias Desde Hac\u00eda M\u00e1s de Tres A\u00f1os, Ha Recibido Un enorme Bal\u00f3n de Ox\u00cdgeno \u200b\u200by Su Principal Embalse Embalse En los 35 municipios que dependen de este embalse y del acu\u00edfero flvvi\u00e0-muga Sigue Declarada la fase de emergencia, la m\u00e1s grave y las limitaciones supone de 200 litros por habitante al d\u00eda o la reducci\u00f3n del 80% del riego agr\u00edcola. El Pasado Martes, El Gobierno, Sin embargo, Opt\u00f3 por la Prudencia (Entonces El Emalse se Situaba al 32%) y decidi\u00f3 no relajar las limitaciones, si bien la portavoz del gobierno y consejera para la transici\u00f3n ecol\u00f3gica, Silvia Paneque, APRAZ\u00d3N ALACISION \u00abDECISI\u00d3N\u00bb Decisi\u00f3n \u00abdec. D\u00edas \u201d, A Falta de Reunse Con Los Agricultores de la Zona para Pactar los Desembalios de Agua Durante la \u00e9poca de Riego.<\/p>\n<figure id=\"ctnCompareImage\" class=\"a_m a_m-jx\"><span class=\"_db a_m_w _pr\"><\/p>\n<div class=\"compareImage-container\"><img alt=\"IMG-BORE\" decoding=\"auto\" class=\"compareImage-background _pa lazyload a_m-h\" height=\"276\" srcset=\"https:\/\/imagenes.elpais.com\/resizer\/v2\/D6ICBJXSJVDQXBQ5GUIQSSW2ZQ.jpg?auth=986759f51b3a54e8f0715e13044f92100954a0fd5b02947143ee3ee2b1e0a55a&amp;width=414 414w,https:\/\/imagenes.elpais.com\/resizer\/v2\/D6ICBJXSJVDQXBQ5GUIQSSW2ZQ.jpg?auth=986759f51b3a54e8f0715e13044f92100954a0fd5b02947143ee3ee2b1e0a55a&amp;width=828 828w\" width=\"414\" src=\"https:\/\/imagenes.elpais.com\/resizer\/v2\/D6ICBJXSJVDQXBQ5GUIQSSW2ZQ.jpg?auth=986759f51b3a54e8f0715e13044f92100954a0fd5b02947143ee3ee2b1e0a55a&amp;width=414\" loading=\"lazy\"\/><img alt=\"IMG-despu\u00e9s\" decoding=\"auto\" class=\"compareImage-image _pa lazyload a_m-h\" height=\"276\" srcset=\"https:\/\/imagenes.elpais.com\/resizer\/v2\/FDNGK3ND5JDE5LR4TATWE6MCTA.jpg?auth=4360c7a12ffd643134e57f2387408e7377564f510b7bed1f8957c7097f9fb1e7&amp;width=414 414w,https:\/\/imagenes.elpais.com\/resizer\/v2\/FDNGK3ND5JDE5LR4TATWE6MCTA.jpg?auth=4360c7a12ffd643134e57f2387408e7377564f510b7bed1f8957c7097f9fb1e7&amp;width=828 828w\" width=\"414\" src=\"https:\/\/imagenes.elpais.com\/resizer\/v2\/FDNGK3ND5JDE5LR4TATWE6MCTA.jpg?auth=4360c7a12ffd643134e57f2387408e7377564f510b7bed1f8957c7097f9fb1e7&amp;width=414\" loading=\"lazy\"\/><\/div>\n<p><\/span><\/figure>\n<p class=\"\">En Catalu\u00f1a, Todav\u00eda Hay 542 Municipios que las restricciones aplicanas, Aunque en la Mayor\u00eda se Trata ya de Limitaciones Leves, Como la Prohibici\u00f3n de RECRAR EL JARD\u00cdN DURANTE EL DIA. Tambi\u00e9n en Barcelona, \u200b\u200bDonde Sigue Vigente la Alerta por Sequ\u00eda desde hace dos A\u00f1os y Medio, Pero Al Ritmo en Que se alivia las reservas podr\u00eda Levantarse en cuesti\u00f3n de semanas y dar por enterrada definitivament\u00e9 la secu\u00eda m\u00e1s extremo.<\/p>\n<p class=\"\"><b>Decrece el Riesgo de desbordamiento de r\u00edos<\/b><\/p>\n<p class=\"\">En paralelo, en el Resto de la Pen\u00ednsula Durante las Pr\u00f3ximas Horas, y Previo a la Llegada de Una Nueva Borasca el Lunes, Las Lluvias Dar\u00e1n una Tregua, favoreciendo el Decrecimento en El Caudal de Los R\u00edos, lo que Dmesnuire DISNUIR\u00c1SGO DE DESBORDAMORDO. En andaluc\u00eda, una de las comunidades m\u00e1s afectadas por las lluvias, el riesgo de inundaciones por el r\u00edo guadalete hab\u00eda desaparecido este viernes, de momento, por el alivio de las lluvias. En las cuencas del duero, cuatro tramos fluviales, todos del adaja, que segu\u00eda un d\u00eda m\u00e1s en alerta Naranja, Tienen Riesgo intermedio, un su paso por ar\u00e9valo, envila, y en Valdestillas, en vallolid, en Ambos con tendencia. Por su parte, en Castilla-la Mancha la Situaci\u00f3n de los R\u00edos de Castilla-La Mancha es de \u00abRelativa Calma\u00bb Pese A Que los Desembalses Contin\u00faa En la Regi\u00f3n, Informa Efe.<\/p>\n<figure id=\"ctnCompareImage\" class=\"a_m a_m-jx\"><span class=\"_db a_m_w _pr\"><\/p>\n<div class=\"compareImage-container\"><img alt=\"IMG-BORE\" decoding=\"auto\" class=\"compareImage-background _pa lazyload a_m-h\" height=\"276\" srcset=\"https:\/\/imagenes.elpais.com\/resizer\/v2\/SC4MVYIDK5DO3CBYC57U7YFFA4.jpg?auth=602ba5415508fc412d9491aef684ff3b8b0eba7c5842db08ec73c8571499b0e4&amp;width=414 414w,https:\/\/imagenes.elpais.com\/resizer\/v2\/SC4MVYIDK5DO3CBYC57U7YFFA4.jpg?auth=602ba5415508fc412d9491aef684ff3b8b0eba7c5842db08ec73c8571499b0e4&amp;width=828 828w\" width=\"414\" src=\"https:\/\/imagenes.elpais.com\/resizer\/v2\/SC4MVYIDK5DO3CBYC57U7YFFA4.jpg?auth=602ba5415508fc412d9491aef684ff3b8b0eba7c5842db08ec73c8571499b0e4&amp;width=414\" loading=\"lazy\"\/><img alt=\"IMG-despu\u00e9s\" decoding=\"auto\" class=\"compareImage-image _pa lazyload a_m-h\" height=\"276\" srcset=\"https:\/\/imagenes.elpais.com\/resizer\/v2\/YVBRNNU4MNGNDFMBUFXENP223U.jpg?auth=78f64aa932248eba926f16d845d7ad5aecd6201c175e7213864bff990d8a22ba&amp;width=414 414w,https:\/\/imagenes.elpais.com\/resizer\/v2\/YVBRNNU4MNGNDFMBUFXENP223U.jpg?auth=78f64aa932248eba926f16d845d7ad5aecd6201c175e7213864bff990d8a22ba&amp;width=828 828w\" width=\"414\" src=\"https:\/\/imagenes.elpais.com\/resizer\/v2\/YVBRNNU4MNGNDFMBUFXENP223U.jpg?auth=78f64aa932248eba926f16d845d7ad5aecd6201c175e7213864bff990d8a22ba&amp;width=414\" loading=\"lazy\"\/><\/div>\n<p><\/span><figcaption class=\"a_m_p\">  El Embalse de la Baells (Barcelona), en Las Mismas Fechas. <!-- --> <span class=\"a_m_m\">Massimiliano Minocri <\/span><\/figcaption><\/figure>\n<\/div>\n\n","protected":false},"excerpt":{"rendered":"<p>Las Lluvias Que Trajo El Pasado Fin de Semana la Borrasca Jana y las que se ha sucedido a lo largo de esta semana ha -disparado las reservas de los embalses de las cuencas internas catalanas, que ha -ha pasado de un 31,3% el pasado viernes a un 43,5% de Hoy, un aumo de 12 &hellip;<\/p>\n","protected":false},"author":1,"featured_media":18667,"comment_status":"open","ping_status":"open","sticky":false,"template":"","format":"standard","meta":{"fifu_image_url":"https:\/\/imagenes.elpais.com\/resizer\/v2\/SHRVFHZLZFECHCKOYTQ3EXJ3GU.jpg?auth=1f37b85b437cea11d51a534dbdeb72367316160d90ffb25fd0077c7b5caa0d8a&width=1200","fifu_image_alt":"","footnotes":""},"categories":[11],"tags":[],"class_list":["post-18666","post","type-post","status-publish","format-standard","has-post-thumbnail","","category-viaje"],"_links":{"self":[{"href":"https:\/\/noticiasveraces.com\/index.php?rest_route=\/wp\/v2\/posts\/18666","targetHints":{"allow":["GET"]}}],"collection":[{"href":"https:\/\/noticiasveraces.com\/index.php?rest_route=\/wp\/v2\/posts"}],"about":[{"href":"https:\/\/noticiasveraces.com\/index.php?rest_route=\/wp\/v2\/types\/post"}],"author":[{"embeddable":true,"href":"https:\/\/noticiasveraces.com\/index.php?rest_route=\/wp\/v2\/users\/1"}],"replies":[{"embeddable":true,"href":"https:\/\/noticiasveraces.com\/index.php?rest_route=%2Fwp%2Fv2%2Fcomments&post=18666"}],"version-history":[{"count":0,"href":"https:\/\/noticiasveraces.com\/index.php?rest_route=\/wp\/v2\/posts\/18666\/revisions"}],"wp:featuredmedia":[{"embeddable":true,"href":"https:\/\/noticiasveraces.com\/index.php?rest_route=\/wp\/v2\/media\/18667"}],"wp:attachment":[{"href":"https:\/\/noticiasveraces.com\/index.php?rest_route=%2Fwp%2Fv2%2Fmedia&parent=18666"}],"wp:term":[{"taxonomy":"category","embeddable":true,"href":"https:\/\/noticiasveraces.com\/index.php?rest_route=%2Fwp%2Fv2%2Fcategories&post=18666"},{"taxonomy":"post_tag","embeddable":true,"href":"https:\/\/noticiasveraces.com\/index.php?rest_route=%2Fwp%2Fv2%2Ftags&post=18666"}],"curies":[{"name":"wp","href":"https:\/\/api.w.org\/{rel}","templated":true}]}}