{"id":18661,"date":"2025-03-15T02:06:45","date_gmt":"2025-03-15T06:06:45","guid":{"rendered":"https:\/\/noticiasveraces.com\/?p=18661"},"modified":"2025-03-15T02:06:45","modified_gmt":"2025-03-15T06:06:45","slug":"new-intel-ceo-lip-bu-tan-recibira-un-paquete-de-compensacion-de-69-millones","status":"publish","type":"post","link":"https:\/\/noticiasveraces.com\/?p=18661","title":{"rendered":"New Intel CEO Lip-Bu Tan recibir\u00e1 un paquete de compensaci\u00f3n de $ 69 millones"},"content":{"rendered":"<p> \n<\/p>\n<div id=\"RegularArticle-ArticleBody-5\" data-module=\"ArticleBody\" data-test=\"articleBody-2\" data-analytics=\"RegularArticle-articleBody-5-2\"><span class=\"HighlightShare-hidden\" style=\"top:0;left:0\"\/><\/p>\n<div class=\"InlineImage-imageEmbed\" id=\"ArticleBody-InlineImage-108115411\" data-test=\"InlineImage\">\n<div class=\"InlineImage-wrapper\">\n<div>\n<p>Intel nombra a Lip-Bu Tan como CEO.<\/p>\n<p>Cortes\u00eda: Intel<\/p>\n<\/div>\n<\/div>\n<\/div>\n<div class=\"group\">\n<p>Nuevo <span class=\"QuoteInBody-quoteNameContainer\" data-test=\"QuoteInBody\" id=\"RegularArticle-QuoteInBody-1\">Intel<span class=\"QuoteInBody-inlineButton\"><span class=\"AddToWatchlistButton-watchlistContainer\" id=\"-WatchlistDropdown\" data-analytics-id=\"-WatchlistDropdown\"><button class=\"AddToWatchlistButton-watchlistButton\" aria-label=\"Add To Watchlist\" data-testid=\"dropdown-btn\"><span class=\"AddToWatchlistButton-addWatchListFromTag\"\/><\/button><\/span><\/span><\/span>  El CEO Lip-Bu Tan recibir\u00e1 una compensaci\u00f3n total de $ 1 mill\u00f3n en salario y alrededor de $ 66 millones en opciones de acciones y subvenciones en los pr\u00f3ximos a\u00f1os, seg\u00fan la presentaci\u00f3n del viernes ante la SEC.<\/p>\n<p>Tan fue nombrado Jefe de Intel esta semana, espurriendo espera que el veterano de la industria de Chip pueda cambiar a la compa\u00f1\u00eda con dificultades. Las acciones de Intel subieron casi un 20% hasta ahora en 2025, y la mayor\u00eda de esas ganancias llegaron esta semana, luego de la cita de Tan. Comienza la pr\u00f3xima semana.<\/p>\n<p>Tan recibir\u00e1 $ 1 mill\u00f3n en salario, y es elegible para un bono anual por valor de $ 2 millones.<\/p>\n<p>Tambi\u00e9n recibir\u00e1 unidades de acciones en una subvenci\u00f3n de capital a largo plazo valorada en $ 14.4 millones, as\u00ed como una subvenci\u00f3n de rendimiento de $ 17 millones en acciones de Intel. Ambas subvenciones se otorgar\u00e1n durante un per\u00edodo de cinco a\u00f1os, aunque Tan no ganar\u00e1 ninguna de esas acciones si el precio de las acciones de Intel cae en los pr\u00f3ximos tres a\u00f1os. Puede ganar m\u00e1s acciones si el precio de las acciones de la compa\u00f1\u00eda supera al mercado.<\/p>\n<p>Tan recibir\u00e1 un paquete de opciones sobre acciones por valor de $ 9.6 millones, as\u00ed como una nueva subvenci\u00f3n de opci\u00f3n de alquiler por valor de $ 25 millones.<\/p>\n<p>En total, el paquete de compensaci\u00f3n de Tan tiene alrededor de $ 66 millones en premios y opciones de capital a largo plazo, adem\u00e1s del salario, los bonos y los gastos legales. Si Intel pasa por un cambio de control, Tan podr\u00eda ser elegible para la adjudicaci\u00f3n acelerada, seg\u00fan la presentaci\u00f3n.<\/p>\n<p>\u00abLa compensaci\u00f3n de Lip-Bu refleja su experiencia y credenciales como un l\u00edder tecnol\u00f3gico consumado con una experiencia profunda en la industria y es competitiva en el mercado\u00bb, dijo Intel en un comentario enviado por correo electr\u00f3nico. \u00abLa gran mayor\u00eda de su compensaci\u00f3n est\u00e1 basada en la equidad y est\u00e1 vinculada a la creaci\u00f3n de valor de los accionistas a largo plazo\u00bb.<\/p>\n<p>Por separado, Tan acord\u00f3 comprar $ 25 millones en acciones de Intel y mantenerlas para ser elegibles para las subvenciones y bonos.<\/p>\n<p><strong>MIRAR:<\/strong> Cramer en el nuevo CEO de Intel<\/p>\n<\/div>\n<div role=\"region\" aria-labelledby=\"Placeholder-ArticleBody-Video-108115853\">\n<div role=\"button\" tabindex=\"0\" id=\"Placeholder-ArticleBody-Video-108115853\" class=\"PlaceHolder-wrapper\" data-vilynx-id=\"7000369641\" data-test=\"VideoPlaceHolder\">\n<div class=\"InlineVideo-videoEmbed\" id=\"InlineVideo-0\" data-test=\"InlineVideo\">\n<div class=\"InlineVideo-wrapper\">\n<div class=\"InlineVideo-inlineThumbnailContainer\"><img decoding=\"async\" class=\"InlineVideo-videoThumbnail\" src=\"https:\/\/image.cnbcfm.com\/api\/v1\/image\/108115878-17419077275ED3-MM-F-BLOCK-031325.jpg?v=1741907726&amp;w=750&amp;h=422&amp;vtcrop=y\" alt=\"Jim Cramer habla impacto del nuevo anuncio de CEO de Intel\"\/><span class=\"InlineVideo-videoButton\"\/><span\/><\/div>\n<\/div>\n<\/div>\n<\/div>\n<\/div>\n<\/div>\n\n","protected":false},"excerpt":{"rendered":"<p>Intel nombra a Lip-Bu Tan como CEO. Cortes\u00eda: Intel Nuevo Intel El CEO Lip-Bu Tan recibir\u00e1 una compensaci\u00f3n total de $ 1 mill\u00f3n en salario y alrededor de $ 66 millones en opciones de acciones y subvenciones en los pr\u00f3ximos a\u00f1os, seg\u00fan la presentaci\u00f3n del viernes ante la SEC. Tan fue nombrado Jefe de Intel &hellip;<\/p>\n","protected":false},"author":1,"featured_media":18663,"comment_status":"open","ping_status":"open","sticky":false,"template":"","format":"standard","meta":{"fifu_image_url":"https:\/\/image.cnbcfm.com\/api\/v1\/image\/108115411-1741869621703-Intel-Lip-Bu-Tan-CEO.jpg?v=1741889942&w=1920&h=1080","fifu_image_alt":"","footnotes":""},"categories":[2],"tags":[],"class_list":["post-18661","post","type-post","status-publish","format-standard","has-post-thumbnail","","category-tecnologia"],"_links":{"self":[{"href":"https:\/\/noticiasveraces.com\/index.php?rest_route=\/wp\/v2\/posts\/18661","targetHints":{"allow":["GET"]}}],"collection":[{"href":"https:\/\/noticiasveraces.com\/index.php?rest_route=\/wp\/v2\/posts"}],"about":[{"href":"https:\/\/noticiasveraces.com\/index.php?rest_route=\/wp\/v2\/types\/post"}],"author":[{"embeddable":true,"href":"https:\/\/noticiasveraces.com\/index.php?rest_route=\/wp\/v2\/users\/1"}],"replies":[{"embeddable":true,"href":"https:\/\/noticiasveraces.com\/index.php?rest_route=%2Fwp%2Fv2%2Fcomments&post=18661"}],"version-history":[{"count":0,"href":"https:\/\/noticiasveraces.com\/index.php?rest_route=\/wp\/v2\/posts\/18661\/revisions"}],"wp:featuredmedia":[{"embeddable":true,"href":"https:\/\/noticiasveraces.com\/index.php?rest_route=\/wp\/v2\/media\/18663"}],"wp:attachment":[{"href":"https:\/\/noticiasveraces.com\/index.php?rest_route=%2Fwp%2Fv2%2Fmedia&parent=18661"}],"wp:term":[{"taxonomy":"category","embeddable":true,"href":"https:\/\/noticiasveraces.com\/index.php?rest_route=%2Fwp%2Fv2%2Fcategories&post=18661"},{"taxonomy":"post_tag","embeddable":true,"href":"https:\/\/noticiasveraces.com\/index.php?rest_route=%2Fwp%2Fv2%2Ftags&post=18661"}],"curies":[{"name":"wp","href":"https:\/\/api.w.org\/{rel}","templated":true}]}}