{"id":18653,"date":"2025-03-15T00:18:45","date_gmt":"2025-03-15T04:18:45","guid":{"rendered":"https:\/\/noticiasveraces.com\/?p=18653"},"modified":"2025-03-15T00:18:45","modified_gmt":"2025-03-15T04:18:45","slug":"lider-senior-del-estado-islamico-asesinado-en-irak-trump-dice-que-su-vida-miserable-fue-terminada","status":"publish","type":"post","link":"https:\/\/noticiasveraces.com\/?p=18653","title":{"rendered":"L\u00edder senior del Estado Isl\u00e1mico asesinado en Irak, Trump dice que su \u00abvida miserable fue terminada\u00bb"},"content":{"rendered":"<p> \n<\/p>\n<div>\n<p class=\"speakable\">El l\u00edder del Estado Isl\u00e1mico en Irak y Siria ha sido asesinado, anunci\u00f3 el viernes el primer ministro de Iraq.<\/p>\n<p class=\"speakable\">Abdallah Maki Mosleh al-Rifai, o \u00abAbu Khadija\u00bb, fue asesinado en una operaci\u00f3n por miembros del Servicio de Inteligencia Nacional Iraqu\u00ed junto con las fuerzas de la coalici\u00f3n lideradas por Estados Unidos, dijo el primer ministro de Irak, Mohammed Shia al-Sudani, en una declaraci\u00f3n.<\/p>\n<p>El primer ministro describi\u00f3 a Al-Rifai como \u00abuno de los terroristas m\u00e1s peligrosos de Irak y el mundo\u00bb.<\/p>\n<p>El presidente de los Estados Unidos, Donald Trump, reaccion\u00f3 a las noticias en su plataforma de redes sociales, Truth Social, diciendo que la \u00abvida miserable de Al-Rifai fue terminada\u00bb.<\/p>\n<p><strong>El ex refugiado iraqu\u00ed que vive en Texas se declara culpable de conspirar para apoyar a ISIS<\/strong><\/p>\n<div class=\"image-ct inline\">\n<div class=\"m\"><picture><source media=\"(max-width: 767px)\" srcset=\"https:\/\/a57.foxnews.com\/static.foxnews.com\/foxnews.com\/content\/uploads\/2025\/03\/343\/192\/irawpm.png?ve=1&amp;tl=1, https:\/\/a57.foxnews.com\/static.foxnews.com\/foxnews.com\/content\/uploads\/2025\/03\/686\/384\/irawpm.png?ve=1&amp;tl=1 2x\" height=\"192\" width=\"343\"><source media=\"(min-width: 768px) and (max-width: 1023px)\" srcset=\"https:\/\/a57.foxnews.com\/static.foxnews.com\/foxnews.com\/content\/uploads\/2025\/03\/672\/378\/irawpm.png?ve=1&amp;tl=1, https:\/\/a57.foxnews.com\/static.foxnews.com\/foxnews.com\/content\/uploads\/2025\/03\/1344\/756\/irawpm.png?ve=1&amp;tl=1 2x\" height=\"378\" width=\"672\"><source media=\"(min-width: 1024px) and (max-width: 1279px)\" srcset=\"https:\/\/a57.foxnews.com\/static.foxnews.com\/foxnews.com\/content\/uploads\/2025\/03\/931\/523\/irawpm.png?ve=1&amp;tl=1, https:\/\/a57.foxnews.com\/static.foxnews.com\/foxnews.com\/content\/uploads\/2025\/03\/1862\/1046\/irawpm.png?ve=1&amp;tl=1 2x\" height=\"523\" width=\"931\"><source media=\"(min-width: 1280px)\" srcset=\"https:\/\/a57.foxnews.com\/static.foxnews.com\/foxnews.com\/content\/uploads\/2025\/03\/720\/405\/irawpm.png?ve=1&amp;tl=1, https:\/\/a57.foxnews.com\/static.foxnews.com\/foxnews.com\/content\/uploads\/2025\/03\/1440\/810\/irawpm.png?ve=1&amp;tl=1 2x\" height=\"405\" width=\"720\"><img loading=\"lazy\" decoding=\"async\" src=\"https:\/\/a57.foxnews.com\/static.foxnews.com\/foxnews.com\/content\/uploads\/2025\/03\/1200\/675\/irawpm.png?ve=1&amp;tl=1\" alt=\"El primer ministro de Iraq, Mohammed Shia al-Sudani\" width=\"1200\" height=\"675\"\/><\/source><\/source><\/source><\/source><\/picture><\/div>\n<div class=\"info\">\n<div class=\"caption\">\n<p><span>El primer ministro de Iraq, Mohammed Shia al-Sudani, describi\u00f3 a Al-Rifai como \u00abuno de los terroristas m\u00e1s peligrosos de Irak y el mundo\u00bb.<\/span> <span>(AP)<\/span><\/p>\n<\/div>\n<\/div>\n<\/div>\n<p>\u00abHoy, el l\u00edder fugitivo de ISIS en Irak fue asesinado\u00bb, escribi\u00f3 Trump el viernes por la noche. \u00abNuestros intr\u00e9pidos guerreros lo persegu\u00edan implacablemente. Su vida miserable fue terminada, junto con otro miembro de ISIS, en coordinaci\u00f3n con el gobierno iraqu\u00ed y el gobierno regional kurdo\u00bb.<\/p>\n<p>\u00ab\u00a1Paz a trav\u00e9s de la fuerza!\u00bb El presidente agreg\u00f3.<\/p>\n<p>El Comando Central de EE. UU. Dijo en un comunicado que sus fuerzas, en cooperaci\u00f3n con las fuerzas de inteligencia y seguridad iraqu\u00edes, llevaron a cabo un ataque a\u00e9reo en la provincia de Al Anbar, Iraq, que mat\u00f3 al \u00abl\u00edder mundial del ISIS #2, el jefe de operaciones globales y el comit\u00e9 delegado emir, abdallah makki muslih al-rifai, alias, abu khadijah,\u00bb y otro es la operativa de ISIS \u00ab\u00bb es el otro \u00abes el otro\u00bb es la operaci\u00f3n de ISIS \u00ab.\u00bb \u00ab<\/p>\n<div class=\"image-ct inline\">\n<div class=\"m\"><picture><source media=\"(max-width: 767px)\" srcset=\"https:\/\/a57.foxnews.com\/static.foxnews.com\/foxnews.com\/content\/uploads\/2025\/02\/343\/192\/trumpsigningorder.png?ve=1&amp;tl=1, https:\/\/a57.foxnews.com\/static.foxnews.com\/foxnews.com\/content\/uploads\/2025\/02\/686\/384\/trumpsigningorder.png?ve=1&amp;tl=1 2x\" height=\"192\" width=\"343\"><source media=\"(min-width: 768px) and (max-width: 1023px)\" srcset=\"https:\/\/a57.foxnews.com\/static.foxnews.com\/foxnews.com\/content\/uploads\/2025\/02\/672\/378\/trumpsigningorder.png?ve=1&amp;tl=1, https:\/\/a57.foxnews.com\/static.foxnews.com\/foxnews.com\/content\/uploads\/2025\/02\/1344\/756\/trumpsigningorder.png?ve=1&amp;tl=1 2x\" height=\"378\" width=\"672\"><source media=\"(min-width: 1024px) and (max-width: 1279px)\" srcset=\"https:\/\/a57.foxnews.com\/static.foxnews.com\/foxnews.com\/content\/uploads\/2025\/02\/931\/523\/trumpsigningorder.png?ve=1&amp;tl=1, https:\/\/a57.foxnews.com\/static.foxnews.com\/foxnews.com\/content\/uploads\/2025\/02\/1862\/1046\/trumpsigningorder.png?ve=1&amp;tl=1 2x\" height=\"523\" width=\"931\"><source media=\"(min-width: 1280px)\" srcset=\"https:\/\/a57.foxnews.com\/static.foxnews.com\/foxnews.com\/content\/uploads\/2025\/02\/720\/405\/trumpsigningorder.png?ve=1&amp;tl=1, https:\/\/a57.foxnews.com\/static.foxnews.com\/foxnews.com\/content\/uploads\/2025\/02\/1440\/810\/trumpsigningorder.png?ve=1&amp;tl=1 2x\" height=\"405\" width=\"720\"><img loading=\"lazy\" decoding=\"async\" src=\"https:\/\/a57.foxnews.com\/static.foxnews.com\/foxnews.com\/content\/uploads\/2025\/02\/1200\/675\/trumpsigningorder.png?ve=1&amp;tl=1\" alt=\"Triunfo\" width=\"1200\" height=\"675\"\/><\/source><\/source><\/source><\/source><\/picture><\/div>\n<div class=\"info\">\n<div class=\"caption\">\n<p><span>El presidente de los Estados Unidos, Donald Trump, reaccion\u00f3 diciendo que la \u00abvida miserable de Al-Rifai fue terminada\u00bb.<\/span> <span>(Getty Images)<\/span><\/p>\n<\/div>\n<\/div>\n<\/div>\n<p>\u00abComo el Emir del \u00f3rgano de toma de decisiones m\u00e1s importante de ISIS, Abu Khadijah mantuvo la responsabilidad de las operaciones, la log\u00edstica y la planificaci\u00f3n realizada por ISIS a nivel mundial, y dirige una parte significativa de las finanzas para la organizaci\u00f3n global del grupo\u00bb, dijo Centcom.<\/p>\n<div class=\"image-ct inline\">\n<div class=\"m\"><picture><source media=\"(max-width: 767px)\" srcset=\"https:\/\/a57.foxnews.com\/static.foxnews.com\/foxnews.com\/content\/uploads\/2023\/10\/343\/192\/GettyImages-1371460611.jpg?ve=1&amp;tl=1, https:\/\/a57.foxnews.com\/static.foxnews.com\/foxnews.com\/content\/uploads\/2023\/10\/686\/384\/GettyImages-1371460611.jpg?ve=1&amp;tl=1 2x\" height=\"192\" width=\"343\"><source media=\"(min-width: 768px) and (max-width: 1023px)\" srcset=\"https:\/\/a57.foxnews.com\/static.foxnews.com\/foxnews.com\/content\/uploads\/2023\/10\/672\/378\/GettyImages-1371460611.jpg?ve=1&amp;tl=1, https:\/\/a57.foxnews.com\/static.foxnews.com\/foxnews.com\/content\/uploads\/2023\/10\/1344\/756\/GettyImages-1371460611.jpg?ve=1&amp;tl=1 2x\" height=\"378\" width=\"672\"><source media=\"(min-width: 1024px) and (max-width: 1279px)\" srcset=\"https:\/\/a57.foxnews.com\/static.foxnews.com\/foxnews.com\/content\/uploads\/2023\/10\/931\/523\/GettyImages-1371460611.jpg?ve=1&amp;tl=1, https:\/\/a57.foxnews.com\/static.foxnews.com\/foxnews.com\/content\/uploads\/2023\/10\/1862\/1046\/GettyImages-1371460611.jpg?ve=1&amp;tl=1 2x\" height=\"523\" width=\"931\"><source media=\"(min-width: 1280px)\" srcset=\"https:\/\/a57.foxnews.com\/static.foxnews.com\/foxnews.com\/content\/uploads\/2023\/10\/720\/405\/GettyImages-1371460611.jpg?ve=1&amp;tl=1, https:\/\/a57.foxnews.com\/static.foxnews.com\/foxnews.com\/content\/uploads\/2023\/10\/1440\/810\/GettyImages-1371460611.jpg?ve=1&amp;tl=1 2x\" height=\"405\" width=\"720\"><img loading=\"lazy\" decoding=\"async\" src=\"https:\/\/a57.foxnews.com\/static.foxnews.com\/foxnews.com\/content\/uploads\/2023\/10\/1200\/675\/GettyImages-1371460611.jpg?ve=1&amp;tl=1\" alt=\"Soldado de ISIS sosteniendo una bandera\" width=\"1200\" height=\"675\"\/><\/source><\/source><\/source><\/source><\/picture><\/div>\n<div class=\"info\">\n<div class=\"caption\">\n<p><span>Estado Isl\u00e1mico\/Iraq\/Siria: un soldado enmascarado del Estado Isl\u00e1mico posa que posee el banner ISIL en alg\u00fan lugar de los desiertos de Irak o Siria. ISIL Publicity Image, 2015. <\/span> <span>(Im\u00e1genes de History\/Universal Images Group a trav\u00e9s de Getty Images)<\/span><\/p>\n<\/div>\n<\/div>\n<\/div>\n<p>Despu\u00e9s de la huelga, las fuerzas estadounidenses e iraqu\u00edes se movieron a la ubicaci\u00f3n de la huelga y encontraron objetivos de ISIS muertos que llevaban \u00abchalecos suicidas\u00bb sin explotar y que ten\u00edan m\u00faltiples armas, dijo Centcom.<\/p>\n<p><strong>El administrador de Trump termina la exenci\u00f3n permitiendo a Irak comprar electricidad iran\u00ed como parte de la campa\u00f1a de &#8216;presi\u00f3n m\u00e1xima&#8217;<\/strong><\/p>\n<div class=\"image-ct inline\">\n<div class=\"m\"><picture><source media=\"(max-width: 767px)\" srcset=\"https:\/\/a57.foxnews.com\/static.foxnews.com\/foxnews.com\/content\/uploads\/2025\/03\/343\/192\/iraqsyria.png?ve=1&amp;tl=1, https:\/\/a57.foxnews.com\/static.foxnews.com\/foxnews.com\/content\/uploads\/2025\/03\/686\/384\/iraqsyria.png?ve=1&amp;tl=1 2x\" height=\"192\" width=\"343\"><source media=\"(min-width: 768px) and (max-width: 1023px)\" srcset=\"https:\/\/a57.foxnews.com\/static.foxnews.com\/foxnews.com\/content\/uploads\/2025\/03\/672\/378\/iraqsyria.png?ve=1&amp;tl=1, https:\/\/a57.foxnews.com\/static.foxnews.com\/foxnews.com\/content\/uploads\/2025\/03\/1344\/756\/iraqsyria.png?ve=1&amp;tl=1 2x\" height=\"378\" width=\"672\"><source media=\"(min-width: 1024px) and (max-width: 1279px)\" srcset=\"https:\/\/a57.foxnews.com\/static.foxnews.com\/foxnews.com\/content\/uploads\/2025\/03\/931\/523\/iraqsyria.png?ve=1&amp;tl=1, https:\/\/a57.foxnews.com\/static.foxnews.com\/foxnews.com\/content\/uploads\/2025\/03\/1862\/1046\/iraqsyria.png?ve=1&amp;tl=1 2x\" height=\"523\" width=\"931\"><source media=\"(min-width: 1280px)\" srcset=\"https:\/\/a57.foxnews.com\/static.foxnews.com\/foxnews.com\/content\/uploads\/2025\/03\/720\/405\/iraqsyria.png?ve=1&amp;tl=1, https:\/\/a57.foxnews.com\/static.foxnews.com\/foxnews.com\/content\/uploads\/2025\/03\/1440\/810\/iraqsyria.png?ve=1&amp;tl=1 2x\" height=\"405\" width=\"720\"><img loading=\"lazy\" decoding=\"async\" src=\"https:\/\/a57.foxnews.com\/static.foxnews.com\/foxnews.com\/content\/uploads\/2025\/03\/1200\/675\/iraqsyria.png?ve=1&amp;tl=1\" alt=\"El ministro de Relaciones Exteriores de Siria, Asaad al-Shaybani, se fue, habla durante una conferencia de prensa con su hom\u00f3logo iraqu\u00ed Fouad Hussein\" width=\"1200\" height=\"675\"\/><\/source><\/source><\/source><\/source><\/picture><\/div>\n<div class=\"info\">\n<div class=\"caption\">\n<p><span>El ministro de Relaciones Exteriores de Siria, Asaad al-Shaybani, se fue, habla durante una conferencia de prensa con su hom\u00f3logo iraqu\u00ed Fouad Hussein despu\u00e9s de su reuni\u00f3n, en Bagdad, Iraq, viernes 14 de marzo de 2025.<\/span> <span>(AP)<\/span><\/p>\n<\/div>\n<\/div>\n<\/div>\n<p><strong><u>Haga clic aqu\u00ed para obtener la aplicaci\u00f3n Fox News<\/u><\/strong><\/p>\n<p>Las fuerzas estadounidenses e iraqu\u00edes pudieron identificar al-Rifai usando ADN recogido en una redada anterior donde escap\u00f3 por poco.<\/p>\n<p>\u00abAbu Khadijah fue uno de los miembros de ISIS m\u00e1s importantes en toda la organizaci\u00f3n global de ISIS. Continuaremos matando a los terroristas y desmantelando a sus organizaciones que amenazan nuestra patria y el personal aliado, aliado y asociado en la regi\u00f3n y m\u00e1s all\u00e1\u00bb, dijo el comandante del general Michael Erik Kurilla, comandante en Centcom, en un comunicado.<\/p>\n<p> <!----> <\/div>\n\n","protected":false},"excerpt":{"rendered":"<p>El l\u00edder del Estado Isl\u00e1mico en Irak y Siria ha sido asesinado, anunci\u00f3 el viernes el primer ministro de Iraq. Abdallah Maki Mosleh al-Rifai, o \u00abAbu Khadija\u00bb, fue asesinado en una operaci\u00f3n por miembros del Servicio de Inteligencia Nacional Iraqu\u00ed junto con las fuerzas de la coalici\u00f3n lideradas por Estados Unidos, dijo el primer ministro &hellip;<\/p>\n","protected":false},"author":1,"featured_media":18655,"comment_status":"open","ping_status":"open","sticky":false,"template":"","format":"standard","meta":{"fifu_image_url":"https:\/\/static.foxnews.com\/foxnews.com\/content\/uploads\/2023\/04\/GettyImages-1371460611.jpg","fifu_image_alt":"","footnotes":""},"categories":[13],"tags":[],"class_list":["post-18653","post","type-post","status-publish","format-standard","has-post-thumbnail","","category-mundo"],"_links":{"self":[{"href":"https:\/\/noticiasveraces.com\/index.php?rest_route=\/wp\/v2\/posts\/18653","targetHints":{"allow":["GET"]}}],"collection":[{"href":"https:\/\/noticiasveraces.com\/index.php?rest_route=\/wp\/v2\/posts"}],"about":[{"href":"https:\/\/noticiasveraces.com\/index.php?rest_route=\/wp\/v2\/types\/post"}],"author":[{"embeddable":true,"href":"https:\/\/noticiasveraces.com\/index.php?rest_route=\/wp\/v2\/users\/1"}],"replies":[{"embeddable":true,"href":"https:\/\/noticiasveraces.com\/index.php?rest_route=%2Fwp%2Fv2%2Fcomments&post=18653"}],"version-history":[{"count":0,"href":"https:\/\/noticiasveraces.com\/index.php?rest_route=\/wp\/v2\/posts\/18653\/revisions"}],"wp:featuredmedia":[{"embeddable":true,"href":"https:\/\/noticiasveraces.com\/index.php?rest_route=\/wp\/v2\/media\/18655"}],"wp:attachment":[{"href":"https:\/\/noticiasveraces.com\/index.php?rest_route=%2Fwp%2Fv2%2Fmedia&parent=18653"}],"wp:term":[{"taxonomy":"category","embeddable":true,"href":"https:\/\/noticiasveraces.com\/index.php?rest_route=%2Fwp%2Fv2%2Fcategories&post=18653"},{"taxonomy":"post_tag","embeddable":true,"href":"https:\/\/noticiasveraces.com\/index.php?rest_route=%2Fwp%2Fv2%2Ftags&post=18653"}],"curies":[{"name":"wp","href":"https:\/\/api.w.org\/{rel}","templated":true}]}}