{"id":18622,"date":"2025-03-14T20:04:37","date_gmt":"2025-03-15T00:04:37","guid":{"rendered":"https:\/\/noticiasveraces.com\/?p=18622"},"modified":"2025-03-14T20:04:37","modified_gmt":"2025-03-15T00:04:37","slug":"intento-de-golpe-de-estado-o-representa-dw-14-03-2025","status":"publish","type":"post","link":"https:\/\/noticiasveraces.com\/?p=18622","title":{"rendered":"\u00bfIntento de Golpe de Estado o representa? &#8211; DW &#8211; 14\/03\/2025"},"content":{"rendered":"<p> \n<\/p>\n<div>\n<p>En El Pa\u00eds del F\u00fatbol, \u200b\u200bHasta los Intentos de Golpe de Estado Los Llevar\u00edan A Cabo Fan\u00e1rtica de Este Deporte. Un argumento de un digno del surrealismo m\u00e1gico, si no fuera por la gravedad de los hechos ocurridos en argentina.<\/p>\n<p>Lo Cierto es Que, Seg\u00fan El Gobierno, este Ocurri\u00f3 El Pasado Mi\u00e9rcoles 12 de Marzo. \u00abFue una Marcha Organizada por Patotas, por Barrabravas, Agrupaciones de Izquierda violentas, Distintos sectoros que buscan la desestabilizaci\u00f3n Total y absoluta de nuestro goBierno\u201d, Interpret\u00f3 los acontecimientos la ministerio de seguidad patricia bullrich. <\/p>\n<h2>\u00bfPor Qu\u00e9 Qu\u00e9 Hinchas de F\u00fatbol?<\/h2>\n<p>CADA Mi\u00e9rcoles Los Jubilados Protestan Frente A Las Puertas del Congreso para Pedir por la Actualizacia de sus pensiones y la restituci\u00f3n de la Cobertura de Medicamentos.<\/p>\n<p>ESTA SEMANA, LA MANIFESTACI\u00d3N CONT\u00d3 CON EL APOYO DE SEGUIDORES DE UNA TREINTENA DE CLUBES DE FUTBOL, ASI COMO DE ORGANIZACIONES SOCIALES Y SINDICALES.<\/p>\n<p>La Iniciativa Naci\u00f3 desde el Club Chacarita, para defensor de un veterano de ise club que hab\u00eda sido gaseado en una concentraci\u00f3n anterior.<\/p>\n<h2>Los Hechos<\/h2>\n<p>La Marcha Deriv\u00f3 en Violentos perturbaciones en los que resultan Heridas Cerca de 50 Personas y M\u00e1s de Un Centenar Fueron detenidas (y Postereriormental Liberadas en Su Mayor\u00eda).<\/p>\n<p>El Reportero Gr\u00e1fico Pablo Grillo Fue Herido de Gravedad Por Un Proyectil de Gas Lacrim\u00f3geno Disparado por Las Fuerzas de Seguridad, y Lucha por Su Vida.<\/p>\n<h2>\u00bfUn \u00abaccidente\u00bb?<\/h2>\n<p>\u00abLas Mal Llamadas ARMAS MENOS LESTALES, Como las Utilizadas en la protesta, Matan\u00bb, Aseguran desde el Centro de Estudios legaliza y Sociales (CELS).<svg xmlns=\"http:\/\/www.w3.org\/2000\/svg\" width=\"20\" height=\"20\" viewbox=\"0 0 20 20\"><path d=\"M11.5 3.5 11.5 4.233C14.342 4.233 15.167 4.245 15.167 4.258L8.984 10.467 10.033 11.516C14.826 6.725 16.228 5.333 16.242 5.333L16.267 9 17.733 9 17.733 2.767 11.5 2.767 11.5 3.5M2.267 11 2.267 17.233 16.733 17.233 16.733 12 15.267 12 15.25 15.75 9.5 15.75 3.75 15.75 3.75 6.25 9.5 6.233 9.5 4.767 2.267 4.767 2.267 11 \"\/><\/svg><\/p>\n<p>\u00abEl ImpactO del Cartucho de Gas en la Cabeza de Pablo Grillo es consecia directa del protocolo antipiquetos 943, que reintrodujo el uso de armas peligrosas en operaciones en manifestaciones p\u00fablicas, que se estriense antes prohibidas\u00bb, Puntualizizan desde las el organismo de las el organismos de los organismos de las humanes.<\/p>\n<figure class=\"placeholder-image master_landscape big\"><img data-format=\"MASTER_LANDSCAPE\" data-id=\"71904916\" data-url=\"https:\/\/static.dw.com\/image\/71904916_${formatId}.jpg\" data-aspect-ratio=\"16\/9\" alt=\"Argentinien Buenos Aires 2025 | Protesta Gegen Mileis Sparpolitik \" style=\"padding-bottom: 56.25%; height: 0; max-height: 0;\"\/><figcaption class=\"img-caption\">Sectores de heno que buscan la desestabilizaci\u00f3n total y absoluta de nuestro gobierno \u00ab, Asegur\u00f3 la Ministra de Seguridad Argentina, Patricia Bullrich. <small class=\"copyright\">Imagen: Agustin Marcarian\/Reuters<\/small><\/figcaption><\/figure>\n<p>\u00abLA Representante del Mi\u00e9rcoles no fue una respuesta improvisada, sina una decisi\u00f3n previa al planificada\u00bb, Acusan.<\/p>\n<p>\u00abLa Autorizacia del Uso de Armas Letales, El Despliegue Coordinado de Todas Las Fuerzas Federales y El Discurso Belicista del Gobierno Indican que el Objetivo era impedir la protesta del mi\u00e9rcoles 12 un Cosco Costo\u00bb, Denuncian en su an\u00e1lisis \u00abLA LA COM\u00cdAN\u00d3NATAN\u00bb.<\/p>\n<h2>Criminalizaci\u00f3 de la protesta<\/h2>\n<p>Las Causas de Los Desmanes no Tienen Que ver \u00abCon la participante de los Barrabravas\u00bb, Asegura el Reconocido Periodista Jorge Fontevecchia en Di\u00e1logo Con DW, \u00abSino Con las Condicaciones de Posibilidad Que Permeten Que se Genere Su participaci\u00f3n\u00bb, Conyador.<\/p>\n<p>\u00abSiempre Habr\u00e1 Violentos a Quienes Reprobar, Pero los Gobiernos hijo Los Encargados de Desagotar la Violencia Social\u00bb, Apunta el Analista Desde la Capital Argentina.<\/p>\n<p>\u00abSi la Ministra Bullrich Siembra representa, cosechar\u00e1 sus muertos\u00bb, asegura sin matices. \u00abLa Violencia Desatada por el Operativa Policial, Casi Militar, Que Ella Conducta es Cap\u00edtulo m\u00e1s en su agenda de Criminalizaci\u00f3n de la Protesta y Disciplinamiento social\u00bb, Critica.<\/p>\n<p><span data-slot-id=\"Article_InContent-1\" class=\"rich-text-ad\"\/><\/p>\n<h2>Los Jubilados, Las V\u00edctimas<\/h2>\n<p>\u00abLos Jubilados Est\u00e1n Entre Quienes m\u00e1s Han sufrido las consecias del Ajuste Llevado Adelante por El Gobierno\u00bb, contextualiza, en tanto, el polit\u00f3logo y doctor en ciiencias sociales hern\u00e1n toppi.<\/p>\n<p>\u00abUn SUS Tradicionales Protestas se les Sumaron OTROS Sectores Usualmental Violentos: Los Barrabravas y Sectores de la Izquierda combita\u00bb, Sostiene, consultado por este medio.<\/p>\n<p>\u00abEl Choque Entre Estos Sectores y la Polic\u00eda Termin\u00f3 Desvirtuando El Problema Salarial de los Jubilados\u00bb, Analiza el Tambi\u00e9n Profesor de la Universidad Del Salvador, Adjudicando Responsabilidades M\u00c1S A Tono Con la Interpretaci\u00f3n del Gobierno.<\/p>\n<p>Sin embargo, \u00abHubo un enfrentamiento entre sectores Violentos con un aparato estatal estapolio de la fuerza f\u00edsica disputa a la representaci\u00f3n\u00bb, apunta tambi\u00e9n. \u00abY Hubo Exesos por parte de las Fuerzas Policiales\u00bb, Indica.<\/p>\n<h2>De aqu\u00ed en m\u00e1s<\/h2>\n<p>\u00abSoja optimista respeto al futuro de la argentina, porque intento a milei el fin de lo viejo, y no el comienzo de lo nuevo\u00bb, afirma fontevecchia. \u00abMilei es el Paroxismo de la Polarizaci\u00f3n. Y lo nuevo, es el entendimiento y el consenso\u00bb, postula.<\/p>\n<p>\u00abEl Futuro del Pa\u00eds dependiendo, en Primera Instancia, de lo que suceda con la econom\u00eda\u00bb, Asegura, Por Su parte, El Acad\u00e9mico Toppi. \u00abSi la econom\u00eda se estabiliza, El Gobierno de Milei Se\u00edgir\u00e1 Sido popular\u00bb, Eval\u00faa. \u00abSi la econom\u00eda Entra en crisis, se incrementar\u00e1 la inestabilidad pol\u00edtica y la conflicto dividad tambi\u00e9n subir\u00e1\u00bb, Plantea Cauto.<\/p>\n<p>Por Ahora, Ya la Luz de Los Hechos de Esta Semana, Vale Que en El Pa\u00eds del F\u00fatbol, \u200b\u200bA Veces, No hay nada que Festejar.<\/p>\n<\/div>\n\n","protected":false},"excerpt":{"rendered":"<p>En El Pa\u00eds del F\u00fatbol, \u200b\u200bHasta los Intentos de Golpe de Estado Los Llevar\u00edan A Cabo Fan\u00e1rtica de Este Deporte. Un argumento de un digno del surrealismo m\u00e1gico, si no fuera por la gravedad de los hechos ocurridos en argentina. Lo Cierto es Que, Seg\u00fan El Gobierno, este Ocurri\u00f3 El Pasado Mi\u00e9rcoles 12 de Marzo. &hellip;<\/p>\n","protected":false},"author":1,"featured_media":18623,"comment_status":"open","ping_status":"open","sticky":false,"template":"","format":"standard","meta":{"fifu_image_url":"https:\/\/static.dw.com\/image\/71904872_6.jpg","fifu_image_alt":"","footnotes":""},"categories":[13],"tags":[],"class_list":["post-18622","post","type-post","status-publish","format-standard","has-post-thumbnail","","category-mundo"],"_links":{"self":[{"href":"https:\/\/noticiasveraces.com\/index.php?rest_route=\/wp\/v2\/posts\/18622","targetHints":{"allow":["GET"]}}],"collection":[{"href":"https:\/\/noticiasveraces.com\/index.php?rest_route=\/wp\/v2\/posts"}],"about":[{"href":"https:\/\/noticiasveraces.com\/index.php?rest_route=\/wp\/v2\/types\/post"}],"author":[{"embeddable":true,"href":"https:\/\/noticiasveraces.com\/index.php?rest_route=\/wp\/v2\/users\/1"}],"replies":[{"embeddable":true,"href":"https:\/\/noticiasveraces.com\/index.php?rest_route=%2Fwp%2Fv2%2Fcomments&post=18622"}],"version-history":[{"count":0,"href":"https:\/\/noticiasveraces.com\/index.php?rest_route=\/wp\/v2\/posts\/18622\/revisions"}],"wp:featuredmedia":[{"embeddable":true,"href":"https:\/\/noticiasveraces.com\/index.php?rest_route=\/wp\/v2\/media\/18623"}],"wp:attachment":[{"href":"https:\/\/noticiasveraces.com\/index.php?rest_route=%2Fwp%2Fv2%2Fmedia&parent=18622"}],"wp:term":[{"taxonomy":"category","embeddable":true,"href":"https:\/\/noticiasveraces.com\/index.php?rest_route=%2Fwp%2Fv2%2Fcategories&post=18622"},{"taxonomy":"post_tag","embeddable":true,"href":"https:\/\/noticiasveraces.com\/index.php?rest_route=%2Fwp%2Fv2%2Ftags&post=18622"}],"curies":[{"name":"wp","href":"https:\/\/api.w.org\/{rel}","templated":true}]}}