{"id":18569,"date":"2025-03-14T08:47:34","date_gmt":"2025-03-14T12:47:34","guid":{"rendered":"https:\/\/noticiasveraces.com\/?p=18569"},"modified":"2025-03-14T08:47:34","modified_gmt":"2025-03-14T12:47:34","slug":"hay-esta-regla-y-hay-que-respetarla","status":"publish","type":"post","link":"https:\/\/noticiasveraces.com\/?p=18569","title":{"rendered":"\u00abHay Esta Regla y Hay Que Respetarla\u00bb"},"content":{"rendered":"<p> \n<\/p>\n<div id=\"intext\">\n<p>El Real Madrid Pasa P\u00e1gina Tras la Eliminatoria Ante El Atl\u00e9tico de Madrid y Su Clasificaci\u00f3n para Los Cuartos de la Final de la Liga de Campeones. Cons Ecos de la Pol\u00e9mica a\u00fan Sonando por e Penalti Anulado A Juli\u00e1n \u00c1lvarez en la Tanda por Un Doble Toque, Probado ESTO \u00daLTIMO POR la \u200b\u200bUEFA, Carlo Ancelotti Ha Dado por Zanjado El Asunto este Viernes, en la Previa del Duelo Liguero Ante el el el Ele Villarreal.<\/p>\n<p>\u00abPara Nosotros el Partido se Ha Acabado y Estamos Contentos de Estar en Cuartos de Final. TODO LO PASA ALREDOR DE ESTE PARTIDO NO LO VEMOS, ESTAMOS FOCALIZADOS EN EL DE MANANA QUE CIERRA UN PERIERDO CON MUCHOS PARTIDOS. Selecciones en Buena Din\u00e1mica \u00ab, Se\u00f1al\u00e7o Ancelotti.<\/p>\n<p>El T\u00e9cnico Italiano no Quiso Opinar Sobre Si Se Debe Modificar La Norma en Casa de Que, Como Juli\u00e1n \u00c1lvaraz, no haya voluntario y se Deba Repetir El Lanzamiento.<\/p>\n<p>\u00abSin idea de Tengo ni de lo que har\u00eda porque no estoy en este Sitio. Hay Esta Regla y Hay Que Respetarla\u00bb, Aclar\u00f3 el de Reggiolo.<\/p>\n<p>Carlo Ancelotti si Opin\u00f3 Sobre El Calendario y El Hecho que Se Equipeo Tenga de Que Jugar Este S\u00e1bado en la Cer\u00e1mica Ante El Villarreal Tras la Batalla del Pasado Mi\u00e9rcoles Ante El Atl\u00e9tico de Madrid en El Metropolitano.<\/p>\n<p>\u00abNo lo entiendo Pero no podemos hacer nada, Tenemos que estar ah\u00ed y Jugar el Partido tambi\u00e9n. No lo entiendo porque lo m\u00ednimo de recuperaci\u00f3na 72 HORAS PERAS ESE EL CALENDARIO QUE HAY Y OJAL\u00c1 UN D\u00cdA PEEDA CAMBIAR. PARTE M\u00c1S IMPORTANTE, Que es la recuperaci\u00f3n de los futbolistas.<\/p>\n<p>Carlo Ancelotti Se\u00f1al\u00f3 la Carga de Partidos que su equipo ha Tenido que afrontar de desde el REGRESO de las Vacaciones Navide\u00f1as, Con Tres Partidos por Semana.<\/p>\n<p>\u00abEs Estresante por el Calendario, Que es DemaSiudo. Desde Enero No Hemos Parado ni Momento Jugando Cada Tres D\u00edas. Ahora Estamos A Mitad de Marzo, Ma\u00f1ana Ser\u00e1 El Partido 21 O 22 Del A\u00f1o Estando en Marzo. Es Demasiado para M\u00ed No Juego, Sen TiMpo, Sen TiMpoT La Presi\u00f3n de los Partidos, Pero es lo que hay.<\/p>\n<p>En lO puramete Deportivo, Carlo Ancelotti no Descarart\u00f3 que vin\u00edcius pueda estar listo para jugar ante el villarreal en la cer\u00e1mica, desespu\u00e9s de no estar Hoy en el atrenamiento del primero por unas molestias musculias.<\/p>\n<p>\u00abLe Hemos Dado un D\u00eda M\u00e1s de Descanso Porque Sigue Estando Muy Cansado\u00bb, Desvel\u00f3 Ancelotti.<\/p>\n<p>\u00abMa\u00f1ana Estar\u00e1 Disponible, un tope para Ayucarnos. Sin problemas de Tiene, S\u00f3lo Cansancio\u00bb, A\u00f1adi\u00f3 el Italiano Sobre El Estado F\u00edsico del Brasile\u00f1o.<\/p>\n<p><i>S\u00edguenos en nuestro canal de whatsapp y no te Pierdas la \u00daLtima Hora y Toda la actualidad de antena3noticias.com<\/i><\/p>\n<div class=\"recirculation-video\" data-mod=\"a3mod_recirculation_video\">\n<div class=\"recirculation-video-wrapper\">\n<div>\n<div class=\"video-wrapper\">\n  <picture class=\"video-main-picture\"><source media=\"(min-width: 481px)\" srcset=\"https:\/\/fotografias.antena3.com\/clipping\/cmsimages01\/2025\/03\/14\/D89A7273-9022-441B-9312-2FDD87079C22\/agentes-ertzantza-cargan-aficionados-roma_94.jpg?crop=1920,1080,x0,y99&amp;width=800&amp;height=450&amp;optimize=medium&amp;format=webply\" width=\"800\" height=\"450\"><source media=\"(min-width: 391px) and (max-width: 480px)\" srcset=\"https:\/\/fotografias.antena3.com\/clipping\/cmsimages01\/2025\/03\/14\/D89A7273-9022-441B-9312-2FDD87079C22\/agentes-ertzantza-cargan-aficionados-roma_70.jpg?crop=1920,1080,x0,y99&amp;width=480&amp;height=270&amp;optimize=high&amp;format=webply\" width=\"480\" height=\"270\"><source media=\"(min-width: 321px) and (max-width: 390px)\" srcset=\"https:\/\/fotografias.antena3.com\/clipping\/cmsimages01\/2025\/03\/14\/D89A7273-9022-441B-9312-2FDD87079C22\/agentes-ertzantza-cargan-aficionados-roma_92.jpg?crop=1920,1078,x0,y100&amp;width=390&amp;height=219&amp;optimize=high&amp;format=webply\" width=\"390\" height=\"219\"><source media=\"(max-width: 320px)\" srcset=\"https:\/\/fotografias.antena3.com\/clipping\/cmsimages01\/2025\/03\/14\/D89A7273-9022-441B-9312-2FDD87079C22\/agentes-ertzantza-cargan-aficionados-roma_52.jpg?crop=1920,1080,x0,y99&amp;width=320&amp;height=180&amp;optimize=high&amp;format=webply\" width=\"320\" height=\"180\"><img decoding=\"async\" title=\"Agentes de Le Ertzantza Cargan Contra Aficionados de la Roma\" alt=\"Agentes de Le Ertzantza Cargan Contra Aficionados de la Roma\" width=\"480\" height=\"270\" src=\"https:\/\/fotografias.antena3.com\/clipping\/cmsimages01\/2025\/03\/14\/D89A7273-9022-441B-9312-2FDD87079C22\/agentes-ertzantza-cargan-aficionados-roma_70.jpg?crop=1920,1080,x0,y99&amp;width=480&amp;height=270&amp;optimize=high&amp;format=webply\" loading=\"lazy\" class=\"lazy\"\/><br \/>\n  <\/source><\/source><\/source><\/source><\/picture>\n <\/div>\n<\/div><\/div>\n<\/p><\/div>\n<\/div>\n\n","protected":false},"excerpt":{"rendered":"<p>El Real Madrid Pasa P\u00e1gina Tras la Eliminatoria Ante El Atl\u00e9tico de Madrid y Su Clasificaci\u00f3n para Los Cuartos de la Final de la Liga de Campeones. Cons Ecos de la Pol\u00e9mica a\u00fan Sonando por e Penalti Anulado A Juli\u00e1n \u00c1lvarez en la Tanda por Un Doble Toque, Probado ESTO \u00daLTIMO POR la \u200b\u200bUEFA, Carlo &hellip;<\/p>\n","protected":false},"author":1,"featured_media":18571,"comment_status":"open","ping_status":"open","sticky":false,"template":"","format":"standard","meta":{"fifu_image_url":"https:\/\/fotografias.antena3.com\/clipping\/cmsimages01\/2025\/03\/14\/C66D3EA5-7CAF-4EB1-B339-B2A38A4E3775\/carlo-ancelotti-rueda-prensa_69.jpg?crop=5375,3023,x0,y0&width=1280&height=720&optimize=low&format=jpg","fifu_image_alt":"","footnotes":""},"categories":[6],"tags":[],"class_list":["post-18569","post","type-post","status-publish","format-standard","has-post-thumbnail","","category-deportes"],"_links":{"self":[{"href":"https:\/\/noticiasveraces.com\/index.php?rest_route=\/wp\/v2\/posts\/18569","targetHints":{"allow":["GET"]}}],"collection":[{"href":"https:\/\/noticiasveraces.com\/index.php?rest_route=\/wp\/v2\/posts"}],"about":[{"href":"https:\/\/noticiasveraces.com\/index.php?rest_route=\/wp\/v2\/types\/post"}],"author":[{"embeddable":true,"href":"https:\/\/noticiasveraces.com\/index.php?rest_route=\/wp\/v2\/users\/1"}],"replies":[{"embeddable":true,"href":"https:\/\/noticiasveraces.com\/index.php?rest_route=%2Fwp%2Fv2%2Fcomments&post=18569"}],"version-history":[{"count":0,"href":"https:\/\/noticiasveraces.com\/index.php?rest_route=\/wp\/v2\/posts\/18569\/revisions"}],"wp:featuredmedia":[{"embeddable":true,"href":"https:\/\/noticiasveraces.com\/index.php?rest_route=\/wp\/v2\/media\/18571"}],"wp:attachment":[{"href":"https:\/\/noticiasveraces.com\/index.php?rest_route=%2Fwp%2Fv2%2Fmedia&parent=18569"}],"wp:term":[{"taxonomy":"category","embeddable":true,"href":"https:\/\/noticiasveraces.com\/index.php?rest_route=%2Fwp%2Fv2%2Fcategories&post=18569"},{"taxonomy":"post_tag","embeddable":true,"href":"https:\/\/noticiasveraces.com\/index.php?rest_route=%2Fwp%2Fv2%2Ftags&post=18569"}],"curies":[{"name":"wp","href":"https:\/\/api.w.org\/{rel}","templated":true}]}}