{"id":18560,"date":"2025-03-14T07:41:17","date_gmt":"2025-03-14T11:41:17","guid":{"rendered":"https:\/\/noticiasveraces.com\/?p=18560"},"modified":"2025-03-14T07:41:17","modified_gmt":"2025-03-14T11:41:17","slug":"hamas-acepta-liberar-a-edan-alexander-el-ultimo-rehen-estadounidense-vivo","status":"publish","type":"post","link":"https:\/\/noticiasveraces.com\/?p=18560","title":{"rendered":"Hamas acepta liberar a Edan Alexander, el \u00faltimo reh\u00e9n estadounidense vivo"},"content":{"rendered":"<p> \n<\/p>\n<div>\n<p class=\"speakable\">Hamas acord\u00f3 el viernes liberar a Edan Alexander, el \u00faltimo reh\u00e9n estadounidense en cautiverio en el Gaza Strip.<\/p>\n<p class=\"speakable\">Alexander, un israel\u00ed estadounidense de 21 a\u00f1os, ser\u00e1 liberado junto con los cuerpos de otros cuatro rehenes, seg\u00fan un acuerdo ofrecido por los mediadores. Hasta el viernes, Alexander se ha mantenido cautivo durante 525 d\u00edas, dijeron los rehenes y el foro de familias desaparecidas.<\/p>\n<p>Aunque pas\u00f3 la mayor parte de su vida en Nueva Jersey, Alexander naci\u00f3 en Israel unos meses antes de que sus padres se mudaran a los Estados Unidos, seg\u00fan el Comit\u00e9 Jud\u00edo Americano (AJC).<\/p>\n<p>Despu\u00e9s de graduarse de la escuela secundaria, Alexander decidi\u00f3 que se alistar\u00eda en las Fuerzas de Defensa de Israel (FDI) en lugar de inscribirse en la universidad.<\/p>\n<div class=\"image-ct inline\">\n<div class=\"m\"><picture><source media=\"(max-width: 767px)\" srcset=\"https:\/\/a57.foxnews.com\/static.foxnews.com\/foxnews.com\/content\/uploads\/2024\/03\/343\/192\/Screenshot-2024-03-06-at-4.37.44-PM.jpg?ve=1&amp;tl=1, https:\/\/a57.foxnews.com\/static.foxnews.com\/foxnews.com\/content\/uploads\/2024\/03\/686\/384\/Screenshot-2024-03-06-at-4.37.44-PM.jpg?ve=1&amp;tl=1 2x\" height=\"192\" width=\"343\"><source media=\"(min-width: 768px) and (max-width: 1023px)\" srcset=\"https:\/\/a57.foxnews.com\/static.foxnews.com\/foxnews.com\/content\/uploads\/2024\/03\/672\/378\/Screenshot-2024-03-06-at-4.37.44-PM.jpg?ve=1&amp;tl=1, https:\/\/a57.foxnews.com\/static.foxnews.com\/foxnews.com\/content\/uploads\/2024\/03\/1344\/756\/Screenshot-2024-03-06-at-4.37.44-PM.jpg?ve=1&amp;tl=1 2x\" height=\"378\" width=\"672\"><source media=\"(min-width: 1024px) and (max-width: 1279px)\" srcset=\"https:\/\/a57.foxnews.com\/static.foxnews.com\/foxnews.com\/content\/uploads\/2024\/03\/931\/523\/Screenshot-2024-03-06-at-4.37.44-PM.jpg?ve=1&amp;tl=1, https:\/\/a57.foxnews.com\/static.foxnews.com\/foxnews.com\/content\/uploads\/2024\/03\/1862\/1046\/Screenshot-2024-03-06-at-4.37.44-PM.jpg?ve=1&amp;tl=1 2x\" height=\"523\" width=\"931\"><source media=\"(min-width: 1280px)\" srcset=\"https:\/\/a57.foxnews.com\/static.foxnews.com\/foxnews.com\/content\/uploads\/2024\/03\/720\/405\/Screenshot-2024-03-06-at-4.37.44-PM.jpg?ve=1&amp;tl=1, https:\/\/a57.foxnews.com\/static.foxnews.com\/foxnews.com\/content\/uploads\/2024\/03\/1440\/810\/Screenshot-2024-03-06-at-4.37.44-PM.jpg?ve=1&amp;tl=1 2x\" height=\"405\" width=\"720\"><img loading=\"lazy\" decoding=\"async\" src=\"https:\/\/a57.foxnews.com\/static.foxnews.com\/foxnews.com\/content\/uploads\/2024\/03\/1200\/675\/Screenshot-2024-03-06-at-4.37.44-PM.jpg?ve=1&amp;tl=1\" alt=\"Edan Alexander\" width=\"1200\" height=\"675\"\/><\/source><\/source><\/source><\/source><\/picture><\/div>\n<div class=\"info\">\n<div class=\"caption\">\n<p><span>Edan Alexander, nacido en Tel Aviv y criado en Nueva Jersey, actualmente est\u00e1 siendo retenida por Hamas en Gaza. <\/span> <span>(Foro de Familia de rehenes)<\/span><\/p>\n<\/div>\n<\/div>\n<\/div>\n<p>El 7 de octubre, Alexander, que estaba sirviendo en la Brigada Golani de las FDI, una unidad de infanter\u00eda, patrullaba cerca de Gaza cuando comenzaron los ataques de Hamas contra Israel. Los ataques terminaron con 1.200 israel\u00edes muertos y 251 rehenes tomados, incluido Alexander.<\/p>\n<p>Yael Alexander, la madre de Edan, relat\u00f3 el d\u00eda en que fue tomado como reh\u00e9n en una entrevista reciente con \u00abPeople of the Pod\u00bb de AJC. Yael estaba en Israel a principios de octubre de 2023, visitando a su familia y esperando ver a Edan. En la ma\u00f1ana del 7 de octubre, ella habl\u00f3 con Edan, quien dijo que estaba viendo \u00abcosas terribles\u00bb, pero \u00e9l le asegur\u00f3 que estaba a salvo. Luego fue tomado como reh\u00e9n.<\/p>\n<div class=\"image-ct inline\">\n<div class=\"m\"><picture><source media=\"(max-width: 767px)\" srcset=\"https:\/\/a57.foxnews.com\/static.foxnews.com\/foxnews.com\/content\/uploads\/2025\/03\/343\/192\/yael-alexander.jpg?ve=1&amp;tl=1, https:\/\/a57.foxnews.com\/static.foxnews.com\/foxnews.com\/content\/uploads\/2025\/03\/686\/384\/yael-alexander.jpg?ve=1&amp;tl=1 2x\" height=\"192\" width=\"343\"><source media=\"(min-width: 768px) and (max-width: 1023px)\" srcset=\"https:\/\/a57.foxnews.com\/static.foxnews.com\/foxnews.com\/content\/uploads\/2025\/03\/672\/378\/yael-alexander.jpg?ve=1&amp;tl=1, https:\/\/a57.foxnews.com\/static.foxnews.com\/foxnews.com\/content\/uploads\/2025\/03\/1344\/756\/yael-alexander.jpg?ve=1&amp;tl=1 2x\" height=\"378\" width=\"672\"><source media=\"(min-width: 1024px) and (max-width: 1279px)\" srcset=\"https:\/\/a57.foxnews.com\/static.foxnews.com\/foxnews.com\/content\/uploads\/2025\/03\/931\/523\/yael-alexander.jpg?ve=1&amp;tl=1, https:\/\/a57.foxnews.com\/static.foxnews.com\/foxnews.com\/content\/uploads\/2025\/03\/1862\/1046\/yael-alexander.jpg?ve=1&amp;tl=1 2x\" height=\"523\" width=\"931\"><source media=\"(min-width: 1280px)\" srcset=\"https:\/\/a57.foxnews.com\/static.foxnews.com\/foxnews.com\/content\/uploads\/2025\/03\/720\/405\/yael-alexander.jpg?ve=1&amp;tl=1, https:\/\/a57.foxnews.com\/static.foxnews.com\/foxnews.com\/content\/uploads\/2025\/03\/1440\/810\/yael-alexander.jpg?ve=1&amp;tl=1 2x\" height=\"405\" width=\"720\"><img loading=\"lazy\" decoding=\"async\" src=\"https:\/\/a57.foxnews.com\/static.foxnews.com\/foxnews.com\/content\/uploads\/2025\/03\/1200\/675\/yael-alexander.jpg?ve=1&amp;tl=1\" alt=\"Yael Alexander en Rally\" width=\"1200\" height=\"675\"\/><\/source><\/source><\/source><\/source><\/picture><\/div>\n<div class=\"info\">\n<div class=\"caption\">\n<p><span>Yael Alexander, la madre del reh\u00e9n Edan Alexander, habla durante la manifestaci\u00f3n de &#8216;carrera por sus vidas&#8217; y corre en Central Park el d\u00eda 100 desde el ataque del 7 de octubre por Hamas, el 14 de enero de 2024 en la ciudad de Nueva York. <\/span> <span>(Alexi Rosenfeld\/Getty Images)<\/span><\/p>\n<\/div>\n<\/div>\n<\/div>\n<p>El 30 de noviembre de 2024, m\u00e1s de un a\u00f1o despu\u00e9s de que Alexander fuera capturado, Hamas lanz\u00f3 un video de Alexander hablando en hebreo y \u00e1rabe. Alexander, como otros rehenes obligados a hacer videos de propaganda, entreg\u00f3 mensajes sobre el primer ministro israel\u00ed Benjamin Netanyahu y el entonces presidente electo Donald Trump.<\/p>\n<p>Unos d\u00edas despu\u00e9s del lanzamiento del video, Adi Alexander, el padre de Edan, habl\u00f3 con \u00abFox &#038; Friends First,\u00bb llamando a la pel\u00edcula \u00abmuy emocional\u00bb e \u00abinquietante\u00bb. Dijo que era la primera vez que hab\u00edan visto una se\u00f1al de vida de su hijo desde que fue tomado como reh\u00e9n.<\/p>\n<p><i>Esta es una historia en desarrollo. Vuelva a consultar las actualizaciones.<\/i><\/p>\n<p><i>Yael Rotem-Kuriel de Fox News y Rachel Wolf contribuyeron a este informe.<\/i><\/p>\n<p> <!----> <\/p>\n<div class=\"article-meta\">\n<div class=\"author-bio\">\n<p>Greg Norman es reportero de Fox News Digital.<\/p>\n<\/div>\n<\/div>\n<\/div>\n\n","protected":false},"excerpt":{"rendered":"<p>Hamas acord\u00f3 el viernes liberar a Edan Alexander, el \u00faltimo reh\u00e9n estadounidense en cautiverio en el Gaza Strip. Alexander, un israel\u00ed estadounidense de 21 a\u00f1os, ser\u00e1 liberado junto con los cuerpos de otros cuatro rehenes, seg\u00fan un acuerdo ofrecido por los mediadores. Hasta el viernes, Alexander se ha mantenido cautivo durante 525 d\u00edas, dijeron los &hellip;<\/p>\n","protected":false},"author":1,"featured_media":18562,"comment_status":"open","ping_status":"open","sticky":false,"template":"","format":"standard","meta":{"fifu_image_url":"https:\/\/static.foxnews.com\/foxnews.com\/content\/uploads\/2024\/03\/Screenshot-2024-03-06-at-4.37.44-PM.jpg","fifu_image_alt":"","footnotes":""},"categories":[13],"tags":[],"class_list":["post-18560","post","type-post","status-publish","format-standard","has-post-thumbnail","","category-mundo"],"_links":{"self":[{"href":"https:\/\/noticiasveraces.com\/index.php?rest_route=\/wp\/v2\/posts\/18560","targetHints":{"allow":["GET"]}}],"collection":[{"href":"https:\/\/noticiasveraces.com\/index.php?rest_route=\/wp\/v2\/posts"}],"about":[{"href":"https:\/\/noticiasveraces.com\/index.php?rest_route=\/wp\/v2\/types\/post"}],"author":[{"embeddable":true,"href":"https:\/\/noticiasveraces.com\/index.php?rest_route=\/wp\/v2\/users\/1"}],"replies":[{"embeddable":true,"href":"https:\/\/noticiasveraces.com\/index.php?rest_route=%2Fwp%2Fv2%2Fcomments&post=18560"}],"version-history":[{"count":0,"href":"https:\/\/noticiasveraces.com\/index.php?rest_route=\/wp\/v2\/posts\/18560\/revisions"}],"wp:featuredmedia":[{"embeddable":true,"href":"https:\/\/noticiasveraces.com\/index.php?rest_route=\/wp\/v2\/media\/18562"}],"wp:attachment":[{"href":"https:\/\/noticiasveraces.com\/index.php?rest_route=%2Fwp%2Fv2%2Fmedia&parent=18560"}],"wp:term":[{"taxonomy":"category","embeddable":true,"href":"https:\/\/noticiasveraces.com\/index.php?rest_route=%2Fwp%2Fv2%2Fcategories&post=18560"},{"taxonomy":"post_tag","embeddable":true,"href":"https:\/\/noticiasveraces.com\/index.php?rest_route=%2Fwp%2Fv2%2Ftags&post=18560"}],"curies":[{"name":"wp","href":"https:\/\/api.w.org\/{rel}","templated":true}]}}