{"id":18522,"date":"2025-03-14T01:32:18","date_gmt":"2025-03-14T05:32:18","guid":{"rendered":"https:\/\/noticiasveraces.com\/?p=18522"},"modified":"2025-03-14T01:32:18","modified_gmt":"2025-03-14T05:32:18","slug":"se-incendia-avion-american-airlines-en-aeropuerto-de-denver-dw-14-03-2025","status":"publish","type":"post","link":"https:\/\/noticiasveraces.com\/?p=18522","title":{"rendered":"SE Incendia Avi\u00f3n American Airlines en Aeropuerto de Denver &#8211; DW &#8211; 14\/03\/2025"},"content":{"rendered":"<p> \n<\/p>\n<div>\n<p>Un Avi\u00f3n de American Airlines con 178 Personas A Bordo se Incendi\u00f3 en la Pista la Tarde del Jueves (13.03.2025, Tras Realizar Un Aterrizaje de Emergencia en el Aeropuerto Internacional de Denver (Colorado, Ee.uu.), lo de lovoc\u00f3 d. Subi\u00e9nDosa al Ala del Avi\u00f3n.<\/p>\n<p>\u00abTras Aterrizar y Mientras Rodaba Hacia la Puerta de Emparque, Un Motor se Incendi\u00f3 y Los Pasajeros EvacUaron la Aeronave Utilizando Los Toboganes\u00bb, Declar\u00f3 en un comunicado la administraci\u00f3n federal de avi\u00f3n de avi\u00f3n (faa) Gravedad.<\/p>\n<blockquote class=\"tweet embed\" data-id=\"1900407671670353951\"\/>\n<p>La Aerol\u00ednea, No Obstante, HA Reportado Que, Tres Horas Despu\u00e9s del Incendio, 12 Pasajeros Fueron Trasladados Un hospital de la ONU para su evaluacia por lesiones Leves, Seg\u00fan Inform\u00f3 la Agencia Ap.<\/p>\n<p>El Vuelo 1006 de un Boeing 737-800 de American Airlines Hab\u00eda despegado del Aeropuerto de Colorado Springs Con Destino al Aeropuerto Internacional de Dallas-Fort Worth Cuando Sobre las 18:00 Hora Local (23:00 GMT) La Tripulaci\u00f3n Reporto Vibraciones en el Motor.<\/p>\n<p>En un Comunicado Aparte, American Airlines inform\u00f3 que el el Avi\u00f3n Experiment\u00f3 un \u00abproblema con el motor\u00bb Tras Aterrizar y Rodar Hasta la Puerta de Embarque.<\/p>\n<p>Videos de varios Publicados en redes Sociales Muestran Llamas Salido Del Avi\u00f3n Ya Personas Evacuando Subi\u00e9ndosa al Ala Bajo una intensa Columna de Humo.<\/p>\n<p>GS (Efe, AP)<\/p>\n<\/div>\n\n","protected":false},"excerpt":{"rendered":"<p>Un Avi\u00f3n de American Airlines con 178 Personas A Bordo se Incendi\u00f3 en la Pista la Tarde del Jueves (13.03.2025, Tras Realizar Un Aterrizaje de Emergencia en el Aeropuerto Internacional de Denver (Colorado, Ee.uu.), lo de lovoc\u00f3 d. Subi\u00e9nDosa al Ala del Avi\u00f3n. \u00abTras Aterrizar y Mientras Rodaba Hacia la Puerta de Emparque, Un Motor &hellip;<\/p>\n","protected":false},"author":1,"featured_media":18523,"comment_status":"open","ping_status":"open","sticky":false,"template":"","format":"standard","meta":{"fifu_image_url":"https:\/\/static.dw.com\/image\/71918356_6.jpg","fifu_image_alt":"","footnotes":""},"categories":[13],"tags":[],"class_list":["post-18522","post","type-post","status-publish","format-standard","has-post-thumbnail","","category-mundo"],"_links":{"self":[{"href":"https:\/\/noticiasveraces.com\/index.php?rest_route=\/wp\/v2\/posts\/18522","targetHints":{"allow":["GET"]}}],"collection":[{"href":"https:\/\/noticiasveraces.com\/index.php?rest_route=\/wp\/v2\/posts"}],"about":[{"href":"https:\/\/noticiasveraces.com\/index.php?rest_route=\/wp\/v2\/types\/post"}],"author":[{"embeddable":true,"href":"https:\/\/noticiasveraces.com\/index.php?rest_route=\/wp\/v2\/users\/1"}],"replies":[{"embeddable":true,"href":"https:\/\/noticiasveraces.com\/index.php?rest_route=%2Fwp%2Fv2%2Fcomments&post=18522"}],"version-history":[{"count":0,"href":"https:\/\/noticiasveraces.com\/index.php?rest_route=\/wp\/v2\/posts\/18522\/revisions"}],"wp:featuredmedia":[{"embeddable":true,"href":"https:\/\/noticiasveraces.com\/index.php?rest_route=\/wp\/v2\/media\/18523"}],"wp:attachment":[{"href":"https:\/\/noticiasveraces.com\/index.php?rest_route=%2Fwp%2Fv2%2Fmedia&parent=18522"}],"wp:term":[{"taxonomy":"category","embeddable":true,"href":"https:\/\/noticiasveraces.com\/index.php?rest_route=%2Fwp%2Fv2%2Fcategories&post=18522"},{"taxonomy":"post_tag","embeddable":true,"href":"https:\/\/noticiasveraces.com\/index.php?rest_route=%2Fwp%2Fv2%2Ftags&post=18522"}],"curies":[{"name":"wp","href":"https:\/\/api.w.org\/{rel}","templated":true}]}}