{"id":18515,"date":"2025-03-13T23:29:03","date_gmt":"2025-03-14T03:29:03","guid":{"rendered":"https:\/\/noticiasveraces.com\/?p=18515"},"modified":"2025-03-13T23:29:03","modified_gmt":"2025-03-14T03:29:03","slug":"presidente-de-portugal-convoca-elecciones-anticipadas-dw-14-03-2025","status":"publish","type":"post","link":"https:\/\/noticiasveraces.com\/?p=18515","title":{"rendered":"Presidente de Portugal Convoca Elecciones anticipadas &#8211; DW &#8211; 14\/03\/2025"},"content":{"rendered":"<p> \n<\/p>\n<div>\n<p>El Presidente de Portugal, Marcelo Rebelo de Sousa, Convoc\u00f3 Este Jueves (13.03.2025) Eleciones Legislativas anticipadas para el 18 de Mayo en Inter\u00e9s \u00abde la Estabilidad\u00bb, Tras la Ca\u00edda del Gobierno de Centrodercha del Primer Ministrengro.<\/p>\n<p>En un Discurso transmitido por televisi\u00f3n desde el Pal\u00e1cio de Bel\u00e9m, Sede de la Presidencia, Rebelo de Sousa Anounci\u00f3 la Disolvi\u00f3n del Parlamento y la Convocatoria de Comicios, una medida que justific\u00f3 porque \u00edber \u00e9rl es \u00abEl Primer Interesado en la Estabilidad\u00bb.<\/p>\n<p>Apunt\u00f3 que la fecha fue la preferida por la Mayor\u00eda de los Partidos y Record\u00f3 que Estas Van A Ser Las Terceras Elecciones en Cuatro A\u00f1os, UnoS Comicios que \u00abNADIE ESPERABA Y SOBRE TODO QUE NADIE QUER\u00cdA\u00bb.<\/p>\n<blockquote class=\"tweet embed\" data-id=\"1900303479702212905\"\/>\n<p>El Martes, El Primer Ministro Luis Montenegro, del Partido Socialdem\u00f3crata (PSD), Implicado en una pol\u00e9mica por Las Empresas de Su Familia, Tuvo que dimitir tras no obtener la confianza la mayor\u00eda de los diputados.<\/p>\n<p>La crisis fue provocada por una emppresa propias de su esposa y de sus hijos que ten\u00eda contratos con varias emppresas privadas, incluido un grupo cuya actividad est\u00e1ajeta a las ootorgadas por el estado.<\/p>\n<p>Luis Montenegro, de 52 A\u00f1os, sucedi\u00f3 un Principios de 2024 Al Socialista Antonio Costa, Que Ya Tuvo Que Dimitir en Noviembre de 2023 por Un un Caso de Presunto Trafo de Influencias.<\/p>\n<p>Despu\u00e9s de Ocho A\u00f1os de Gobierno Socialista, La Alianza Dem\u00f3crata (AD) Liderada Por el PSD de Montenegro Gan\u00f3 Las \u00daltimas Legislativas Hace Un A\u00f1o Con El 28,8% de Los Votos y 80 DiPutados de UntalT de 230, Frente Al 28% de Los Votos y 78 Eccesc.<\/p>\n<p>Montenegro ya dijo que ser\u00e1 candidato a su propia sucesi\u00f3n. \u00abNo yo voy a rendir, (&#8230;) tendern que contar conmigo\u00bb, Asegur\u00f3 el Mi\u00e9rcoles.<\/p>\n<p>JC (EFE, AFP, DPA, AP, Reuters)<\/p>\n<\/div>\n\n","protected":false},"excerpt":{"rendered":"<p>El Presidente de Portugal, Marcelo Rebelo de Sousa, Convoc\u00f3 Este Jueves (13.03.2025) Eleciones Legislativas anticipadas para el 18 de Mayo en Inter\u00e9s \u00abde la Estabilidad\u00bb, Tras la Ca\u00edda del Gobierno de Centrodercha del Primer Ministrengro. En un Discurso transmitido por televisi\u00f3n desde el Pal\u00e1cio de Bel\u00e9m, Sede de la Presidencia, Rebelo de Sousa Anounci\u00f3 la &hellip;<\/p>\n","protected":false},"author":1,"featured_media":18516,"comment_status":"open","ping_status":"open","sticky":false,"template":"","format":"standard","meta":{"fifu_image_url":"https:\/\/static.dw.com\/image\/71895089_6.jpg","fifu_image_alt":"","footnotes":""},"categories":[13],"tags":[],"class_list":["post-18515","post","type-post","status-publish","format-standard","has-post-thumbnail","","category-mundo"],"_links":{"self":[{"href":"https:\/\/noticiasveraces.com\/index.php?rest_route=\/wp\/v2\/posts\/18515","targetHints":{"allow":["GET"]}}],"collection":[{"href":"https:\/\/noticiasveraces.com\/index.php?rest_route=\/wp\/v2\/posts"}],"about":[{"href":"https:\/\/noticiasveraces.com\/index.php?rest_route=\/wp\/v2\/types\/post"}],"author":[{"embeddable":true,"href":"https:\/\/noticiasveraces.com\/index.php?rest_route=\/wp\/v2\/users\/1"}],"replies":[{"embeddable":true,"href":"https:\/\/noticiasveraces.com\/index.php?rest_route=%2Fwp%2Fv2%2Fcomments&post=18515"}],"version-history":[{"count":0,"href":"https:\/\/noticiasveraces.com\/index.php?rest_route=\/wp\/v2\/posts\/18515\/revisions"}],"wp:featuredmedia":[{"embeddable":true,"href":"https:\/\/noticiasveraces.com\/index.php?rest_route=\/wp\/v2\/media\/18516"}],"wp:attachment":[{"href":"https:\/\/noticiasveraces.com\/index.php?rest_route=%2Fwp%2Fv2%2Fmedia&parent=18515"}],"wp:term":[{"taxonomy":"category","embeddable":true,"href":"https:\/\/noticiasveraces.com\/index.php?rest_route=%2Fwp%2Fv2%2Fcategories&post=18515"},{"taxonomy":"post_tag","embeddable":true,"href":"https:\/\/noticiasveraces.com\/index.php?rest_route=%2Fwp%2Fv2%2Ftags&post=18515"}],"curies":[{"name":"wp","href":"https:\/\/api.w.org\/{rel}","templated":true}]}}