{"id":18449,"date":"2025-03-13T13:35:16","date_gmt":"2025-03-13T17:35:16","guid":{"rendered":"https:\/\/noticiasveraces.com\/?p=18449"},"modified":"2025-03-13T13:35:16","modified_gmt":"2025-03-13T17:35:16","slug":"confirman-31-muertes-por-brote-de-ebola-en-rd-congo","status":"publish","type":"post","link":"https:\/\/noticiasveraces.com\/?p=18449","title":{"rendered":"Confirman 31 Muertes por brote de \u00e9bola en rd Congo"},"content":{"rendered":"<p> \n<\/p>\n<div id=\"\">\n<figure class=\"bbc-1qn0xuy\">\n<div class=\"bbc-j1srjl\" style=\"padding-bottom:56.25%\"><img loading=\"lazy\" decoding=\"async\" srcset=\"https:\/\/ichef.bbci.co.uk\/ace\/ws\/240\/amz\/worldservice\/live\/assets\/images\/2014\/09\/02\/140902122356_ebola_congo_464x261_reuters.jpg.webp 240w, https:\/\/ichef.bbci.co.uk\/ace\/ws\/320\/amz\/worldservice\/live\/assets\/images\/2014\/09\/02\/140902122356_ebola_congo_464x261_reuters.jpg.webp 320w, https:\/\/ichef.bbci.co.uk\/ace\/ws\/464\/amz\/worldservice\/live\/assets\/images\/2014\/09\/02\/140902122356_ebola_congo_464x261_reuters.jpg.webp 464w\" sizes=\"auto, (min-width: 1008px) 760px, 100vw\" alt=\"Hombre SE Lava Las Manos en Nigeria\" width=\"464\" height=\"261\" src=\"aspect-ratio:464 \/ 261\" class=\"bbc-139onq\"\/><\/p>\n<p class=\"bbc-by8ykd\" role=\"text\"><span class=\"bbc-m04vo2\">Fuente de la Imagen, <\/span><span lang=\"en-GB\">Reuters<\/span><\/p>\n<\/div><figcaption class=\"bbc-15f1ujd\" dir=\"ltr\"><span role=\"text\"><span class=\"bbc-m04vo2\">Pie de Foto, <\/span><span data-testid=\"caption-paragraph\">El brote en rd Congo no tiene relacyn con la epidemia de \u00e9bola en \u00e1lica occidental, seg\u00fan las autoridadas congole\u00f1as. <\/span><\/span><\/figcaption><\/figure>\n<p><time datetime=\"2014-09-02\" class=\"bbc-1dafq0j e1mklfmt0\">2 de septiembre 2014<\/time><\/p>\n<div dir=\"ltr\" class=\"bbc-19j92fr ebmt73l0\">\n<p dir=\"ltr\" class=\"bbc-hhl7in e17g058b0\"><b>La Organizaci\u00f3n Mundial de la Salud y El Ministerio de Salud de la Rep\u00fablica Dem\u00f3crata del Congo (RDC) Dijeron que Un brote de \u00c9bola Caus\u00f3 la Muerte de 31 Personas en El Pa\u00eds.<\/b><\/p>\n<\/div>\n<div dir=\"ltr\" class=\"bbc-19j92fr ebmt73l0\">\n<p dir=\"ltr\" class=\"bbc-hhl7in e17g058b0\">El Brote Fue Identificado A Principios de Agosto Cerca de la Poblacia de Boende, un UNOS 800 Kil\u00f3manos de la Capital, Kinshasa.<\/p>\n<\/div>\n<div dir=\"ltr\" class=\"bbc-19j92fr ebmt73l0\">\n<p dir=\"ltr\" class=\"bbc-hhl7in e17g058b0\">Seg\u00fan Fuentes Oficiales La Zona del Brote ha Estado en cuarentena y m\u00e1s de 50 Personas Contagiidas Con el virus mortal est\u00e1n recibieto tratamiento, Mientras que casi 200 permanecen en observaci\u00f3n.<\/p>\n<\/div>\n<div dir=\"ltr\" class=\"bbc-19j92fr ebmt73l0\">\n<p dir=\"ltr\" class=\"bbc-hhl7in e17g058b0\">Desde el Ministerio de Salud de Kinshasa Enfatizan Que El Brote en Rdc no Tiene Relaci\u00f3n Con la Epidemia que Est\u00e1 Afectando A Varios Pa\u00edses Del Oeste de Africa, Como Guinea, Liberia, Nigeria y Sierra Leona, Y Quera Ha Causado M\u00e1s de 1500 Muertes.<\/p>\n<\/div>\n<section aria-label=\"Publicidad 2\" aria-hidden=\"true\" role=\"region\" data-e2e=\"advertisement\" class=\"bbc-geybui\"\/>\n<div dir=\"ltr\" class=\"bbc-19j92fr ebmt73l0\">\n<p dir=\"ltr\" class=\"bbc-hhl7in e17g058b0\">Rd Congo Fue Donde SE Identific\u00f3 El \u00c9bola Por Primera Vez en 1976.<\/p>\n<\/div>\n<\/div>\n\n","protected":false},"excerpt":{"rendered":"<p>Fuente de la Imagen, Reuters Pie de Foto, El brote en rd Congo no tiene relacyn con la epidemia de \u00e9bola en \u00e1lica occidental, seg\u00fan las autoridadas congole\u00f1as. 2 de septiembre 2014 La Organizaci\u00f3n Mundial de la Salud y El Ministerio de Salud de la Rep\u00fablica Dem\u00f3crata del Congo (RDC) Dijeron que Un brote de &hellip;<\/p>\n","protected":false},"author":1,"featured_media":18450,"comment_status":"open","ping_status":"open","sticky":false,"template":"","format":"standard","meta":{"fifu_image_url":"aspect-ratio:464%20\/%20261","fifu_image_alt":"","footnotes":""},"categories":[8],"tags":[],"class_list":["post-18449","post","type-post","status-publish","format-standard","has-post-thumbnail","","category-salud"],"_links":{"self":[{"href":"https:\/\/noticiasveraces.com\/index.php?rest_route=\/wp\/v2\/posts\/18449","targetHints":{"allow":["GET"]}}],"collection":[{"href":"https:\/\/noticiasveraces.com\/index.php?rest_route=\/wp\/v2\/posts"}],"about":[{"href":"https:\/\/noticiasveraces.com\/index.php?rest_route=\/wp\/v2\/types\/post"}],"author":[{"embeddable":true,"href":"https:\/\/noticiasveraces.com\/index.php?rest_route=\/wp\/v2\/users\/1"}],"replies":[{"embeddable":true,"href":"https:\/\/noticiasveraces.com\/index.php?rest_route=%2Fwp%2Fv2%2Fcomments&post=18449"}],"version-history":[{"count":0,"href":"https:\/\/noticiasveraces.com\/index.php?rest_route=\/wp\/v2\/posts\/18449\/revisions"}],"wp:featuredmedia":[{"embeddable":true,"href":"https:\/\/noticiasveraces.com\/index.php?rest_route=\/wp\/v2\/media\/18450"}],"wp:attachment":[{"href":"https:\/\/noticiasveraces.com\/index.php?rest_route=%2Fwp%2Fv2%2Fmedia&parent=18449"}],"wp:term":[{"taxonomy":"category","embeddable":true,"href":"https:\/\/noticiasveraces.com\/index.php?rest_route=%2Fwp%2Fv2%2Fcategories&post=18449"},{"taxonomy":"post_tag","embeddable":true,"href":"https:\/\/noticiasveraces.com\/index.php?rest_route=%2Fwp%2Fv2%2Ftags&post=18449"}],"curies":[{"name":"wp","href":"https:\/\/api.w.org\/{rel}","templated":true}]}}