{"id":18402,"date":"2025-03-13T05:58:25","date_gmt":"2025-03-13T09:58:25","guid":{"rendered":"https:\/\/noticiasveraces.com\/?p=18402"},"modified":"2025-03-13T05:58:25","modified_gmt":"2025-03-13T09:58:25","slug":"el-papa-francisco-es-estable-y-muestra-mejoras-pero-seguira-siendo-hospitalizado","status":"publish","type":"post","link":"https:\/\/noticiasveraces.com\/?p=18402","title":{"rendered":"El Papa Francisco es estable y muestra mejoras, pero seguir\u00e1 siendo hospitalizado"},"content":{"rendered":"<p> \n<\/p>\n<div>\n<p class=\"speakable\">El Papa Francisco contin\u00faa mostrando una mejora y permanece estable, ya que se acerca un mes en el hospital despu\u00e9s de una pelea con bronquitis convertida en neumon\u00eda.<\/p>\n<p class=\"speakable\">El hombre de 88 a\u00f1os tuvo una \u00abnoche de descanso\u00bb, anunci\u00f3 la oficina de prensa de Holy Sede el jueves por la ma\u00f1ana, que tambi\u00e9n marca el aniversario de 12 a\u00f1os de su elecci\u00f3n para dirigir la Iglesia Cat\u00f3lica Romana.<\/p>\n<p>Todav\u00eda est\u00e1 recibiendo tratamientos de ventilaci\u00f3n mec\u00e1nica no invasiva durante toda la noche y oxigenerapia de alto flujo durante el d\u00eda.<\/p>\n<p><strong>El Papa Francisco ahora come alimentos s\u00f3lidos, mostrando &#8216;ligeras mejoras graduales&#8217;, dice el Vaticano<\/strong> <\/p>\n<div class=\"image-ct inline\">\n<div class=\"m\"><picture><source media=\"(max-width: 767px)\" srcset=\"https:\/\/a57.foxnews.com\/static.foxnews.com\/foxnews.com\/content\/uploads\/2025\/02\/343\/192\/pope-francis-health-update_005-.jpg?ve=1&amp;tl=1, https:\/\/a57.foxnews.com\/static.foxnews.com\/foxnews.com\/content\/uploads\/2025\/02\/686\/384\/pope-francis-health-update_005-.jpg?ve=1&amp;tl=1 2x\" height=\"192\" width=\"343\"><source media=\"(min-width: 768px) and (max-width: 1023px)\" srcset=\"https:\/\/a57.foxnews.com\/static.foxnews.com\/foxnews.com\/content\/uploads\/2025\/02\/672\/378\/pope-francis-health-update_005-.jpg?ve=1&amp;tl=1, https:\/\/a57.foxnews.com\/static.foxnews.com\/foxnews.com\/content\/uploads\/2025\/02\/1344\/756\/pope-francis-health-update_005-.jpg?ve=1&amp;tl=1 2x\" height=\"378\" width=\"672\"><source media=\"(min-width: 1024px) and (max-width: 1279px)\" srcset=\"https:\/\/a57.foxnews.com\/static.foxnews.com\/foxnews.com\/content\/uploads\/2025\/02\/931\/523\/pope-francis-health-update_005-.jpg?ve=1&amp;tl=1, https:\/\/a57.foxnews.com\/static.foxnews.com\/foxnews.com\/content\/uploads\/2025\/02\/1862\/1046\/pope-francis-health-update_005-.jpg?ve=1&amp;tl=1 2x\" height=\"523\" width=\"931\"><source media=\"(min-width: 1280px)\" srcset=\"https:\/\/a57.foxnews.com\/static.foxnews.com\/foxnews.com\/content\/uploads\/2025\/02\/720\/405\/pope-francis-health-update_005-.jpg?ve=1&amp;tl=1, https:\/\/a57.foxnews.com\/static.foxnews.com\/foxnews.com\/content\/uploads\/2025\/02\/1440\/810\/pope-francis-health-update_005-.jpg?ve=1&amp;tl=1 2x\" height=\"405\" width=\"720\"><img loading=\"lazy\" decoding=\"async\" src=\"https:\/\/a57.foxnews.com\/static.foxnews.com\/foxnews.com\/content\/uploads\/2025\/02\/1200\/675\/pope-francis-health-update_005-.jpg?ve=1&amp;tl=1\" alt=\"Una foto del Papa Francisco en mejor salud\" width=\"1200\" height=\"675\"\/><\/source><\/source><\/source><\/source><\/picture><\/div>\n<div class=\"info\">\n<div class=\"caption\">\n<p><span>La salud del Papa Francisco ha dado un giro para mejor esta semana, ya que contin\u00faa mostrando una mejora despu\u00e9s de una actualizaci\u00f3n del lunes que lo enumer\u00f3 como \u00abfuera de peligro por la muerte\u00bb, aunque seguir\u00e1 siendo hospitalizado.<\/span> <span>(Tatan Syuflana\/Pool\/AFP\/Getty)<\/span><\/p>\n<\/div>\n<\/div>\n<\/div>\n<p>El mi\u00e9rcoles, el pont\u00edfice pas\u00f3 tiempo siguiendo ejercicios espirituales en el Vaticano, recibiendo la Eucarist\u00eda, rezando y completando fisioterapia. <\/p>\n<p>Se observ\u00f3 que descansaba por la tarde.<\/p>\n<p>El comunicado dijo que una radiograf\u00eda de t\u00f3rax confirm\u00f3 las mejoras observadas por el personal m\u00e9dico en los d\u00edas anteriores, pero su situaci\u00f3n sigue siendo \u00abcompleja\u00bb, lo que result\u00f3 en m\u00e1s tiempo en el hospital.<\/p>\n<p><strong>El Papa Francisco ahora &#8216;fuera del peligro de la muerte&#8217; a medida que la condici\u00f3n de salud contin\u00faa mejorando<\/strong><\/p>\n<div class=\"image-ct inline\">\n<div class=\"m\"><picture><source media=\"(max-width: 767px)\" srcset=\"https:\/\/a57.foxnews.com\/static.foxnews.com\/foxnews.com\/content\/uploads\/2025\/02\/343\/192\/vatican-pope-health-pneumonia-2.jpg?ve=1&amp;tl=1, https:\/\/a57.foxnews.com\/static.foxnews.com\/foxnews.com\/content\/uploads\/2025\/02\/686\/384\/vatican-pope-health-pneumonia-2.jpg?ve=1&amp;tl=1 2x\" height=\"192\" width=\"343\"><source media=\"(min-width: 768px) and (max-width: 1023px)\" srcset=\"https:\/\/a57.foxnews.com\/static.foxnews.com\/foxnews.com\/content\/uploads\/2025\/02\/672\/378\/vatican-pope-health-pneumonia-2.jpg?ve=1&amp;tl=1, https:\/\/a57.foxnews.com\/static.foxnews.com\/foxnews.com\/content\/uploads\/2025\/02\/1344\/756\/vatican-pope-health-pneumonia-2.jpg?ve=1&amp;tl=1 2x\" height=\"378\" width=\"672\"><source media=\"(min-width: 1024px) and (max-width: 1279px)\" srcset=\"https:\/\/a57.foxnews.com\/static.foxnews.com\/foxnews.com\/content\/uploads\/2025\/02\/931\/523\/vatican-pope-health-pneumonia-2.jpg?ve=1&amp;tl=1, https:\/\/a57.foxnews.com\/static.foxnews.com\/foxnews.com\/content\/uploads\/2025\/02\/1862\/1046\/vatican-pope-health-pneumonia-2.jpg?ve=1&amp;tl=1 2x\" height=\"523\" width=\"931\"><source media=\"(min-width: 1280px)\" srcset=\"https:\/\/a57.foxnews.com\/static.foxnews.com\/foxnews.com\/content\/uploads\/2025\/02\/720\/405\/vatican-pope-health-pneumonia-2.jpg?ve=1&amp;tl=1, https:\/\/a57.foxnews.com\/static.foxnews.com\/foxnews.com\/content\/uploads\/2025\/02\/1440\/810\/vatican-pope-health-pneumonia-2.jpg?ve=1&amp;tl=1 2x\" height=\"405\" width=\"720\"><img loading=\"lazy\" decoding=\"async\" src=\"https:\/\/a57.foxnews.com\/static.foxnews.com\/foxnews.com\/content\/uploads\/2025\/02\/1200\/675\/vatican-pope-health-pneumonia-2.jpg?ve=1&amp;tl=1\" alt=\"La primera ministra italiana Giorgia Meloni visit\u00f3 al Papa Francisco en el hospital y dijo que le estaba yendo bien a pesar de su diagn\u00f3stico de neumon\u00eda y una complicada infecci\u00f3n bronquial.\" width=\"1200\" height=\"675\"\/><\/source><\/source><\/source><\/source><\/picture><\/div>\n<div class=\"info\">\n<div class=\"caption\">\n<p><span>Las velas con fotos del Papa Francisco se colocaron bajo la estatua del difunto Papa Juan Pablo II, fuera de Agostino Gemelli Polyclinic en Roma el mes pasado en apoyo del pont\u00edfice de 88 a\u00f1os.<\/span> <span>(Photo AP\/Gregorio Borgia)<\/span><\/p>\n<\/div>\n<\/div>\n<\/div>\n<p>La salud del Papa ha mejorado significativamente esta semana cuando el Vaticano anunci\u00f3 el lunes que est\u00e1 \u00abfuera del peligro por la muerte\u00bb.<\/p>\n<p>Ha sido hospitalizado en el Hospital Gemelli de Roma desde el d\u00eda de San Valent\u00edn despu\u00e9s de una pelea de una semana contra la bronquitis empeor\u00f3 gradualmente, y finalmente se convirti\u00f3 en neumon\u00eda doble. <\/p>\n<p><strong><u>Haga clic aqu\u00ed para obtener la aplicaci\u00f3n Fox News<\/u><\/strong><\/p>\n<div class=\"image-ct inline\">\n<div class=\"m\"><picture><source media=\"(max-width: 767px)\" srcset=\"https:\/\/a57.foxnews.com\/static.foxnews.com\/foxnews.com\/content\/uploads\/2022\/01\/343\/192\/francispopetalking.jpg?ve=1&amp;tl=1, https:\/\/a57.foxnews.com\/static.foxnews.com\/foxnews.com\/content\/uploads\/2022\/01\/686\/384\/francispopetalking.jpg?ve=1&amp;tl=1 2x\" height=\"192\" width=\"343\"><source media=\"(min-width: 768px) and (max-width: 1023px)\" srcset=\"https:\/\/a57.foxnews.com\/static.foxnews.com\/foxnews.com\/content\/uploads\/2022\/01\/672\/378\/francispopetalking.jpg?ve=1&amp;tl=1, https:\/\/a57.foxnews.com\/static.foxnews.com\/foxnews.com\/content\/uploads\/2022\/01\/1344\/756\/francispopetalking.jpg?ve=1&amp;tl=1 2x\" height=\"378\" width=\"672\"><source media=\"(min-width: 1024px) and (max-width: 1279px)\" srcset=\"https:\/\/a57.foxnews.com\/static.foxnews.com\/foxnews.com\/content\/uploads\/2022\/01\/931\/523\/francispopetalking.jpg?ve=1&amp;tl=1, https:\/\/a57.foxnews.com\/static.foxnews.com\/foxnews.com\/content\/uploads\/2022\/01\/1862\/1046\/francispopetalking.jpg?ve=1&amp;tl=1 2x\" height=\"523\" width=\"931\"><source media=\"(min-width: 1280px)\" srcset=\"https:\/\/a57.foxnews.com\/static.foxnews.com\/foxnews.com\/content\/uploads\/2022\/01\/720\/405\/francispopetalking.jpg?ve=1&amp;tl=1, https:\/\/a57.foxnews.com\/static.foxnews.com\/foxnews.com\/content\/uploads\/2022\/01\/1440\/810\/francispopetalking.jpg?ve=1&amp;tl=1 2x\" height=\"405\" width=\"720\"><img loading=\"lazy\" decoding=\"async\" src=\"https:\/\/a57.foxnews.com\/static.foxnews.com\/foxnews.com\/content\/uploads\/2022\/01\/1200\/675\/francispopetalking.jpg?ve=1&amp;tl=1\" alt=\"Papa Francisco hablando durante la misa\" width=\"1200\" height=\"675\"\/><\/source><\/source><\/source><\/source><\/picture><\/div>\n<div class=\"info\">\n<div class=\"caption\">\n<p><span>El Papa Francisco fue elegido para su puesto hace 12 a\u00f1os el 13 de marzo de 2013.<\/span> <span>(Alevatican Pool\/Getty Images)<\/span><\/p>\n<\/div>\n<\/div>\n<\/div>\n<p>Su salud se convirti\u00f3 en una gran preocupaci\u00f3n, ya que tiene una enfermedad pulmonar cr\u00f3nica y le quitaron parte a un pulm\u00f3n cuando era m\u00e1s joven.<\/p>\n<p> <!----> <\/div>\n\n","protected":false},"excerpt":{"rendered":"<p>El Papa Francisco contin\u00faa mostrando una mejora y permanece estable, ya que se acerca un mes en el hospital despu\u00e9s de una pelea con bronquitis convertida en neumon\u00eda. El hombre de 88 a\u00f1os tuvo una \u00abnoche de descanso\u00bb, anunci\u00f3 la oficina de prensa de Holy Sede el jueves por la ma\u00f1ana, que tambi\u00e9n marca el &hellip;<\/p>\n","protected":false},"author":1,"featured_media":18404,"comment_status":"open","ping_status":"open","sticky":false,"template":"","format":"standard","meta":{"fifu_image_url":"https:\/\/static.foxnews.com\/foxnews.com\/content\/uploads\/2025\/02\/pope-francis-health-update_005-.jpg","fifu_image_alt":"","footnotes":""},"categories":[13],"tags":[],"class_list":["post-18402","post","type-post","status-publish","format-standard","has-post-thumbnail","","category-mundo"],"_links":{"self":[{"href":"https:\/\/noticiasveraces.com\/index.php?rest_route=\/wp\/v2\/posts\/18402","targetHints":{"allow":["GET"]}}],"collection":[{"href":"https:\/\/noticiasveraces.com\/index.php?rest_route=\/wp\/v2\/posts"}],"about":[{"href":"https:\/\/noticiasveraces.com\/index.php?rest_route=\/wp\/v2\/types\/post"}],"author":[{"embeddable":true,"href":"https:\/\/noticiasveraces.com\/index.php?rest_route=\/wp\/v2\/users\/1"}],"replies":[{"embeddable":true,"href":"https:\/\/noticiasveraces.com\/index.php?rest_route=%2Fwp%2Fv2%2Fcomments&post=18402"}],"version-history":[{"count":0,"href":"https:\/\/noticiasveraces.com\/index.php?rest_route=\/wp\/v2\/posts\/18402\/revisions"}],"wp:featuredmedia":[{"embeddable":true,"href":"https:\/\/noticiasveraces.com\/index.php?rest_route=\/wp\/v2\/media\/18404"}],"wp:attachment":[{"href":"https:\/\/noticiasveraces.com\/index.php?rest_route=%2Fwp%2Fv2%2Fmedia&parent=18402"}],"wp:term":[{"taxonomy":"category","embeddable":true,"href":"https:\/\/noticiasveraces.com\/index.php?rest_route=%2Fwp%2Fv2%2Fcategories&post=18402"},{"taxonomy":"post_tag","embeddable":true,"href":"https:\/\/noticiasveraces.com\/index.php?rest_route=%2Fwp%2Fv2%2Ftags&post=18402"}],"curies":[{"name":"wp","href":"https:\/\/api.w.org\/{rel}","templated":true}]}}