{"id":18385,"date":"2025-03-13T02:35:10","date_gmt":"2025-03-13T06:35:10","guid":{"rendered":"https:\/\/noticiasveraces.com\/?p=18385"},"modified":"2025-03-13T02:35:10","modified_gmt":"2025-03-13T06:35:10","slug":"la-jueza-cita-a-declarar-a-rosell-y-bartomeu-como-imputados-en-el-caso-negreira","status":"publish","type":"post","link":"https:\/\/noticiasveraces.com\/?p=18385","title":{"rendered":"La Jueza Cita A Declarar A Rosell y Bartomeu como imputados en el Caso Negreira"},"content":{"rendered":"<p> \n<\/p>\n<div id=\"intext\">\n<p>La jueza que investiga los pagos del barcelona al exvicepresidente del comit\u00e9 t\u00e9cnico de \u00e1rbitros jos\u00e9 mar\u00eda enr\u00edquez negreira ha citado un declarar como imputados para el pr\u00f3ximo mes de junio a los expresidentes del club azulgrana sandroel y josep maria maria barthem barthe barthe barthe bar barthe bartome barthebart barthe barthus<\/p>\n<p>En un auto, la titular del Juzgado de Instrucci\u00f3n N\u00daMERO 13 de Barcelona, \u200b\u200bAlejandra Gil, Ha Acordado adem\u00e1s Prorrogar por oTros seeis meses la Investigaci\u00f3n del Caso negreira, Que est\u00e1 Semana Cumple Dos a\u00f1os en los Tribunales.<\/p>\n<h2 class=\"title-h2\">DE 7,5 MILONES A M\u00c1S DE 8,3<\/h2>\n<p>Jos\u00e9 Mar\u00eda Enr\u00edquez Negreira, ExvicePresidente Del CTA, Habr\u00eda Recibido por parte del fc Barcelona Unos 8,3 Millones de Euros (Concretamete 8.389.599,73 Euros) y no los 7,5 que se estipularon desde un director hasta ahora, seg\u00fan las \u00dariSas Peses de deja deja. Guardia civil en un informe al que tuvo acceso &#8216;la Raz\u00f3n&#8217;.<\/p>\n<p>Novedades que salieron a la luz Tras el Nueva Informe del Instituto Armado y en las que se enumeran un total de 135 las transferencias del club azulgrana hacia el n\u00damero 2 de los \u00e1rbitros, pagos que Tuvieron Lugar desde 2001 A 2018.<\/p>\n<p>En este Informe Tambi\u00e9n se ESCLAREC\u00cdA QUE EN ESTE CASO \u00abSE DESPRENDE UNO PATR\u00d3N DE CLARO DE CORREDERIAS FINANCIAS ENTRE EL F\u00daTBOL Justificados, Bajo El Pretexto de Una ActiviDad Mercantil \u00ab. Desde El Club Siempre se Neg\u00f3 que se quisiese Obtener Un Benefio Deportivo y Excusaron los pagos Asegurando que se Trataban de informes arbitrales.<\/p>\n<p>El Escrito Tambi\u00e9n corrobora la Relaci\u00f3n Directa Entre Negreira, Sus Sociedades y Jos\u00e9 Mart\u00ednez Alfonso, El Que Fuera Amigo de Negreira y Antiguo Informador Arbitral Del Comit\u00e9, Que Actuaba Como \u00abIntermediario financiero\u00bb. Al Mismo Tiempo Se Se\u00f1ala la EXITENCIA DE SOCIIDADACI\u00d3N Pantallas y una Aperta Masiva de Cuentas Bancarias A Nombre de Numerosas Sociedades, Pertenecientes Todas al Mismo Grupo y \u00d3rgano Social.<\/p>\n<h2 class=\"title-h2\">No se esclarece la finalidad de los pagos<\/h2>\n<p>En el Informe se Se\u00f1alaba la utilizaci\u00f3n de \u00abcuentas a t\u00edtulo personales Puente para transferir fondos entres cuentas de las sociedades mercantiles\u00bb, aunque lo que todav\u00eda no se ha ha descieto \u00abUn Aparente Sentido Econ\u00f3mico L\u00edcito\u00bb.<\/p>\n<p><i>S\u00edguenos en nuestro canal de whatsapp y no te Pierdas la \u00daLtima Hora y Toda la actualidad de antena3noticias.com<\/i><\/p>\n<div class=\"recirculation-video\" data-mod=\"a3mod_recirculation_video\">\n<div class=\"recirculation-video-wrapper\">\n<div>\n<div class=\"video-wrapper\">\n  <picture class=\"video-main-picture\"><source media=\"(min-width: 481px)\" srcset=\"https:\/\/fotografias.antena3.com\/clipping\/cmsimages01\/2025\/03\/10\/7B93D4F1-79A7-4E53-BCF8-5FF9A315AEFD\/madrid-ifema_94.jpg?crop=8192,4608,x0,y0&amp;width=800&amp;height=450&amp;optimize=medium&amp;format=webply\" width=\"800\" height=\"450\"><source media=\"(min-width: 391px) and (max-width: 480px)\" srcset=\"https:\/\/fotografias.antena3.com\/clipping\/cmsimages01\/2025\/03\/10\/7B93D4F1-79A7-4E53-BCF8-5FF9A315AEFD\/madrid-ifema_70.jpg?crop=8192,4608,x0,y0&amp;width=480&amp;height=270&amp;optimize=high&amp;format=webply\" width=\"480\" height=\"270\"><source media=\"(min-width: 321px) and (max-width: 390px)\" srcset=\"https:\/\/fotografias.antena3.com\/clipping\/cmsimages01\/2025\/03\/10\/7B93D4F1-79A7-4E53-BCF8-5FF9A315AEFD\/madrid-ifema_92.jpg?crop=8192,4600,x0,y0&amp;width=390&amp;height=219&amp;optimize=high&amp;format=webply\" width=\"390\" height=\"219\"><source media=\"(max-width: 320px)\" srcset=\"https:\/\/fotografias.antena3.com\/clipping\/cmsimages01\/2025\/03\/10\/7B93D4F1-79A7-4E53-BCF8-5FF9A315AEFD\/madrid-ifema_52.jpg?crop=8192,4608,x0,y0&amp;width=320&amp;height=180&amp;optimize=high&amp;format=webply\" width=\"320\" height=\"180\"><img decoding=\"async\" title=\"GP de Madrid en Ifema\" alt=\"GP de Madrid en Ifema\" width=\"480\" height=\"270\" src=\"https:\/\/fotografias.antena3.com\/clipping\/cmsimages01\/2025\/03\/10\/7B93D4F1-79A7-4E53-BCF8-5FF9A315AEFD\/madrid-ifema_70.jpg?crop=8192,4608,x0,y0&amp;width=480&amp;height=270&amp;optimize=high&amp;format=webply\" loading=\"lazy\" class=\"lazy\"\/><br \/>\n  <\/source><\/source><\/source><\/source><\/picture>\n <\/div>\n<\/div><\/div>\n<\/p><\/div>\n<\/div>\n\n","protected":false},"excerpt":{"rendered":"<p>La jueza que investiga los pagos del barcelona al exvicepresidente del comit\u00e9 t\u00e9cnico de \u00e1rbitros jos\u00e9 mar\u00eda enr\u00edquez negreira ha citado un declarar como imputados para el pr\u00f3ximo mes de junio a los expresidentes del club azulgrana sandroel y josep maria maria barthem barthe barthe barthe bar barthe bartome barthebart barthe barthus En un auto, &hellip;<\/p>\n","protected":false},"author":1,"featured_media":18387,"comment_status":"open","ping_status":"open","sticky":false,"template":"","format":"standard","meta":{"fifu_image_url":"https:\/\/fotografias.antena3.com\/clipping\/cmsimages02\/2024\/06\/19\/51BE4517-1EA9-4D74-AF81-37214333D6CB\/josep-maria-bartomeu-sandro-rosell-expresidentes-barca-foto-archivo_69.jpg?crop=5500,3094,x0,y0&width=1280&height=720&optimize=low&format=jpg","fifu_image_alt":"","footnotes":""},"categories":[6],"tags":[],"class_list":["post-18385","post","type-post","status-publish","format-standard","has-post-thumbnail","","category-deportes"],"_links":{"self":[{"href":"https:\/\/noticiasveraces.com\/index.php?rest_route=\/wp\/v2\/posts\/18385","targetHints":{"allow":["GET"]}}],"collection":[{"href":"https:\/\/noticiasveraces.com\/index.php?rest_route=\/wp\/v2\/posts"}],"about":[{"href":"https:\/\/noticiasveraces.com\/index.php?rest_route=\/wp\/v2\/types\/post"}],"author":[{"embeddable":true,"href":"https:\/\/noticiasveraces.com\/index.php?rest_route=\/wp\/v2\/users\/1"}],"replies":[{"embeddable":true,"href":"https:\/\/noticiasveraces.com\/index.php?rest_route=%2Fwp%2Fv2%2Fcomments&post=18385"}],"version-history":[{"count":0,"href":"https:\/\/noticiasveraces.com\/index.php?rest_route=\/wp\/v2\/posts\/18385\/revisions"}],"wp:featuredmedia":[{"embeddable":true,"href":"https:\/\/noticiasveraces.com\/index.php?rest_route=\/wp\/v2\/media\/18387"}],"wp:attachment":[{"href":"https:\/\/noticiasveraces.com\/index.php?rest_route=%2Fwp%2Fv2%2Fmedia&parent=18385"}],"wp:term":[{"taxonomy":"category","embeddable":true,"href":"https:\/\/noticiasveraces.com\/index.php?rest_route=%2Fwp%2Fv2%2Fcategories&post=18385"},{"taxonomy":"post_tag","embeddable":true,"href":"https:\/\/noticiasveraces.com\/index.php?rest_route=%2Fwp%2Fv2%2Ftags&post=18385"}],"curies":[{"name":"wp","href":"https:\/\/api.w.org\/{rel}","templated":true}]}}