{"id":18375,"date":"2025-03-13T00:52:35","date_gmt":"2025-03-13T04:52:35","guid":{"rendered":"https:\/\/noticiasveraces.com\/?p=18375"},"modified":"2025-03-13T00:52:35","modified_gmt":"2025-03-13T04:52:35","slug":"brasil-no-preve-tomar-representa-contra-aranceles-de-ee-uu-dw-13-03-2025","status":"publish","type":"post","link":"https:\/\/noticiasveraces.com\/?p=18375","title":{"rendered":"Brasil No Prev\u00e9 Tomar representa contra Aranceles de ee.uu. &#8211; DW &#8211; 13\/03\/2025"},"content":{"rendered":"<p> \n<\/p>\n<div>\n<p>El Ministro de Hacienda de Brasil, Fernando Haddad, Dijo Este Mi\u00e9rcoles (12.03.2025) Que El Gobierno de Su Pa\u00eds no Prev\u00e9 Tomar RepresentAs Contra Los Aranceles Reci\u00e9n Impuestos por Donald Trump Que Afectan A Las Exportaciones Brasile\u00f1as de Acero a Estados a Estados.<\/p>\n<p>\u00abNosotros no vamos un procedimiento as\u00ed por orientaci\u00f3n del presidente\u00bb, afirm\u00f3 un periodista, y agreg\u00f3 que el mandatario de izquierda luiz in\u00e1cio lula da silva orden\u00f3 \u00abdoma calma en este momento\u00bb de tensi\u00f3n comercial con washonton.<\/p>\n<p>El Gobierno de Trump implementa el este de mi\u00e9rcoles aranceles de 25% a las importaciones de acero, aluminio y otros productos de varios pa\u00edses. Brasil es El Segundo Provisor de Acero A Estados Unidos, Despu\u00e9s de Canad\u00e1.<\/p>\n<p>\u00abYa Negociamos otras veces en Condiciones m\u00e1s desfavorables que estas\u00bb, Destac\u00f3 Haddad Tras un Encuentro en Brasilia Con representantes del sector Sider\u00fargico, que le presente Propuestas para proteger a la Industria Brasile\u00f1a.<\/p>\n<p>Seg\u00fan El Ministro, en la Reuni\u00f3n se Barajaron Argumentos \u00abMuy consistentes\u00bb acerca de queestos unidos \u00absolo pude perder\u00bb cons aranceles que afectan a brasil, porque el comercio entre ambos pa\u00edses es \u00abmuyilibrado\u00bb.<\/p>\n<p>Los ministerios de Exteriores y de Industria comunicaron en una nota que el gobierno \u00abestudiar\u00e1 todas las posibilidades de acci\u00f3n en el campo del comercio exterior\u00bb para \u00abcontrarrestar los efectos nocivos de las medidas estadounidenses y defender los leg\u00edtimos intereses nacionales, incluso junto a la Organizaci\u00f3n Mundial del Comercio \u00ab.<\/p>\n<p>Las dos Dos Carteras Se\u00f1alaron que hen Reuniones \u00abPrevistas LAS PROXAS SEMANAS\u00bb Con Representantes de Estados Unidos. <\/p>\n<p><span data-slot-id=\"Article_InContent-1\" class=\"rich-text-ad\"\/><\/p>\n<h2>Lula hab\u00eda amenazado con representaci\u00f3n<\/h2>\n<p>En una conversaci\u00f3n Telef\u00f3nica El 7 de Marzo, El Canciller de Brasil, Mauro Vieira, Y El Nuevo Representante de Comercio Estadounidense, Jamieson Greer, Acordaron Cear \u00abUn Grupo de Trabajo (&#8230;) Para Tratar Temaas Arancelarios\u00bb, Dijo LA CANCILLER\u00cdA EN X.<\/p>\n<p>El Instituto Acero Brasil, Que Agrupa A Varias Empresas del Sector, SE \u00abMantiena a la Expectiva\u00bb de que Estos acercamientos revivan \u00abEl Sistema de Importaci\u00f3n Construido Durante el Primer Gobierno de Donald Trump\u00bb.<\/p>\n<p>EN 2018, El Mandatario Estadounidense Fij\u00f3 Aranceles similares para el acero Brasile\u00f1o, Pero lue lue autor la compra de Hasta 4,1 milillas de Toneladas Anuales Sin Sobretasas. <\/p>\n<p>\u00abNing\u00fan restaurante El Acuerdo Traer\u00e1 P\u00e9rdidas No Solo Para La Industria Brasile\u00f1a del Acero, Sino Tambi\u00e9n para la Industria del Acero Estadounidense\u00bb, Agreg\u00f3 El Gremio en Un Comunicado. <\/p>\n<p>La Balanza Comercial bilateral asciende a UNOS 80,000 MILLONES DE DOLARES, CON UNA SUPERAVIT DE 200 MILLONES Favorables a Estados Unidos.<\/p>\n<p>LUEGO DE QURM ANUNCIA LOS Nuevos Aranceles al Asumir El Poder, Lula Hab\u00eda Advertido Que Brasil Responder\u00ed Con \u00abReciprocidad\u00bb.<\/p>\n<p>\u00abSI Gravan El Acero Brasile\u00f1o, Reaccionaremos Comercialmentte, Denunciaremos Ante la Organizaci\u00f3n Mundial de Comercio o impondremos Aranceles A LOS Productos que Importamos de Ellos\u00bb, Hab\u00eda afirmado en una entrevista con una radio brasile\u00f1a.<\/p>\n<p>Mg (AFP, Agencia Brasil)<\/p>\n<\/p>\n<\/div>\n\n","protected":false},"excerpt":{"rendered":"<p>El Ministro de Hacienda de Brasil, Fernando Haddad, Dijo Este Mi\u00e9rcoles (12.03.2025) Que El Gobierno de Su Pa\u00eds no Prev\u00e9 Tomar RepresentAs Contra Los Aranceles Reci\u00e9n Impuestos por Donald Trump Que Afectan A Las Exportaciones Brasile\u00f1as de Acero a Estados a Estados. \u00abNosotros no vamos un procedimiento as\u00ed por orientaci\u00f3n del presidente\u00bb, afirm\u00f3 un periodista, &hellip;<\/p>\n","protected":false},"author":1,"featured_media":18376,"comment_status":"open","ping_status":"open","sticky":false,"template":"","format":"standard","meta":{"fifu_image_url":"https:\/\/static.dw.com\/image\/65373014_6.jpg","fifu_image_alt":"","footnotes":""},"categories":[13],"tags":[],"class_list":["post-18375","post","type-post","status-publish","format-standard","has-post-thumbnail","","category-mundo"],"_links":{"self":[{"href":"https:\/\/noticiasveraces.com\/index.php?rest_route=\/wp\/v2\/posts\/18375","targetHints":{"allow":["GET"]}}],"collection":[{"href":"https:\/\/noticiasveraces.com\/index.php?rest_route=\/wp\/v2\/posts"}],"about":[{"href":"https:\/\/noticiasveraces.com\/index.php?rest_route=\/wp\/v2\/types\/post"}],"author":[{"embeddable":true,"href":"https:\/\/noticiasveraces.com\/index.php?rest_route=\/wp\/v2\/users\/1"}],"replies":[{"embeddable":true,"href":"https:\/\/noticiasveraces.com\/index.php?rest_route=%2Fwp%2Fv2%2Fcomments&post=18375"}],"version-history":[{"count":0,"href":"https:\/\/noticiasveraces.com\/index.php?rest_route=\/wp\/v2\/posts\/18375\/revisions"}],"wp:featuredmedia":[{"embeddable":true,"href":"https:\/\/noticiasveraces.com\/index.php?rest_route=\/wp\/v2\/media\/18376"}],"wp:attachment":[{"href":"https:\/\/noticiasveraces.com\/index.php?rest_route=%2Fwp%2Fv2%2Fmedia&parent=18375"}],"wp:term":[{"taxonomy":"category","embeddable":true,"href":"https:\/\/noticiasveraces.com\/index.php?rest_route=%2Fwp%2Fv2%2Fcategories&post=18375"},{"taxonomy":"post_tag","embeddable":true,"href":"https:\/\/noticiasveraces.com\/index.php?rest_route=%2Fwp%2Fv2%2Ftags&post=18375"}],"curies":[{"name":"wp","href":"https:\/\/api.w.org\/{rel}","templated":true}]}}