{"id":18350,"date":"2025-03-12T20:40:14","date_gmt":"2025-03-13T00:40:14","guid":{"rendered":"https:\/\/noticiasveraces.com\/?p=18350"},"modified":"2025-03-12T20:40:14","modified_gmt":"2025-03-13T00:40:14","slug":"una-radiografia-de-torax-conforma-mejoria-del-papa-francisco-dw-13-03-2025","status":"publish","type":"post","link":"https:\/\/noticiasveraces.com\/?p=18350","title":{"rendered":"UNA RADIOGRAFIA DE T\u00d3RAX CONFORMA MEJORIA DEL PAPA FRANCISCO &#8211; DW &#8211; 13\/03\/2025"},"content":{"rendered":"<p> \n<\/p>\n<div>\n<p>La Radiograf\u00eda de T\u00f3rax Realizada Al Papa Francisco Ha Confirmado La Mejor\u00eda de Los D\u00edas Anteriores, Inform\u00f3 El Vaticano Este Mi\u00e9rcoles (12.03.2025), En Sup Vigesimos\u00e9ptimo D\u00eda Hospitalizado por problemas respiratorios.<\/p>\n<p>\u00abLas Condiciones Cl\u00ednicas del Santo Padre, Dentro de la Complejidad del Cuadro General, Permanecen establece. La Radiograf\u00eda del T\u00f3rax Realizada Ayer ha confirmado Radiol\u00f3gico las Mejor\u00edas de Los D\u00edas\u00bb, Se Lee en el Bolet\u00edn M\u00e9dico.<\/p>\n<p>El Pont\u00edfice Argentino, de 88 A\u00f1os, Permanece Ingresado en El Hospital Gemelli de Roma Desde El Pasado 14 de Febero por una neumon\u00eda bilateral y otros problemas respiratorios.<\/p>\n<p>Tras Varias Crisis, Francisco Ha Encadenado Varias Mejor\u00edas y Su Caso ya no est\u00e1 en pron\u00f3stico reservado, es decir, que sus me M\u00e9dicos considerar que salud no se entrumen en \u00abpeligro inminte\u00bb.<\/p>\n<h2>En fisioterapia respiratoria<\/h2>\n<p>Sus Jornadas Transcurren EJercit\u00e1nDosae Con Fisioterapia Respiratoria Y MotorA y RecibiDo Altos Fl\u00edsicos de Ox\u00edsgeno Con C\u00e1nulas Nasales, Sustituidas por la Noche Con la Ventilaci\u00f3n Mec\u00e1nica No Invasiva, Con la M\u00e1scara.<\/p>\n<p>Adem\u00e1s, Estos D\u00edas Sigue Desde la Televisi\u00f3n de Su H\u00e1bitaci\u00f3nis en el D\u00e9cimo Piso del Hospital Gemelli de Roma Los Ejercios Espirituales de la Curia Romana Por la Cuaresma, Que se celebran Ma\u00f1ana y Tarde en El Aula Pablo Vi del Vanicio.<\/p>\n<p>Los M\u00e9dicos del Papa Insisten en que su situaci\u00f3n es \u00abestable\u00bb pero dentro de un cuadro \u00abcomplejo\u00bb.<\/p>\n<p>ESTA Ma\u00f1ana, El Primer Papa Latinoamericano, Ha Recibido la Eucarist\u00eda y por la Tarde se ha dedicado a la oraci\u00f3n, el reposo y las actividades de fisioterapia, agreg\u00f3 la santa santa.<\/p>\n<p>LOS DOCTORES TODAVIA NO HAN ANUBIODO CU\u00c1NDO PODR\u00c1 SALIR DEL HOSPITAL EL L\u00cdDER ESPIRITUAL DE 1.400 MILLONES DE CAT\u00d3ICOS EN EL MUNDO. El Lunes, Explicaron que a\u00fan Deb\u00eda Permanecer Ingresado \u00abAlgunos D\u00edas M\u00e1s\u00bb.<\/p>\n<p>JC (AFP, Efe)<\/p>\n<\/p>\n<\/div>\n\n","protected":false},"excerpt":{"rendered":"<p>La Radiograf\u00eda de T\u00f3rax Realizada Al Papa Francisco Ha Confirmado La Mejor\u00eda de Los D\u00edas Anteriores, Inform\u00f3 El Vaticano Este Mi\u00e9rcoles (12.03.2025), En Sup Vigesimos\u00e9ptimo D\u00eda Hospitalizado por problemas respiratorios. \u00abLas Condiciones Cl\u00ednicas del Santo Padre, Dentro de la Complejidad del Cuadro General, Permanecen establece. La Radiograf\u00eda del T\u00f3rax Realizada Ayer ha confirmado Radiol\u00f3gico las &hellip;<\/p>\n","protected":false},"author":1,"featured_media":18351,"comment_status":"open","ping_status":"open","sticky":false,"template":"","format":"standard","meta":{"fifu_image_url":"https:\/\/static.dw.com\/image\/65847453_6.jpg","fifu_image_alt":"","footnotes":""},"categories":[13],"tags":[],"class_list":["post-18350","post","type-post","status-publish","format-standard","has-post-thumbnail","","category-mundo"],"_links":{"self":[{"href":"https:\/\/noticiasveraces.com\/index.php?rest_route=\/wp\/v2\/posts\/18350","targetHints":{"allow":["GET"]}}],"collection":[{"href":"https:\/\/noticiasveraces.com\/index.php?rest_route=\/wp\/v2\/posts"}],"about":[{"href":"https:\/\/noticiasveraces.com\/index.php?rest_route=\/wp\/v2\/types\/post"}],"author":[{"embeddable":true,"href":"https:\/\/noticiasveraces.com\/index.php?rest_route=\/wp\/v2\/users\/1"}],"replies":[{"embeddable":true,"href":"https:\/\/noticiasveraces.com\/index.php?rest_route=%2Fwp%2Fv2%2Fcomments&post=18350"}],"version-history":[{"count":0,"href":"https:\/\/noticiasveraces.com\/index.php?rest_route=\/wp\/v2\/posts\/18350\/revisions"}],"wp:featuredmedia":[{"embeddable":true,"href":"https:\/\/noticiasveraces.com\/index.php?rest_route=\/wp\/v2\/media\/18351"}],"wp:attachment":[{"href":"https:\/\/noticiasveraces.com\/index.php?rest_route=%2Fwp%2Fv2%2Fmedia&parent=18350"}],"wp:term":[{"taxonomy":"category","embeddable":true,"href":"https:\/\/noticiasveraces.com\/index.php?rest_route=%2Fwp%2Fv2%2Fcategories&post=18350"},{"taxonomy":"post_tag","embeddable":true,"href":"https:\/\/noticiasveraces.com\/index.php?rest_route=%2Fwp%2Fv2%2Ftags&post=18350"}],"curies":[{"name":"wp","href":"https:\/\/api.w.org\/{rel}","templated":true}]}}