{"id":18329,"date":"2025-03-12T17:28:18","date_gmt":"2025-03-12T21:28:18","guid":{"rendered":"https:\/\/noticiasveraces.com\/?p=18329"},"modified":"2025-03-12T17:28:18","modified_gmt":"2025-03-12T21:28:18","slug":"las-naciones-unidas-anuncian-la-iniciativa-destinada-a-reducir-el-gasto-como-la-amenaza-de-los-recortes-estadounidenses","status":"publish","type":"post","link":"https:\/\/noticiasveraces.com\/?p=18329","title":{"rendered":"Las Naciones Unidas anuncian la iniciativa destinada a reducir el gasto como la amenaza de los recortes estadounidenses"},"content":{"rendered":"<p> \n<\/p>\n<div>\n<div class=\"article-gating gated-overlay show-gate\">\n<div class=\"article-gating-wrapper\">\n<p>\u00danase a Fox News para acceder a este contenido<\/p>\n<p>Has alcanzado su n\u00famero m\u00e1ximo de art\u00edculos. Inicie sesi\u00f3n o cree una cuenta de forma gratuita para continuar leyendo.<\/p>\n<div class=\"article-gating-legal tablet-desktop\">Al ingresar su correo electr\u00f3nico y presionar continuar, usted acepta los t\u00e9rminos de uso y la pol\u00edtica de privacidad de Fox News, que incluye nuestro aviso de incentivo financiero.\n    <\/div>\n<p><span>Por favor, introduce una direcci\u00f3n de correo electr\u00f3nico v\u00e1lida.<\/span><\/p>\n<footer class=\"article-gating-footer\">\u00bfTiene problemas? Haga clic aqu\u00ed.<\/footer>\n<\/div>\n<\/div>\n<p class=\"speakable\">El secretario general de las Naciones Unidas, Antonio Guterres, anunci\u00f3 la \u00abIniciativa UN80\u00bb el mi\u00e9rcoles como un proyecto en honor al 80 aniversario del organismo internacional. En el papel, la iniciativa tiene como objetivo mejorar la eficiencia, revisar la implementaci\u00f3n de mandatos y reestructurar el sistema. Sin embargo, varios cr\u00edticos de la ONU afirman que esta es la forma en que el organismo internacional se prepara para posibles recortes de gastos de los Estados Unidos.<\/p>\n<p class=\"speakable\">\u00abEsto va mucho m\u00e1s all\u00e1 de lo t\u00e9cnico. Los presupuestos en las Naciones Unidas no son solo n\u00fameros en un balance general: son una cuesti\u00f3n de vida y muerte para millones en todo el mundo\u00bb, dijo el mi\u00e9rcoles el Secretario General Guterres a periodistas.<\/p>\n<p>Neg\u00f3 que la iniciativa UN80 sea una \u00abversi\u00f3n de dux\u00bb y dijo que no era una respuesta a posibles recortes en los Estados Unidos.<\/p>\n<p>El jefe de la organizaci\u00f3n, doge-un Hugh Dugan, desestim\u00f3 la iniciativa UN80 como un \u00abesfuerzo para enviar una gran tarjeta de felicitaci\u00f3n de Hallmark al mundo\u00bb.<\/p>\n<p>\u00abHa tenido de 8 a 10 a\u00f1os de oportunidad para comenzar lo que est\u00e1 llamando por ahora, y no hay suficiente tiempo en sus 18 meses o 19 meses restantes en el cargo que podr\u00eda proporcionar cualquier raz\u00f3n para pensar que su equipo va a pivotar y prender fuego al mundo de manera que sea una avance de lo que est\u00e9 haciendo Elon Musk\u00bb, dijo Dugan a Fox News Digital.<\/p>\n<div class=\"image-ct inline\">\n<div class=\"m\"><picture><source media=\"(max-width: 767px)\" srcset=\"https:\/\/a57.foxnews.com\/static.foxnews.com\/foxnews.com\/content\/uploads\/2025\/03\/343\/192\/antonio-guterres.jpg?ve=1&amp;tl=1, https:\/\/a57.foxnews.com\/static.foxnews.com\/foxnews.com\/content\/uploads\/2025\/03\/686\/384\/antonio-guterres.jpg?ve=1&amp;tl=1 2x\" height=\"192\" width=\"343\"><source media=\"(min-width: 768px) and (max-width: 1023px)\" srcset=\"https:\/\/a57.foxnews.com\/static.foxnews.com\/foxnews.com\/content\/uploads\/2025\/03\/672\/378\/antonio-guterres.jpg?ve=1&amp;tl=1, https:\/\/a57.foxnews.com\/static.foxnews.com\/foxnews.com\/content\/uploads\/2025\/03\/1344\/756\/antonio-guterres.jpg?ve=1&amp;tl=1 2x\" height=\"378\" width=\"672\"><source media=\"(min-width: 1024px) and (max-width: 1279px)\" srcset=\"https:\/\/a57.foxnews.com\/static.foxnews.com\/foxnews.com\/content\/uploads\/2025\/03\/931\/523\/antonio-guterres.jpg?ve=1&amp;tl=1, https:\/\/a57.foxnews.com\/static.foxnews.com\/foxnews.com\/content\/uploads\/2025\/03\/1862\/1046\/antonio-guterres.jpg?ve=1&amp;tl=1 2x\" height=\"523\" width=\"931\"><source media=\"(min-width: 1280px)\" srcset=\"https:\/\/a57.foxnews.com\/static.foxnews.com\/foxnews.com\/content\/uploads\/2025\/03\/720\/405\/antonio-guterres.jpg?ve=1&amp;tl=1, https:\/\/a57.foxnews.com\/static.foxnews.com\/foxnews.com\/content\/uploads\/2025\/03\/1440\/810\/antonio-guterres.jpg?ve=1&amp;tl=1 2x\" height=\"405\" width=\"720\"><img loading=\"lazy\" decoding=\"async\" src=\"https:\/\/a57.foxnews.com\/static.foxnews.com\/foxnews.com\/content\/uploads\/2025\/03\/1200\/675\/antonio-guterres.jpg?ve=1&amp;tl=1\" alt=\"Secretario General de las Naciones Unidas Antonio Guterres\" width=\"1200\" height=\"675\"\/><\/source><\/source><\/source><\/source><\/picture><\/div>\n<div class=\"info\">\n<div class=\"caption\">\n<p><span>El secretario general de las Naciones Unidas, Antonio Guterres, anunci\u00f3 la \u00abIniciativa UN80\u00bb el mi\u00e9rcoles como un proyecto en honor al 80 aniversario del organismo internacional.<\/span> <span>(Eduardo Mu\u00f1oz\/Reuters)<\/span><\/p>\n<\/div>\n<\/div>\n<\/div>\n<p><strong>Un preparaci\u00f3n de los recortes de gastos mientras Doge Roots Out Waste en EE. UU. Show Interner Docs muestra<\/strong><\/p>\n<p>Cuando Fox News Digital lo presion\u00f3 durante la sesi\u00f3n informativa del mediod\u00eda si la UN80 se entendi\u00f3 como una respuesta a los recortes de EE. UU. Y si el Secretario General estaba preocupado por Elon Musk, el portavoz del Secretario General St\u00e9phane Dujarric se refiri\u00f3 a los comentarios que el Secretario General hizo antes del d\u00eda.<\/p>\n<p>Anne Bayefsky, Directora del Instituto de Derechos Humanos y Presidenta de Holocausto y Presidente, respondi\u00f3 a los comentarios del Secretario General. Ella critic\u00f3 a la ONU como una \u00abinstituci\u00f3n hinchada, corrupta y profundamente antiamericana y antijud\u00eda\u00bb.<\/p>\n<div class=\"image-ct inline\">\n<div class=\"m\"><picture><source media=\"(max-width: 767px)\" srcset=\"https:\/\/a57.foxnews.com\/static.foxnews.com\/foxnews.com\/content\/uploads\/2023\/11\/343\/192\/un-secretary-general-antonio-guterres.jpg?ve=1&amp;tl=1, https:\/\/a57.foxnews.com\/static.foxnews.com\/foxnews.com\/content\/uploads\/2023\/11\/686\/384\/un-secretary-general-antonio-guterres.jpg?ve=1&amp;tl=1 2x\" height=\"192\" width=\"343\"><source media=\"(min-width: 768px) and (max-width: 1023px)\" srcset=\"https:\/\/a57.foxnews.com\/static.foxnews.com\/foxnews.com\/content\/uploads\/2023\/11\/672\/378\/un-secretary-general-antonio-guterres.jpg?ve=1&amp;tl=1, https:\/\/a57.foxnews.com\/static.foxnews.com\/foxnews.com\/content\/uploads\/2023\/11\/1344\/756\/un-secretary-general-antonio-guterres.jpg?ve=1&amp;tl=1 2x\" height=\"378\" width=\"672\"><source media=\"(min-width: 1024px) and (max-width: 1279px)\" srcset=\"https:\/\/a57.foxnews.com\/static.foxnews.com\/foxnews.com\/content\/uploads\/2023\/11\/931\/523\/un-secretary-general-antonio-guterres.jpg?ve=1&amp;tl=1, https:\/\/a57.foxnews.com\/static.foxnews.com\/foxnews.com\/content\/uploads\/2023\/11\/1862\/1046\/un-secretary-general-antonio-guterres.jpg?ve=1&amp;tl=1 2x\" height=\"523\" width=\"931\"><source media=\"(min-width: 1280px)\" srcset=\"https:\/\/a57.foxnews.com\/static.foxnews.com\/foxnews.com\/content\/uploads\/2023\/11\/720\/405\/un-secretary-general-antonio-guterres.jpg?ve=1&amp;tl=1, https:\/\/a57.foxnews.com\/static.foxnews.com\/foxnews.com\/content\/uploads\/2023\/11\/1440\/810\/un-secretary-general-antonio-guterres.jpg?ve=1&amp;tl=1 2x\" height=\"405\" width=\"720\"><img loading=\"lazy\" decoding=\"async\" src=\"https:\/\/a57.foxnews.com\/static.foxnews.com\/foxnews.com\/content\/uploads\/2023\/11\/1200\/675\/un-secretary-general-antonio-guterres.jpg?ve=1&amp;tl=1\" alt=\"Secretario General de las Naciones Unidas Antonio Guterres\" width=\"1200\" height=\"675\"\/><\/source><\/source><\/source><\/source><\/picture><\/div>\n<div class=\"info\">\n<div class=\"caption\">\n<p><span>Se espera que el Secretario General de las Naciones Unidas, Antonio Guterres, aborde la situaci\u00f3n financiera de la ONU el pr\u00f3ximo mes en un ayuntamiento virtual. <\/span> <span>(Brendan McDermid\/Reuters)<\/span><\/p>\n<\/div>\n<\/div>\n<\/div>\n<p><strong><u>El Jefe de la ONU sona la alarma en medio de temores sobre posibles recortes inspirados en dux despu\u00e9s de la orden de Trump<\/u><\/strong><\/p>\n<p>\u00abCada vez que un gobierno de los Estados Unidos comienza a tratar de hacer que cuentas o usar el poder del bolso para cambiar esta ecuaci\u00f3n sin sentido, la ONU trota una &#8216;reforma&#8217; falsa y Am\u00e9rica se desplaza. El presidente Trump y Dege pueden cambiar este estado perverso\u00bb, dijo Bayefsky a Fox News Digital.<\/p>\n<p>\u00abObviamente, Guterres est\u00e1 asustado y profundamente preocupado de que sus tonter\u00edas totales sobre estar involucrada en &#8216;una ambiciosa agenda de reforma&#8217; se llamar\u00e1\u00bb, agreg\u00f3.<\/p>\n<div class=\"image-ct inline\">\n<div class=\"m\"><picture><source media=\"(max-width: 767px)\" srcset=\"https:\/\/a57.foxnews.com\/static.foxnews.com\/foxnews.com\/content\/uploads\/2024\/08\/343\/192\/GettyImages-2161729346-scaled.jpg?ve=1&amp;tl=1, https:\/\/a57.foxnews.com\/static.foxnews.com\/foxnews.com\/content\/uploads\/2024\/08\/686\/384\/GettyImages-2161729346-scaled.jpg?ve=1&amp;tl=1 2x\" height=\"192\" width=\"343\"><source media=\"(min-width: 768px) and (max-width: 1023px)\" srcset=\"https:\/\/a57.foxnews.com\/static.foxnews.com\/foxnews.com\/content\/uploads\/2024\/08\/672\/378\/GettyImages-2161729346-scaled.jpg?ve=1&amp;tl=1, https:\/\/a57.foxnews.com\/static.foxnews.com\/foxnews.com\/content\/uploads\/2024\/08\/1344\/756\/GettyImages-2161729346-scaled.jpg?ve=1&amp;tl=1 2x\" height=\"378\" width=\"672\"><source media=\"(min-width: 1024px) and (max-width: 1279px)\" srcset=\"https:\/\/a57.foxnews.com\/static.foxnews.com\/foxnews.com\/content\/uploads\/2024\/08\/931\/523\/GettyImages-2161729346-scaled.jpg?ve=1&amp;tl=1, https:\/\/a57.foxnews.com\/static.foxnews.com\/foxnews.com\/content\/uploads\/2024\/08\/1862\/1046\/GettyImages-2161729346-scaled.jpg?ve=1&amp;tl=1 2x\" height=\"523\" width=\"931\"><source media=\"(min-width: 1280px)\" srcset=\"https:\/\/a57.foxnews.com\/static.foxnews.com\/foxnews.com\/content\/uploads\/2024\/08\/720\/405\/GettyImages-2161729346-scaled.jpg?ve=1&amp;tl=1, https:\/\/a57.foxnews.com\/static.foxnews.com\/foxnews.com\/content\/uploads\/2024\/08\/1440\/810\/GettyImages-2161729346-scaled.jpg?ve=1&amp;tl=1 2x\" height=\"405\" width=\"720\"><img loading=\"lazy\" decoding=\"async\" src=\"https:\/\/a57.foxnews.com\/static.foxnews.com\/foxnews.com\/content\/uploads\/2024\/08\/1200\/675\/GettyImages-2161729346-scaled.jpg?ve=1&amp;tl=1\" alt=\"Fachada de las Naciones Unidas\" width=\"1200\" height=\"675\"\/><\/source><\/source><\/source><\/source><\/picture><\/div>\n<div class=\"info\">\n<div class=\"caption\">\n<p><span>Los documentos internos de la ONU sobre su \u00abcrisis de liquidez\u00bb obtenida recientemente por Fox News Digital parec\u00edan mostrar que la intuici\u00f3n se estaba preparando para posibles recortes de gastos relacionados con DGE.<\/span> <span>(Jakub Porzycki\/Nurphoto a trav\u00e9s de Getty Images)<\/span><\/p>\n<\/div>\n<\/div>\n<\/div>\n<p><strong><u>Haga clic aqu\u00ed para obtener la aplicaci\u00f3n Fox News<\/u><\/strong><\/p>\n<p>Los documentos internos de la ONU sobre su \u00abcrisis de liquidez\u00bb obtenida recientemente por Fox News Digital parec\u00edan mostrar que la intuici\u00f3n se estaba preparando para posibles recortes de gastos relacionados con DGE.<\/p>\n<p>A pesar de que el memorando de la ONU afirma que reducir al 80% de los fondos asignados potencialmente da\u00f1ar\u00edan a las entidades, los expertos le dijeron a Dugan que no ven ning\u00fan \u00abrecorte real\u00bb.<\/p>\n<p>Se espera que Guterres aborde la situaci\u00f3n financiera de la ONU el pr\u00f3ximo mes en un ayuntamiento virtual. Si bien no hab\u00eda ning\u00fan tema especificado en la invitaci\u00f3n para el Ayuntamiento, Dujarric confirm\u00f3 que se discutir\u00edan las finanzas.<\/p>\n<\/div>\n\n","protected":false},"excerpt":{"rendered":"<p>\u00danase a Fox News para acceder a este contenido Has alcanzado su n\u00famero m\u00e1ximo de art\u00edculos. Inicie sesi\u00f3n o cree una cuenta de forma gratuita para continuar leyendo. Al ingresar su correo electr\u00f3nico y presionar continuar, usted acepta los t\u00e9rminos de uso y la pol\u00edtica de privacidad de Fox News, que incluye nuestro aviso de &hellip;<\/p>\n","protected":false},"author":1,"featured_media":18331,"comment_status":"open","ping_status":"open","sticky":false,"template":"","format":"standard","meta":{"fifu_image_url":"https:\/\/static.foxnews.com\/foxnews.com\/content\/uploads\/2025\/03\/antonio-guterres.jpg","fifu_image_alt":"","footnotes":""},"categories":[13],"tags":[],"class_list":["post-18329","post","type-post","status-publish","format-standard","has-post-thumbnail","","category-mundo"],"_links":{"self":[{"href":"https:\/\/noticiasveraces.com\/index.php?rest_route=\/wp\/v2\/posts\/18329","targetHints":{"allow":["GET"]}}],"collection":[{"href":"https:\/\/noticiasveraces.com\/index.php?rest_route=\/wp\/v2\/posts"}],"about":[{"href":"https:\/\/noticiasveraces.com\/index.php?rest_route=\/wp\/v2\/types\/post"}],"author":[{"embeddable":true,"href":"https:\/\/noticiasveraces.com\/index.php?rest_route=\/wp\/v2\/users\/1"}],"replies":[{"embeddable":true,"href":"https:\/\/noticiasveraces.com\/index.php?rest_route=%2Fwp%2Fv2%2Fcomments&post=18329"}],"version-history":[{"count":0,"href":"https:\/\/noticiasveraces.com\/index.php?rest_route=\/wp\/v2\/posts\/18329\/revisions"}],"wp:featuredmedia":[{"embeddable":true,"href":"https:\/\/noticiasveraces.com\/index.php?rest_route=\/wp\/v2\/media\/18331"}],"wp:attachment":[{"href":"https:\/\/noticiasveraces.com\/index.php?rest_route=%2Fwp%2Fv2%2Fmedia&parent=18329"}],"wp:term":[{"taxonomy":"category","embeddable":true,"href":"https:\/\/noticiasveraces.com\/index.php?rest_route=%2Fwp%2Fv2%2Fcategories&post=18329"},{"taxonomy":"post_tag","embeddable":true,"href":"https:\/\/noticiasveraces.com\/index.php?rest_route=%2Fwp%2Fv2%2Ftags&post=18329"}],"curies":[{"name":"wp","href":"https:\/\/api.w.org\/{rel}","templated":true}]}}