{"id":18327,"date":"2025-03-12T16:26:47","date_gmt":"2025-03-12T20:26:47","guid":{"rendered":"https:\/\/noticiasveraces.com\/?p=18327"},"modified":"2025-03-12T16:26:47","modified_gmt":"2025-03-12T20:26:47","slug":"juicio-en-rusia-contra-experiodistas-de-dw-en-prision-dw-12-03-2025","status":"publish","type":"post","link":"https:\/\/noticiasveraces.com\/?p=18327","title":{"rendered":"Juicio en Rusia Contra Experiodistas de DW en Prisi\u00f3n &#8211; DW &#8211; 12\/03\/2025"},"content":{"rendered":"<p> \n<\/p>\n<div>\n<p>Cuatro Periodistas Rusos Est\u00e1n Sido Enjuiciado en Mosc\u00fa. Las Autoridadas de LAS Rusas Los Acusan de Pertenecer A Una \u00abOrganizaci\u00f3n Extremista\u00bb, en Referencia A la Fundaci\u00f3n Anticorrupci\u00f3n (FBK), Del Cr\u00edtico del Kremlin Fallecido en Prisi\u00f3n Alexei Navalny. Los acusados \u200b\u200brechazan esas acusaciones y hacen hincapi\u00e9 en que no trabajaban para dicha fundaci\u00f3n, sino que \u00danicamme Informaron Sobre Su Trabajo.<\/p>\n<p>El 13 de Marzo, Las Partes en El Caso de Antonina Kravtsova (Tambi\u00e9n), Artyom Kriger, Konstantin Gabov y Servguei Karelin Presentar\u00e1n Sus argumentos Finales. Despu\u00e9s de Eso, Podr\u00eda emitirse el Veredicto. Este Debe anunciarse a m\u00e1s tardar cinco dias desespu\u00e9s. Los acusados \u200b\u200bse enfrentan a Hasta seis A\u00f1os de Prisi\u00f3n. El Proyecto Independiente de Derechos Humanos \u00abapoyo a Los Presos Pol\u00cdticos. Memorial\u00bb Los Ha Clasificado a Todos como Press Pol\u00cdticos.<\/p>\n<p>El Juicio se Desarrolla A Puerta Cerrada y Se Sabe Poco Sobre Los Detless. PERO LOS PERI\u00d3DILISTAS ENCARCELADOS MANTIENEN CONTACTO CON EL MUNDO EXTERIOR A TRAV\u00c9S DE CARtas.<\/p>\n<h2>Antonina Kravtsova (Favorskaya), 35 A\u00f1os<\/h2>\n<p>Antonina Kravtsova Trabaj\u00f3 como actriz de cine y teatro Hasta 2024. DESPU\u00c9S DE DE COMENZARA LA GUERRA DE AGRESI\u00d3N DE RUSIA CONTRANIA, EN LA LA PRIMAVERA DE 2022, CAPACITO SE CAP\u00cdTO CAPO TAQUIRGRAFA JUDICIAL Y DESDE ENTONDE ENTONDE ENTONDE ENTONDE ENTONDE SOABRE LOS JUANERO PRISION PRISIONES Pol\u00cdticos, incluido Alexei Navalny. Kravtsova Fue La \u00daLTima PERIORTista que Pudo Filmarlo en El Tribunal Poco Antes de Su Muerte. Al Igual que los Partidarios de Navalny, Est\u00e1 Convencida de Que Las Autoridades Rusas Mataron Al Opositor. Navalny Muri\u00f3 en febrero de 2024, a la Edad de 47 A\u00f1os, en circunstancias Poco Claras en un Campo Penitenciario en el \u00c1rtico.<\/p>\n<figure class=\"placeholder-image master_landscape big\"><img data-format=\"MASTER_LANDSCAPE\" data-id=\"68700103\" data-url=\"https:\/\/static.dw.com\/image\/68700103_${formatId}.jpg\" data-aspect-ratio=\"16\/9\" alt=\"Antonina Favorskaya es Llevada por la Polic\u00eda A Un Tribunal de Mosc\u00fa. (Marzo de 2024).\" style=\"padding-bottom: 56.25%; height: 0; max-height: 0;\"\/><figcaption class=\"img-caption\">Antonina Favorskaya es Llevada por la Polic\u00eda A Un Tribunal de Mosc\u00fa, en Marzo de 2024.<small class=\"copyright\">Imagen: Dmitry Serebryakov\/AP\/DPA\/Picture Alliance<\/small><\/figcaption><\/figure>\n<p>Kravtsova, Quien Publicaba Sus informa Bajo El Seud\u00f3nimo \u00abAntonina Favorskaya\u00bb, Fue Detenida en Marzo de 2023. En sus Cartas, Que Fueron Publicadas por sus Seguidass en Telegram, Iscribi\u00f3 que, un Pesar de Que Era Conciente de los Riesgos, SE QUED\u00d3: \u00abCREELIA:\u00bb CREEMIA: \u00abCREETO:\u00bb CREO. Nuestro Pueblo.<\/p>\n<p>Kravtsova Escribe Abiertamete Sobre La Censura<span id=\"ck_editor_caret_marker\" style=\"display:none\"\/>: \u00abTengo Las Manos Atadas y La Boca Cosida\u00bb.<\/p>\n<h2>Artyom Kriger, 24 A\u00f1os<\/h2>\n<p>Al Igual que Kravtsova, Artyom Kriger Trabaj\u00f3 para <em>Sotavisi\u00f3n<\/em>unportal de uni\u00f3n independiente de las violaciones de las violaciones de Derechos humanos y perseguraci\u00f3n pol\u00edtica en rusia. Fue detenido en Junio \u200b\u200bde 2024. Entre Otras Cosas, Como explic\u00f3 en una entrevista con periodistas, Fue Acusado de participar en el Rodaje de Encuestas Callejeras. Public\u00f3 los videos correspondientes en su canal de youtube.<\/p>\n<p>En su respuesta a una Carta de un periodista de dw, escronteas que encarcelamiento fue duro para -\u00e9l. Aun as\u00ed, intenta no desanimarse. Antes de Que la Prensa Fuera Excuida del Proceso, Kriger Hab\u00eda Llamado A Los Rusos Que Temen Por Su Libertad A Emigrar: \u00abPor Nuestro Ejemplo, Se PuDe ver que este no es una broma y Que Cualquiera Puede ser Acusado de Cualquier Cosa\u00bb.<\/p>\n<p>El periodista lamento haber subestimado los riesgos y dados que ahora es \u00abretoceder imposible en el tiempo\u00bb, dados un dw su pareja yelena.<\/p>\n<h2>Konstantin Gabov, 38 A\u00f1os<\/h2>\n<p>Konstantin Gabov Trabaj\u00f3 COMO Productor para la Agencia de Noticias Reuters y como reportero para <em>Radio Libertad<\/em>. Anteriormento, Trabaj\u00f3 Tambi\u00e9n en la Oficina de Dw en Mosc\u00fa. Gabov Fue arrestado en Abril de 2024 y Luego Acusado de \u00abparticipante en una comunidad extremista\u00bb. LOS Investigadores Afirman Que Produjo Un video para el Canal de YouTube <em>Navalny Live<\/em>. En sus Cartas, Gabov Relata Que Siente que el Tiempo Pasa Muy lentamento en Prisi\u00f3n.<\/p>\n<p>\u00abEscribe que Cada D\u00eda Est\u00e1 M\u00e1s Cansado, Que no Tiene Nada Que Ver Con El Caso Penal, Pero en Rusia la Actitud es \u00e9sta: Primero Te Atrapan y Investigador de Luego\u00bb, Dice Uno de Sus Amigos a dw.<\/p>\n<figure class=\"placeholder-image master_landscape big\"><img data-format=\"MASTER_LANDSCAPE\" data-id=\"68939150\" data-url=\"https:\/\/static.dw.com\/image\/68939150_${formatId}.jpg\" data-aspect-ratio=\"16\/9\" alt=\"Konstantin Gabov Ante un tribunal en Mosc\u00fa.\" style=\"padding-bottom: 56.25%; height: 0; max-height: 0;\"\/><figcaption class=\"img-caption\">Konstantin Gabov, en Abril de 2024 Ante Un Tribunal de Mosc\u00fa.<small class=\"copyright\">Imagen: Basmanny District Court Press of\/Tass\/DPA\/Picture Alliance<\/small><\/figcaption><\/figure>\n<p>A Finales de 2024, Gabov se Quej\u00f3 del Hacinamiento en su celda. LUEGO DE QUE LOS MEDIOS ACTARON APACTIVIMO SOBRE LAS DURAS CONDICIONES EN PRISION, EL PERI\u00d3D\u00cdA FUE UBICADO EN OTRA CELDA. All\u00ed, Seg\u00fan Relata, Pudo ver el Cielo y la Nieve por Primera Vez Dispu\u00e9s de Tres Meses. En sus Cartas, Gabov Habla Sobre las Peque\u00f1as Cosas que Lo Hacen Feliz, Como, por Ejemplo, Contemplar El R\u00edo desde su ventana, o Tomar una Taza de Caf\u00e9. Uno de sus amigos dijo a dw que el periodista adelgaz\u00f3 12 kilos en la c\u00e1rcel.<\/p>\n<p><span data-slot-id=\"Article_InContent-1\" class=\"rich-text-ad\"\/><\/p>\n<h2>Servguei Karelin, 42 A\u00f1os<\/h2>\n<p>El Camar\u00f3grafo Servguei Karelin se Encuentra en una Pris\u00f3n Rusa Desde Finales de Abril de 2024. Fue arrestado en la regi\u00f3n de Murmansk y acusado de \u00abpertenencia a una comunidad extremista\u00bb. Karelin Fue arrestado en el Mismo Caso que Konstantin Gabov. Seg\u00fan Los Investigadores, Ambos Periodistas Habr\u00eda Producido Fotograf\u00edas y Material Cinematogr\u00e1fica Para El Canal de YouTube <em>Navalny Live<\/em>. Al Igual que los Otros Tres Periodistas, Karelin Niega las Acusaciones.<\/p>\n<figure class=\"placeholder-image master_landscape big\"><img data-format=\"MASTER_LANDSCAPE\" data-id=\"68940681\" data-url=\"https:\/\/static.dw.com\/image\/68940681_${formatId}.jpg\" data-aspect-ratio=\"16\/9\" alt=\"Servguei Karelin en Abril de 2024 en un tribunal en Murmansk, Rusia.\" style=\"padding-bottom: 56.25%; height: 0; max-height: 0;\"\/><figcaption class=\"img-caption\">Servguei Karelin en Abril de 2024 en un tribunal de la regi\u00f3n rusa de Murmansk.<small class=\"copyright\">Imagen: AP Photo\/Picture Alliance<\/small><\/figcaption><\/figure>\n<p>Karelin Trabaj\u00f3 Durante Mucho Tiempo Con la Oficina en Mosc\u00fa de DW, Que se Cerr\u00f3 a Petici\u00f3nica del Ministerio de Relaciones Exteriores Ruso A Principios de Febero de 2022, Tras lo a las autoridades de las Autoridadas Rusas Revocaron la acreditaci\u00f3n de los febrero de 2022. Tambi\u00e9n Trabaj\u00f3 para Associated Press (AP). Como periodista, karelin visit\u00f3 repetida colonias penitenciarias y prisiones preventivas. PERO es \u00abMUY DIF\u00cdcIL NO PERDER EL VALOR CUANDO EST\u00c1S TRAS LAS REJAS\u00bb, ERCCI\u00d3N A <em>Novaya Gazeta<\/em> Desde Prisi\u00f3n. \u00abMi Primer Pensamiento Fue que el es el final\u00bb, Dice La Carta.<\/p>\n<p>Cuenta que, un pesar de Eso, escrete en su diario, Lee Mucho, Juega Al Ajedrez, Dibuja y responde numerosas Cartas. Un karelin le gusta tambi\u00e9n comunicarse por escrito con personajes que no conoce, y recuerda que, en un y prisi\u00f3n, estuvo en diferentes situaciones, y en 13 celdas diferentes.<\/p>\n<p>Ya no tiene m\u00e1s miiedo del veredicto, hescribe el periodista, aunque no espera \u00abnada bUeno\u00bb. Sue\u00f1a Con Volver a Ver A Su Familia, y Advierte por ello que est\u00e1 en contra de Un posible Intercambio de Prisioneros. \u00c9l quiere ser libre en rusia. \u00abTengo Miedo de no poder ver nunca m\u00e1s a mis abuelos\u00bb, explicaci\u00f3n. Su Abuelo, de 101 A\u00f1os, y Su Hija, De Tres, Creen Que se Encuentra en Un Viaje de Trabajo.<\/p>\n<p>Yuri Rescheto, que anterior dirigi\u00f3 la Oficina de Mosc\u00fa y Ahora Dirige la Oficina de Dw en Riga, La Capital de Letonia, Recuerda Con Cari\u00f1o El Trabajo Junto con sus Colegas en Rusia.<\/p>\n<p>\u00abConoc\u00eda y Conozco Muy Bien A Konstantin Gabov Ya Servguei Karelin. A Konstantin, Que Proviene de la Rep\u00fanblica de Komi, Siempre Le Gust\u00f3 el Invierno y La Nie. Negocios nos Llev\u00f3 a Riga.<\/p>\n<p>Y agrega: \u00abPero estoy absolutamente seguro de que ambos siguen siendo, ante todo, fieles a su profesi\u00f3n de periodistas. El hecho de que hayan sido detenidos demuestra que es imposible seguir siendo abiertos y trabajar de forma abierta, honesta e incorruptible, respetando las normas Period\u00edsticas, Siguito la \u00e9tica Period\u00edstica, TODO lo Cual Constituye la Base de Nuestro Trabajo \u00ab.<\/p>\n<p>(CP\/RML)<\/p>\n<\/div>\n\n","protected":false},"excerpt":{"rendered":"<p>Cuatro Periodistas Rusos Est\u00e1n Sido Enjuiciado en Mosc\u00fa. Las Autoridadas de LAS Rusas Los Acusan de Pertenecer A Una \u00abOrganizaci\u00f3n Extremista\u00bb, en Referencia A la Fundaci\u00f3n Anticorrupci\u00f3n (FBK), Del Cr\u00edtico del Kremlin Fallecido en Prisi\u00f3n Alexei Navalny. Los acusados \u200b\u200brechazan esas acusaciones y hacen hincapi\u00e9 en que no trabajaban para dicha fundaci\u00f3n, sino que \u00danicamme &hellip;<\/p>\n","protected":false},"author":1,"featured_media":18328,"comment_status":"open","ping_status":"open","sticky":false,"template":"","format":"standard","meta":{"fifu_image_url":"https:\/\/static.dw.com\/image\/70391397_6.jpg","fifu_image_alt":"","footnotes":""},"categories":[13],"tags":[],"class_list":["post-18327","post","type-post","status-publish","format-standard","has-post-thumbnail","","category-mundo"],"_links":{"self":[{"href":"https:\/\/noticiasveraces.com\/index.php?rest_route=\/wp\/v2\/posts\/18327","targetHints":{"allow":["GET"]}}],"collection":[{"href":"https:\/\/noticiasveraces.com\/index.php?rest_route=\/wp\/v2\/posts"}],"about":[{"href":"https:\/\/noticiasveraces.com\/index.php?rest_route=\/wp\/v2\/types\/post"}],"author":[{"embeddable":true,"href":"https:\/\/noticiasveraces.com\/index.php?rest_route=\/wp\/v2\/users\/1"}],"replies":[{"embeddable":true,"href":"https:\/\/noticiasveraces.com\/index.php?rest_route=%2Fwp%2Fv2%2Fcomments&post=18327"}],"version-history":[{"count":0,"href":"https:\/\/noticiasveraces.com\/index.php?rest_route=\/wp\/v2\/posts\/18327\/revisions"}],"wp:featuredmedia":[{"embeddable":true,"href":"https:\/\/noticiasveraces.com\/index.php?rest_route=\/wp\/v2\/media\/18328"}],"wp:attachment":[{"href":"https:\/\/noticiasveraces.com\/index.php?rest_route=%2Fwp%2Fv2%2Fmedia&parent=18327"}],"wp:term":[{"taxonomy":"category","embeddable":true,"href":"https:\/\/noticiasveraces.com\/index.php?rest_route=%2Fwp%2Fv2%2Fcategories&post=18327"},{"taxonomy":"post_tag","embeddable":true,"href":"https:\/\/noticiasveraces.com\/index.php?rest_route=%2Fwp%2Fv2%2Ftags&post=18327"}],"curies":[{"name":"wp","href":"https:\/\/api.w.org\/{rel}","templated":true}]}}